{"id":272314,"date":"2025-12-05T10:39:08","date_gmt":"2025-12-05T10:39:08","guid":{"rendered":"https:\/\/www.europesays.com\/es\/272314\/"},"modified":"2025-12-05T10:39:08","modified_gmt":"2025-12-05T10:39:08","slug":"las-10-mejores-peliculas-y-series-de-2025-segun-el-american-film-institute","status":"publish","type":"post","link":"https:\/\/www.europesays.com\/es\/272314\/","title":{"rendered":"Las 10 mejores pel\u00edculas y series de 2025, seg\u00fan el American Film Institute"},"content":{"rendered":"<p class=\"paragraph\"><b>Una batalla tras otra<\/b>, de Paul Thomas Anderson; <b>Los pecadores<\/b>, de Ryan Coogler, y <b>Frankenstein<\/b>, de Guillermo del Toro, se encuentran entre las <b>10 mejores pel\u00edculas<\/b> del a\u00f1o, seg\u00fan el American Film Institute, anunci\u00f3 la organizaci\u00f3n este jueves.<\/p>\n<p class=\"paragraph\">El resto de las pel\u00edculas galardonadas de los Premios AFI 2025 son <b>Avatar: fuego y ceniza<\/b>, de James Cameron; Bugonia, de Yorgos Lanthimos; Hamnet, de Chlo\u00e9 Zhao; Jay Kelly, de Noah Baumbach; Marty Supreme, de Josh Safdie; Train Dreams, de Clint Bentley; y <b>Wicked: For Good<\/b>, de Jon M. Chu.<\/p>\n<p class=\"c-detail__media__subtitle composite_image\">\n<p>        Erin Doherty y Owen Cooper, en una escena de la serie AdolescenciaNetflix<\/p>\n<p class=\"paragraph\">El instituto tambi\u00e9n hizo una selecci\u00f3n de los <b>10 mejores programas de televisi\u00f3n<\/b> del a\u00f1o, entre los que destacaron <b>Adolescencia <\/b>(Netflix); Andor (Disney+); Muerte por un rayo (Netflix); La Diplom\u00e1tica (Netflix); The Lowdown (FX) o The Pitt (Max).<\/p>\n<p class=\"paragraph\">Las otras series galardonadas son las de Apple TV+ Pluribus, Desmembrados  y <b>The Studio<\/b>, as\u00ed como la serie de Max Task.<\/p>\n<p class=\"paragraph\">Cada a\u00f1o el AFI elige 20 proyectos audiovisuales \u00abexcepcionales, considerados cultural y art\u00edsticamente representativos de los logros m\u00e1s significativos de este a\u00f1o en el arte de la imagen en movimiento\u00bb.<\/p>\n<p class=\"paragraph\">Los homenajeados se reunir\u00e1n y ser\u00e1n reconocidos el viernes <b>9 de enero de 2026<\/b>, en el almuerzo privado anual de los AFI Awards en el <b>Four Seasons de Los \u00c1ngeles<\/b>, en Beverly Hills.<\/p>\n<p class=\"paragraph\">El jurado encargado de la selecci\u00f3n \u2013uno para cine y otro para televisi\u00f3n\u2013 cont\u00f3 con la participaci\u00f3n de artistas destacados de la industria, acad\u00e9micos y cr\u00edticos de cine y televisi\u00f3n.<\/p>\n","protected":false},"excerpt":{"rendered":"Una batalla tras otra, de Paul Thomas Anderson; Los pecadores, de Ryan Coogler, y Frankenstein, de Guillermo del&hellip;\n","protected":false},"author":2,"featured_media":272315,"comment_status":"","ping_status":"","sticky":false,"template":"","format":"standard","meta":{"footnotes":""},"categories":[169],"tags":[177,146,147,25,24,176,175,23],"class_list":{"0":"post-272314","1":"post","2":"type-post","3":"status-publish","4":"format-standard","5":"has-post-thumbnail","7":"category-cine","8":"tag-cine","9":"tag-entertainment","10":"tag-entretenimiento","11":"tag-es","12":"tag-espana","13":"tag-film","14":"tag-movies","15":"tag-spain"},"share_on_mastodon":{"url":"https:\/\/pubeurope.com\/@es\/115666535436795653","error":""},"_links":{"self":[{"href":"https:\/\/www.europesays.com\/es\/wp-json\/wp\/v2\/posts\/272314","targetHints":{"allow":["GET"]}}],"collection":[{"href":"https:\/\/www.europesays.com\/es\/wp-json\/wp\/v2\/posts"}],"about":[{"href":"https:\/\/www.europesays.com\/es\/wp-json\/wp\/v2\/types\/post"}],"author":[{"embeddable":true,"href":"https:\/\/www.europesays.com\/es\/wp-json\/wp\/v2\/users\/2"}],"replies":[{"embeddable":true,"href":"https:\/\/www.europesays.com\/es\/wp-json\/wp\/v2\/comments?post=272314"}],"version-history":[{"count":0,"href":"https:\/\/www.europesays.com\/es\/wp-json\/wp\/v2\/posts\/272314\/revisions"}],"wp:featuredmedia":[{"embeddable":true,"href":"https:\/\/www.europesays.com\/es\/wp-json\/wp\/v2\/media\/272315"}],"wp:attachment":[{"href":"https:\/\/www.europesays.com\/es\/wp-json\/wp\/v2\/media?parent=272314"}],"wp:term":[{"taxonomy":"category","embeddable":true,"href":"https:\/\/www.europesays.com\/es\/wp-json\/wp\/v2\/categories?post=272314"},{"taxonomy":"post_tag","embeddable":true,"href":"https:\/\/www.europesays.com\/es\/wp-json\/wp\/v2\/tags?post=272314"}],"curies":[{"name":"wp","href":"https:\/\/api.w.org\/{rel}","templated":true}]}}