{"id":272317,"date":"2025-12-05T10:41:13","date_gmt":"2025-12-05T10:41:13","guid":{"rendered":"https:\/\/www.europesays.com\/es\/272317\/"},"modified":"2025-12-05T10:41:13","modified_gmt":"2025-12-05T10:41:13","slug":"de-grupos-de-riesgo-a-una-estrategia-para-toda-la-poblacion","status":"publish","type":"post","link":"https:\/\/www.europesays.com\/es\/272317\/","title":{"rendered":"de grupos de riesgo a una estrategia para toda la poblaci\u00f3n"},"content":{"rendered":"<p data-start=\"694\" data-end=\"1151\">Espa\u00f1a ha entrado oficialmente en epidemia de gripe y, con ella, vuelve la misma escena de cada invierno: salas de espera llenas, mascarillas recomendadas y un virus que avanza por las autopistas sociales del pa\u00eds. Lo novedoso este a\u00f1o no es el brote, sino el cambio de rumbo en la vacunaci\u00f3n. Tras d\u00e9cadas centrada en ancianos y poblaci\u00f3n de riesgo, Espa\u00f1a comienza a abrir la puerta a una estrategia que apunta m\u00e1s lejos: proteger a toda la comunidad.<\/p>\n<p> Por qu\u00e9 se reconsidera el modelo actual <\/p>\n<p data-start=\"1197\" data-end=\"1644\">Hasta ahora, la vacunaci\u00f3n se dirig\u00eda principalmente a mayores, sanitarios,<a href=\"https:\/\/es.gizmodo.com\/una-bacteria-jamas-vista-en-la-tierra-aparece-en-la-estacion-espacial-china-nacio-en-el-espacio-2000168108\" rel=\"nofollow noopener\" target=\"_blank\"> inmunodeprimidos<\/a> y ni\u00f1os peque\u00f1os. Los menores de seis a\u00f1os entraron en campa\u00f1as recientes por un motivo poderoso: aunque padecen s\u00edntomas leves, son transmisores eficientes, capaces de contagiar durante d\u00edas mientras apenas muestran malestar. Protegerlos reduce la circulaci\u00f3n del virus y, por extensi\u00f3n, el riesgo para quienes s\u00ed pueden enfermar gravemente.<\/p>\n<p data-start=\"1646\" data-end=\"1898\">Sin embargo, especialistas advierten que vacunar solo a una franja de la poblaci\u00f3n deja brechas abiertas. El virus circula, muta y encuentra tiempo para reforzarse. El resultado: epidemias recurrentes que vuelven cada temporada con fuerza renovada.<\/p>\n<p> <img loading=\"lazy\" decoding=\"async\" class=\"size-full wp-image-2000208274\" src=\"https:\/\/www.europesays.com\/es\/wp-content\/uploads\/2025\/12\/Gizmodo-8-1.jpg\" alt=\"Espa\u00f1a amplia la vacunaci\u00f3n contra la gripe: de grupos de riesgo a una estrategia para toda la poblaci\u00f3n\" width=\"1500\" height=\"1000\"  \/>\u00a9 FreePik La propuesta: vacunaci\u00f3n masiva y preventiva <\/p>\n<p data-start=\"1949\" data-end=\"2059\">La<a href=\"https:\/\/vacunas.org\/\" rel=\"nofollow noopener\" target=\"_blank\"> Asociaci\u00f3n Espa\u00f1ola de Vacunolog\u00eda (AEV)<\/a> y el Comit\u00e9 Asesor de Vacunas de la AEP lo resumen con claridad:<\/p>\n<blockquote data-start=\"2060\" data-end=\"2141\">\n<p data-start=\"2062\" data-end=\"2141\">\u201cMientras la cobertura no sea amplia, el virus siempre tendr\u00e1 por d\u00f3nde pasar.\u201d<\/p>\n<\/blockquote>\n<p data-start=\"2143\" data-end=\"2399\">Su planteo coincide con recomendaciones del ECDC y la OMS, que instan a ampliar la inmunizaci\u00f3n tambi\u00e9n a j\u00f3venes, convivientes y poblaci\u00f3n activa. Cuanta m\u00e1s gente vacunada al inicio de la ola, menos combustible tiene la gripe para propagarse.<\/p>\n<p data-start=\"2401\" data-end=\"2564\">El Ministerio de Sanidad ya ha dado se\u00f1ales. M\u00f3nica Garc\u00eda ha pedido que toda la poblaci\u00f3n se vacune, y algunas comunidades han respondido acelerando el proceso.<\/p>\n<p> Comunidades que ya han abierto la vacunaci\u00f3n a cualquiera  <\/p>\n<p data-start=\"2876\" data-end=\"2948\">El mensaje impl\u00edcito es claro: si quieres vacunarte, puedes hacerlo.<\/p>\n<p> <img loading=\"lazy\" decoding=\"async\" class=\"size-full wp-image-2000208275\" src=\"https:\/\/www.europesays.com\/es\/wp-content\/uploads\/2025\/12\/Gizmodo-9-1.jpg\" alt=\"Espa\u00f1a amplia la vacunaci\u00f3n contra la gripe: de grupos de riesgo a una estrategia para toda la poblaci\u00f3n\" width=\"1500\" height=\"1000\"  \/>\u00a9 FreePik Cu\u00e1ndo conviene hacerlo <\/p>\n<p data-start=\"2978\" data-end=\"3249\">La vacuna no act\u00faa al instante. Se necesitan unas semanas para desarrollar protecci\u00f3n \u00f3ptima, de modo que cuanto antes se administre, mejor. Con el pico previsto para Navidad \u2014el momento con m\u00e1s reuniones en interiores\u2014, inmunizarse ahora podr\u00eda marcar la diferencia.<\/p>\n<p data-start=\"3256\" data-end=\"3506\">Espa\u00f1a se mueve hacia un modelo m\u00e1s preventivo y comunitario. Vacunarse ya no es solo protegerse uno mismo, <a href=\"https:\/\/es.gizmodo.com\/treinta-anos-despues-espana-revive-la-pesadilla-porcina-que-creia-enterrada-2000207686\" rel=\"nofollow noopener\" target=\"_blank\">sino contribuir a cortar la cadena de contagios<\/a>. El futuro de la campa\u00f1a antigripal podr\u00eda no depender solo de los mayores, sino de todos.<\/p>\n<p data-start=\"3256\" data-end=\"3506\">Fuente: <a href=\"https:\/\/www.xataka.com\/\" rel=\"nofollow noopener\" target=\"_blank\">Xataka.<\/a><\/p>\n","protected":false},"excerpt":{"rendered":"Espa\u00f1a ha entrado oficialmente en epidemia de gripe y, con ella, vuelve la misma escena de cada invierno:&hellip;\n","protected":false},"author":2,"featured_media":272318,"comment_status":"","ping_status":"","sticky":false,"template":"","format":"standard","meta":{"footnotes":""},"categories":[92],"tags":[25,24,165,166,23],"class_list":{"0":"post-272317","1":"post","2":"type-post","3":"status-publish","4":"format-standard","5":"has-post-thumbnail","7":"category-salud","8":"tag-es","9":"tag-espana","10":"tag-health","11":"tag-salud","12":"tag-spain"},"share_on_mastodon":{"url":"https:\/\/pubeurope.com\/@es\/115666543555002870","error":""},"_links":{"self":[{"href":"https:\/\/www.europesays.com\/es\/wp-json\/wp\/v2\/posts\/272317","targetHints":{"allow":["GET"]}}],"collection":[{"href":"https:\/\/www.europesays.com\/es\/wp-json\/wp\/v2\/posts"}],"about":[{"href":"https:\/\/www.europesays.com\/es\/wp-json\/wp\/v2\/types\/post"}],"author":[{"embeddable":true,"href":"https:\/\/www.europesays.com\/es\/wp-json\/wp\/v2\/users\/2"}],"replies":[{"embeddable":true,"href":"https:\/\/www.europesays.com\/es\/wp-json\/wp\/v2\/comments?post=272317"}],"version-history":[{"count":0,"href":"https:\/\/www.europesays.com\/es\/wp-json\/wp\/v2\/posts\/272317\/revisions"}],"wp:featuredmedia":[{"embeddable":true,"href":"https:\/\/www.europesays.com\/es\/wp-json\/wp\/v2\/media\/272318"}],"wp:attachment":[{"href":"https:\/\/www.europesays.com\/es\/wp-json\/wp\/v2\/media?parent=272317"}],"wp:term":[{"taxonomy":"category","embeddable":true,"href":"https:\/\/www.europesays.com\/es\/wp-json\/wp\/v2\/categories?post=272317"},{"taxonomy":"post_tag","embeddable":true,"href":"https:\/\/www.europesays.com\/es\/wp-json\/wp\/v2\/tags?post=272317"}],"curies":[{"name":"wp","href":"https:\/\/api.w.org\/{rel}","templated":true}]}}