{"id":272319,"date":"2025-12-05T10:42:09","date_gmt":"2025-12-05T10:42:09","guid":{"rendered":"https:\/\/www.europesays.com\/es\/272319\/"},"modified":"2025-12-05T10:42:09","modified_gmt":"2025-12-05T10:42:09","slug":"foco-norte-clausura-su-septima-edicion-con-un-encuentro-abierto-al-publico-con-dos-de-los-directores-de-casting-mas-reconocidos-de-nuestro-pais-rosa-estevez-y-luis-gimeno-2","status":"publish","type":"post","link":"https:\/\/www.europesays.com\/es\/272319\/","title":{"rendered":"Foco Norte clausura su s\u00e9ptima edici\u00f3n con un encuentro abierto al p\u00fablico con dos de los directores de casting m\u00e1s reconocidos de nuestro pa\u00eds: Rosa Est\u00e9vez y Luis Gimeno"},"content":{"rendered":"<p style=\"text-align:justify;\">La programaci\u00f3n de la s\u00e9ptima de edici\u00f3n de Foco Norte, un proyecto basado en la creaci\u00f3n, la formaci\u00f3n y la divulgaci\u00f3n audiovisual, concluir\u00e1 este s\u00e1bado 6 de diciembre en la Escuela de Cine y Televisi\u00f3n de Santander, con la celebraci\u00f3n de un encuentro abierto al p\u00fablico protagonizado por Rosa Est\u00e9vez y Luis Gimeno, dos de los directores de casting m\u00e1s importantes de nuestro pa\u00eds.<\/p>\n<p style=\"text-align:justify;\">Foco Norte es una de las iniciativas que impulsa la empresa cultural Laboratorio Creativo Audiovisual, responsable tambi\u00e9n de la Escuela de Cine y Televisi\u00f3n de Cantabria; fundada y dirigida por el actor Javier Cifri\u00e1n y coordinada por la gestora cultural Carmen Guti\u00e9rrez.<\/p>\n<p style=\"text-align:justify;\">Este a\u00f1o, Foco Norte ha sido reconocido en la convocatoria de subvenciones p\u00fablicas de la FSC ; concretamente en la modalidad Cultura Trayectoria, dirigida a proyectos ya asentados en la ciudad. Adem\u00e1s, tambi\u00e9n cuenta con la financiaci\u00f3n de la Concejal\u00eda de Cultura del Ayuntamiento de Santander.<\/p>\n<p style=\"text-align:justify;\">En el encuentro programado este s\u00e1bado a las 21:30 horas, la ciudadan\u00eda podr\u00e1 conocer c\u00f3mo funciona el proceso de casting en una serie de ficci\u00f3n y c\u00f3mo se logra elegir a los actores m\u00e1s id\u00f3neos para interpretar a cada personaje. Est\u00e9vez y Gimeno han dirigido, entre otros trabajos, el casting de la serie \u201cYo, adicto\u201d, cuyo protagonista, Oriol Pla, acaba de ser galardonado con el Premio Emmy Internacional a la Mejor Interpretaci\u00f3n Masculina.<\/p>\n<p style=\"text-align:justify;\">Adem\u00e1s, seg\u00fan cuenta Carmen Guti\u00e9rrez, estos dos reconocidos profesionales de dilatada trayectoria han dirigido el casting de series rodadas en Cantabria como \u201cLa Verdad\u201d y \u201cSegunda muerte\u201d. \u201cSon muy apreciados por el tejido actoral c\u00e1ntabro y sus cursos siempre tienen muy buena acogida\u201d, se\u00f1ala Guti\u00e9rrez.\u00a0<\/p>\n<p style=\"text-align:justify;\">As\u00ed, adem\u00e1s del encuentro abierto al p\u00fablico, estos d\u00edas ofrecer\u00e1n un curso de casting y entrenamiento actoral para el que ya no quedan plazas. El prop\u00f3sito de Foco Norte es ofrecer un espacio de aprendizaje pr\u00e1ctico, conexi\u00f3n profesional y reflexi\u00f3n sobre los procesos creativos que hacen posible el cine y la ficci\u00f3n televisiva a trav\u00e9s de un formato de actividades intensivas que combinan talleres, charlas y encuentros con expertos del sector.<\/p>\n<p style=\"text-align:justify;\">Este a\u00f1o, como novedad, se ha programado una actividad junto a Ricardo A. Solla, director de \u201cLa que se avecina\u201d, en el que los participantes abordaron el rodaje de una sitcom (comedia de situaci\u00f3n). Adem\u00e1s, el reconocido director de cine Fernando Colomo, ofreci\u00f3 un cuso intensivo el pasado abril y los asistentes pudieron trabajar y grabar varias secuencias bajo su atenta mirada.\u00a0<\/p>\n<p style=\"text-align:justify;\">Un taller intensivo sobre teatro musical de la mano de la actriz y cantante Mary Capel o la clases de Tonucha Vidal, directora de casting en The MediaPro Studio y Javier Luna, director de series de televisi\u00f3n, son algunas de las propuestas que han integrado la s\u00e9ptima edici\u00f3n de este programa de formaci\u00f3n.<\/p>\n<p style=\"text-align:justify;\">*M\u00e1s informaci\u00f3n en <a href=\"https:\/\/www.escuelacineytv.com\/\" rel=\"nofollow noopener\" target=\"_blank\">https:\/\/www.escuelacineytv.com\/<\/a><\/p>\n<p style=\"text-align:justify;\">*Im\u00e1genes: 1. Rosa Est\u00e9vez y Luis Gimeno. 2. Fernando Colomo en el curso que ofreci\u00f3 en Foco Norte.3. Tonucha Vidal junto a participantes de Foco Norte. 4. Mary Capel junto a los integrantes del cuso de teatro musical.<\/p>\n","protected":false},"excerpt":{"rendered":"La programaci\u00f3n de la s\u00e9ptima de edici\u00f3n de Foco Norte, un proyecto basado en la creaci\u00f3n, la formaci\u00f3n&hellip;\n","protected":false},"author":2,"featured_media":272221,"comment_status":"","ping_status":"","sticky":false,"template":"","format":"standard","meta":{"footnotes":""},"categories":[91],"tags":[146,147,25,24,23],"class_list":{"0":"post-272319","1":"post","2":"type-post","3":"status-publish","4":"format-standard","5":"has-post-thumbnail","7":"category-entretenimiento","8":"tag-entertainment","9":"tag-entretenimiento","10":"tag-es","11":"tag-espana","12":"tag-spain"},"share_on_mastodon":{"url":"https:\/\/pubeurope.com\/@es\/115666547239489153","error":""},"_links":{"self":[{"href":"https:\/\/www.europesays.com\/es\/wp-json\/wp\/v2\/posts\/272319","targetHints":{"allow":["GET"]}}],"collection":[{"href":"https:\/\/www.europesays.com\/es\/wp-json\/wp\/v2\/posts"}],"about":[{"href":"https:\/\/www.europesays.com\/es\/wp-json\/wp\/v2\/types\/post"}],"author":[{"embeddable":true,"href":"https:\/\/www.europesays.com\/es\/wp-json\/wp\/v2\/users\/2"}],"replies":[{"embeddable":true,"href":"https:\/\/www.europesays.com\/es\/wp-json\/wp\/v2\/comments?post=272319"}],"version-history":[{"count":0,"href":"https:\/\/www.europesays.com\/es\/wp-json\/wp\/v2\/posts\/272319\/revisions"}],"wp:featuredmedia":[{"embeddable":true,"href":"https:\/\/www.europesays.com\/es\/wp-json\/wp\/v2\/media\/272221"}],"wp:attachment":[{"href":"https:\/\/www.europesays.com\/es\/wp-json\/wp\/v2\/media?parent=272319"}],"wp:term":[{"taxonomy":"category","embeddable":true,"href":"https:\/\/www.europesays.com\/es\/wp-json\/wp\/v2\/categories?post=272319"},{"taxonomy":"post_tag","embeddable":true,"href":"https:\/\/www.europesays.com\/es\/wp-json\/wp\/v2\/tags?post=272319"}],"curies":[{"name":"wp","href":"https:\/\/api.w.org\/{rel}","templated":true}]}}