{"id":272324,"date":"2025-12-05T10:45:15","date_gmt":"2025-12-05T10:45:15","guid":{"rendered":"https:\/\/www.europesays.com\/es\/272324\/"},"modified":"2025-12-05T10:45:15","modified_gmt":"2025-12-05T10:45:15","slug":"un-nuevo-ataque-de-eeuu-a-una-supuesta-narcolancha-en-el-pacifico-causa-cuatro-muertos","status":"publish","type":"post","link":"https:\/\/www.europesays.com\/es\/272324\/","title":{"rendered":"Un nuevo ataque de EEUU a una supuesta narcolancha en el Pac\u00edfico causa cuatro muertos"},"content":{"rendered":"<p>    <img src=\"https:\/\/www.europesays.com\/es\/wp-content\/uploads\/2025\/12\/2025-12-05T103A073A21Z-90588824.jpg\" width=\"1024\" height=\"591\" alt=\"\" loading=\"eager\" decoding=\"sync\" fetchpriority=\"high\"\/><\/p>\n<p>            afp_tickers        <\/p>\n<p>        Este contenido fue publicado en    <\/p>\n<p>        05 diciembre 2025 &#8211; 11:07\n<\/p>\n<p>Un nuevo ataque del ej\u00e9rcito estadounidense contra una lancha que supuestamente estaba cargada de droga en el oc\u00e9ano Pac\u00edfico oriental caus\u00f3 la muerte de cuatro personas el jueves, en medio de una creciente controversia sobre una ofensiva que ha dejado al menos 87 muertos.<\/p>\n<p>El secretario de Defensa de EEUU, Pete Hegseth, y la administraci\u00f3n del presidente Donald Trump han sido especialmente criticados por un incidente el 2 de septiembre en el que las fuerzas estadounidenses atacaron los restos de una embarcaci\u00f3n que ya hab\u00eda sido impactada, matando a dos sobrevivientes.<\/p>\n<p>Un destacado legislador dem\u00f3crata que vio im\u00e1genes de ese incidente el jueves dijo que mostraban un ataque estadounidense a \u00abmarinos naufragados\u00bb, mientras que otros lo han descrito como un posible crimen de guerra.<\/p>\n<p>El jueves, el Comando Sur de Estados Unidos inform\u00f3 en X que \u00ablos servicios de inteligencia confirmaron que la lancha transportaba narc\u00f3ticos il\u00edcitos y transitaba por una ruta conocida de narcotr\u00e1fico en el Pac\u00edfico oriental\u00bb.\u00a0<\/p>\n<p>\u00abCuatro narcoterroristas varones a bordo del barco murieron\u00bb, a\u00f1adi\u00f3.\u00a0<\/p>\n<p>La publicaci\u00f3n inclu\u00eda un video que mostraba una lancha de varios motores cruzando el mar a gran velocidad antes de ser impactada por una explosi\u00f3n que dej\u00f3 la embarcaci\u00f3n en llamas.<\/p>\n<p>Hasta ahora la veintena de ataques han causado al menos 87 muertos, y Trump ha asegurado que \u00abmuy pronto\u00bb la ofensiva pasar\u00e1 a tierra.<\/p>\n<p>M\u00e1s temprano, el almirante estadounidense que orden\u00f3 un segundo bombardeo contra una presunta narcolancha en el Caribe en la que murieron en total once personas compareci\u00f3 en el Congreso, donde fue cuestionado sobre la legalidad de su decisi\u00f3n.<\/p>\n<p>Jefe del Comando de Fuerzas de Operaciones Especiales, Frank Bradley present\u00f3 a los congresistas a puerta cerrada im\u00e1genes del ataque.<\/p>\n<p>El video \u00abmostr\u00f3 a las fuerzas militares estadounidenses atacando a marinos naufragados\u00bb, denunci\u00f3 el representante dem\u00f3crata Jim Himes, miembro del comit\u00e9 de Inteligencia, a periodistas.<\/p>\n<p>El primer misil destruy\u00f3 la embarcaci\u00f3n, y luego un segundo misil mat\u00f3 a dos sobrevivientes, unos hechos reconocidos por la Casa Blanca.<\/p>\n<p>Es \u00abuna de las cosas m\u00e1s perturbadoras que he visto en toda mi carrera como servidor p\u00fablico\u00bb, a\u00f1adi\u00f3 el dem\u00f3crata.<\/p>\n<p>\u2013 \u00abTipos malos\u00bb \u2013<\/p>\n<p>La audiencia se produjo a solicitud de republicanos, que ostentan la mayor\u00eda en ambas c\u00e1maras del Congreso, y de la oposici\u00f3n dem\u00f3crata.<\/p>\n<p>Los dos sobrevivientes eran \u00abtipos malos\u00bb, dijo el representante dem\u00f3crata.\u00a0Pero el video muestra \u00aba dos individuos claramente desesperados, sin medios para desplazarse, con una embarcaci\u00f3n destruida, que fueron asesinados por Estados Unidos\u00bb, a\u00f1adi\u00f3.<\/p>\n<p>Fue un \u00abataque legal\u00bb, defendi\u00f3 en cambio el senador republicano Tom Cotton, presidente del comit\u00e9 selecto de inteligencia, tambi\u00e9n a reporteros.<\/p>\n<p>Ese doble impacto, en el primer ataque de Estados Unidos contra lanchas en el Caribe, ha causado pol\u00e9mica dentro y fuera de Washington.\u00a0<\/p>\n<p>Opositores dem\u00f3cratas y organizaciones de defensa de los derechos humanos acusan al Pent\u00e1gono de haber cometido un crimen de guerra al matar en el agua a dos sobrevivientes.<\/p>\n<p>Un representante republicano, Don Bacon, declar\u00f3 a CNN que \u00abesas dos personas estaban intentando sobrevivir y nuestras (\u2026) reglas de combate no nos permiten matar a sobrevivientes\u00bb.<\/p>\n<p>\u00abEste tipo de videos han sido publicados durante 25 a\u00f1os. Todos hemos visto videos de ataques con drones o desde helic\u00f3pteros contra grupos terroristas en Afganist\u00e1n, o Siria, o Irak\u00bb, declar\u00f3 Cotton, para quien \u00abel 2 de septiembre no hubo ning\u00fan cambio de protocolo\u00bb.<\/p>\n<p>Trump declar\u00f3 a los c\u00e1rteles narcotraficantes que operan en Latinoam\u00e9rica grupos terroristas al inicio de su segundo mandato.<\/p>\n<p>\u2013 \u00abMatarlos a todos\u00bb\u00a0\u2013<\/p>\n<p>A medida que los ataques en el Caribe se han ido prolongando, la pol\u00e9mica ha crecido en toda la regi\u00f3n.<\/p>\n<p>Venezuela es el pa\u00eds m\u00e1s directamente concernido por esta escalada sin precedentes, para la que Estados Unidos ha desplegado una flotilla de casi una veintena de naves, en el Atl\u00e1ntico y el Pac\u00edfico, adem\u00e1s de cazas en Puerto Rico y miles de marines.<\/p>\n<p>El papel del jefe del Pent\u00e1gono, Pete Hegseth, es objeto de una pol\u00e9mica aparte en este doble ataque.<\/p>\n<p>El diario Washington Post, citando fuentes militares an\u00f3nimas, asegur\u00f3 que Hegseth dio la orden de \u00abmatarlos a todos\u00bb.<\/p>\n<p>El diario New York Times se\u00f1al\u00f3 sin embargo el 1 de diciembre que Hegseth \u00aborden\u00f3 un ataque letal pero no el asesinato de sobrevivientes\u00bb.<\/p>\n<p>El representante dem\u00f3crata Himes dijo a periodistas este jueves que el almirante asegur\u00f3 en la audiencia a puerta cerrada que Hegseth no orden\u00f3 la muerte de todos los que estaban a bordo de la embarcaci\u00f3n.<\/p>\n<p>Hegseth declar\u00f3 esta semana que no estaba presente en la sala de operaciones durante el segundo ataque.<\/p>\n<p>rle-wd-jz\/atm\/nn<\/p>\n","protected":false},"excerpt":{"rendered":"afp_tickers Este contenido fue publicado en 05 diciembre 2025 &#8211; 11:07 Un nuevo ataque del ej\u00e9rcito estadounidense contra&hellip;\n","protected":false},"author":2,"featured_media":272325,"comment_status":"","ping_status":"","sticky":false,"template":"","format":"standard","meta":{"footnotes":""},"categories":[42],"tags":[11642,17,18,636,11892,11643,27495,13,14,4437,11,61,62,63,64,19,20,7657,9,10,15,16,88,90,12,21,22,65,66,67],"class_list":{"0":"post-272324","1":"post","2":"type-post","3":"status-publish","4":"format-standard","5":"has-post-thumbnail","7":"category-internacional","8":"tag-armed-forces","9":"tag-breaking-news","10":"tag-breakingnews","11":"tag-conflict","12":"tag-crime","13":"tag-defence","14":"tag-drug-trafficking","15":"tag-featured-news","16":"tag-featurednews","17":"tag-government","18":"tag-headlines","19":"tag-internacional","20":"tag-international","21":"tag-international-news","22":"tag-internationalnews","23":"tag-latest-news","24":"tag-latestnews","25":"tag-law-and-order","26":"tag-news","27":"tag-noticias","28":"tag-noticias-destacadas","29":"tag-noticiasdestacadas","30":"tag-politics","31":"tag-ticker","32":"tag-titulares","33":"tag-ultimas-noticias","34":"tag-ultimasnoticias","35":"tag-world","36":"tag-world-news","37":"tag-worldnews"},"share_on_mastodon":{"url":"https:\/\/pubeurope.com\/@es\/115666559388806813","error":""},"_links":{"self":[{"href":"https:\/\/www.europesays.com\/es\/wp-json\/wp\/v2\/posts\/272324","targetHints":{"allow":["GET"]}}],"collection":[{"href":"https:\/\/www.europesays.com\/es\/wp-json\/wp\/v2\/posts"}],"about":[{"href":"https:\/\/www.europesays.com\/es\/wp-json\/wp\/v2\/types\/post"}],"author":[{"embeddable":true,"href":"https:\/\/www.europesays.com\/es\/wp-json\/wp\/v2\/users\/2"}],"replies":[{"embeddable":true,"href":"https:\/\/www.europesays.com\/es\/wp-json\/wp\/v2\/comments?post=272324"}],"version-history":[{"count":0,"href":"https:\/\/www.europesays.com\/es\/wp-json\/wp\/v2\/posts\/272324\/revisions"}],"wp:featuredmedia":[{"embeddable":true,"href":"https:\/\/www.europesays.com\/es\/wp-json\/wp\/v2\/media\/272325"}],"wp:attachment":[{"href":"https:\/\/www.europesays.com\/es\/wp-json\/wp\/v2\/media?parent=272324"}],"wp:term":[{"taxonomy":"category","embeddable":true,"href":"https:\/\/www.europesays.com\/es\/wp-json\/wp\/v2\/categories?post=272324"},{"taxonomy":"post_tag","embeddable":true,"href":"https:\/\/www.europesays.com\/es\/wp-json\/wp\/v2\/tags?post=272324"}],"curies":[{"name":"wp","href":"https:\/\/api.w.org\/{rel}","templated":true}]}}