{"id":272326,"date":"2025-12-05T10:46:09","date_gmt":"2025-12-05T10:46:09","guid":{"rendered":"https:\/\/www.europesays.com\/es\/272326\/"},"modified":"2025-12-05T10:46:09","modified_gmt":"2025-12-05T10:46:09","slug":"estas-de-acuerdo-con-la-decision-de-rtve-de-no-participar-en-eurovision-por-la-permanencia-de-israel","status":"publish","type":"post","link":"https:\/\/www.europesays.com\/es\/272326\/","title":{"rendered":"\u00bfEst\u00e1s de acuerdo con la decisi\u00f3n de RTVE de no participar en Eurovisi\u00f3n por la permanencia de Israel?"},"content":{"rendered":"<p>05\/12\/2025<br \/>\n<br \/><strong><br \/>\nActualizado a las 11:29h.<br \/>\n<\/strong><\/p>\n<p><a class=\"voc-social__icon voc-social__icon--circle voc-social--fb\" data-voc-share-fb=\"\" data-voc-vtm-id=\"compartirrrss\" data-voc-vtm-info=\"fixed-facebook\" title=\"Compartir en Facebook\"><\/p>\n<p><\/a><br \/>\n<a class=\"voc-social__icon voc-social__icon--circle voc-social--tw\" data-voc-share-tw=\"\" data-voc-vtm-id=\"compartirrrss\" data-voc-vtm-info=\"fixed-twitter\" title=\"Compartir en X\"><\/p>\n<p><\/a><\/p>\n<p>Compartir<\/p>\n<ul class=\"voc-share-social__list\">\n<li class=\"voc-share-social__item\">\n<a class=\"voc-share-social__link\" data-voc-share-cb=\"\" data-voc-vtm-id=\"compartirrrss\" data-voc-vtm-info=\"fixed-link\" data-voc-anchor-id=\"\"><\/p>\n<p class=\"voc-share-social__paragraph\">Copiar enlace<\/p>\n<p><\/a>\n<\/li>\n<li class=\"voc-share-social__item\">\n<a class=\"voc-share-social__link\" data-voc-share-fb=\"\" data-voc-vtm-id=\"compartirrrss\" data-voc-vtm-info=\"fixed-facebook\" data-voc-anchor-id=\"\"><\/p>\n<p class=\"voc-share-social__paragraph\">Facebook<\/p>\n<p><\/a>\n<\/li>\n<li class=\"voc-share-social__item\">\n<a class=\"voc-share-social__link\" data-voc-share-tw=\"\" data-voc-vtm-id=\"compartirrrss\" data-voc-vtm-info=\"fixed-twitter\" data-voc-anchor-id=\"\"><\/p>\n<p class=\"voc-share-social__paragraph\">X<\/p>\n<p><\/a>\n<\/li>\n<li class=\"voc-share-social__item\">\n<a class=\"voc-share-social__link\" data-voc-share-wa=\"\" data-voc-vtm-id=\"compartirrrss\" data-voc-vtm-info=\"fixed-whatsapp\" data-voc-anchor-id=\"\"><\/p>\n<p class=\"voc-share-social__paragraph\">Whatsapp<\/p>\n<p><\/a>\n<\/li>\n<li class=\"voc-share-social__item\">\n<p class=\"voc-share-social__paragraph\">Email<\/p>\n<\/li>\n<\/ul>\n<p class=\"voc-save-news__paragraph\">Esta funcionalidad es s\u00f3lo para registrados<\/p>\n<p>      <a href=\"https:\/\/secure.abc.es\/identidad\/inicio\" class=\"voc-btn voc-btn--w voc-btn--xs voc-save-news__btn gigya-login-link\" title=\"Iniciar Sessi\u00f3n\" rel=\"nofollow noopener\" target=\"_blank\"><br \/>\nIniciar sesi\u00f3n<br \/>\n<\/a><\/p>\n<p class=\"voc-save-news__paragraph\">Esta funcionalidad es s\u00f3lo para suscriptores<\/p>\n<p><a href=\"https:\/\/secure.abc.es\/suscripcion#vca=suscribete&amp;vso=abc&amp;vmc=on&amp;vli=comentarios-btn-flujo\" data-voc-vtm-id=\"comienzoSuscripcionON\" data-voc-vtm-info=\"btncomentar\" class=\"voc-btn voc-btn--w voc-btn--xs voc-save-news__btn\" rel=\"nofollow noopener\" target=\"_blank\"><br \/>\nSuscribete<br \/>\n<\/a><\/p>\n<p class=\"voc-p\" style=\"\">RTVE anunci\u00f3 este jueves que <a href=\"https:\/\/www.abc.es\/play\/television\/eurovision\/revolucion-eurovision-israel-ira-certamen-espana-quedaria-20251204182129-nt.html\" title=\"www.abc.es\" data-voc-vtm-id=\"in-text-traffic\" data-mrf-link=\"www.abc.es\" rel=\"nofollow noopener\" target=\"_blank\">no participar\u00e1 en la pr\u00f3xima edici\u00f3n de Eurovisi\u00f3n <\/a>despu\u00e9s de que el primer d\u00eda de la Asamblea General de la UER en Ginebra, en votaci\u00f3n secreta, se decidiera que Israel podr\u00e1 participar en el festival. La decisi\u00f3n que provoc\u00f3 anuncios  &#8230; de boicot tambi\u00e9n de las cadenas <a href=\"https:\/\/www.abc.es\/play\/television\/eurovision\/paises-bajos-irlanda-eslovenia-suman-boicot-espana-20251204192713-nt.html\" title=\"www.abc.es\" data-voc-vtm-id=\"in-text-traffic\" data-mrf-link=\"www.abc.es\" rel=\"nofollow noopener\" target=\"_blank\">difusoras en Pa\u00edses Bajos, Eslovenia e Irlanda. <\/a><\/p>\n<p>\u00bfTe parece bien que Espa\u00f1a no participe en Eurovisi\u00f3n por la permanencia de Israel?<\/p>\n<p>S\u00ed, Espa\u00f1a no debe mirar a un lado en la situaci\u00f3n que vive Gaza\n<\/p>\n<p>No, solo es un concurso de m\u00fasica donde la pol\u00edtica debe quedar al margen\n<\/p>\n<p class=\"voc-p\" style=\"\">As\u00ed, por primera vez desde su debut, Espa\u00f1a <a href=\"https:\/\/www.abc.es\/play\/television\/eurovision\/podra-ver-television-online-festival-eurovision-2026-20251204215656-nt.html\" title=\"www.abc.es\" data-voc-vtm-id=\"in-text-traffic\" data-mrf-link=\"www.abc.es\" rel=\"nofollow noopener\" target=\"_blank\">no acudir\u00e1 ni emitir\u00e1 la final prevista<\/a> para el 16 de mayo en Viena, y las semifinales del 12 y 14 de mayo del certamen.<\/p>\n<p>\nArt\u00edculo solo para suscriptores\n<\/p>\n<p>            Si ya est\u00e1s suscrito, <a href=\"https:\/\/secure.abc.es\/identidad\/inicio#vca=suscribete&amp;vso=abc&amp;vmc=on&amp;vli=cdn-ce-link-login\" data-voc-vtm-id=\"comienzoSuscripcionON\" data-voc-vtm-info=\"cdn-ce-link-login\" rel=\"nofollow noopener\" target=\"_blank\">inicia sesi\u00f3n<\/a><\/p>\n<ul class=\"voc-topics__list\">\n<li class=\"voc-topics__list-item\">\n<p>M\u00e1s temas:<\/p>\n<\/li>\n<li class=\"voc-topics__list-item\">\n<a href=\"https:\/\/www.abc.es\/noticias\/television\/\" class=\"voc-topics__link\" title=\"Televisi\u00f3n\" rel=\"nofollow noopener\" target=\"_blank\">Televisi\u00f3n<\/a>\n<\/li>\n<li class=\"voc-topics__list-item\">\n<a href=\"https:\/\/www.abc.es\/noticias\/rtve-radio-television-espanola\/\" class=\"voc-topics__link\" title=\"RTVE Radio Television Espa\u00f1ola\" rel=\"nofollow noopener\" target=\"_blank\">RTVE Radio Television Espa\u00f1ola<\/a>\n<\/li>\n<li class=\"voc-topics__list-item\">\n<a href=\"https:\/\/www.abc.es\/noticias\/eurovision\/\" class=\"voc-topics__link\" title=\"Eurovisi\u00f3n\" rel=\"nofollow noopener\" target=\"_blank\">Eurovisi\u00f3n<\/a>\n<\/li>\n<li class=\"voc-topics__list-item\">\n<a href=\"https:\/\/www.abc.es\/noticias\/israel\/\" class=\"voc-topics__link\" title=\"Israel\" rel=\"nofollow noopener\" target=\"_blank\">Israel<\/a>\n<\/li>\n<li class=\"voc-topics__list-item\">\n<a href=\"https:\/\/www.abc.es\/noticias\/uh-abc\/\" class=\"voc-topics__link\" title=\"UH ABC\" rel=\"nofollow noopener\" target=\"_blank\">UH ABC<\/a>\n<\/li>\n<\/ul>\n<p>Reportar un error<\/p>\n<p class=\"voc-save-news__paragraph\">Esta funcionalidad es s\u00f3lo para suscriptores<\/p>\n<p><a href=\"https:\/\/secure.abc.es\/suscripcion#vca=suscribete&amp;vso=abc&amp;vmc=on&amp;vli=comentarios-btn-flujo\" data-voc-vtm-id=\"comienzoSuscripcionON\" data-voc-vtm-info=\"btncomentar\" class=\"voc-btn voc-btn--w voc-btn--xs voc-save-news__btn\" rel=\"nofollow noopener\" target=\"_blank\"><br \/>\nSuscribete<br \/>\n<\/a><\/p>\n","protected":false},"excerpt":{"rendered":"05\/12\/2025 Actualizado a las 11:29h. Compartir Copiar enlace Facebook X Whatsapp Email Esta funcionalidad es s\u00f3lo para registrados&hellip;\n","protected":false},"author":2,"featured_media":272327,"comment_status":"","ping_status":"","sticky":false,"template":"","format":"standard","meta":{"footnotes":""},"categories":[8],"tags":[945,17,18,2347,25,24,24121,13,14,11,74,19,20,9,10,15,16,1420,7208,518,23,12,21,22],"class_list":{"0":"post-272326","1":"post","2":"type-post","3":"status-publish","4":"format-standard","5":"has-post-thumbnail","7":"category-espana","8":"tag-acuerdo","9":"tag-breaking-news","10":"tag-breakingnews","11":"tag-decision","12":"tag-es","13":"tag-espana","14":"tag-eurovision","15":"tag-featured-news","16":"tag-featurednews","17":"tag-headlines","18":"tag-israel","19":"tag-latest-news","20":"tag-latestnews","21":"tag-news","22":"tag-noticias","23":"tag-noticias-destacadas","24":"tag-noticiasdestacadas","25":"tag-participar","26":"tag-permanencia","27":"tag-rtve","28":"tag-spain","29":"tag-titulares","30":"tag-ultimas-noticias","31":"tag-ultimasnoticias"},"share_on_mastodon":{"url":"https:\/\/pubeurope.com\/@es\/115666562864881606","error":""},"_links":{"self":[{"href":"https:\/\/www.europesays.com\/es\/wp-json\/wp\/v2\/posts\/272326","targetHints":{"allow":["GET"]}}],"collection":[{"href":"https:\/\/www.europesays.com\/es\/wp-json\/wp\/v2\/posts"}],"about":[{"href":"https:\/\/www.europesays.com\/es\/wp-json\/wp\/v2\/types\/post"}],"author":[{"embeddable":true,"href":"https:\/\/www.europesays.com\/es\/wp-json\/wp\/v2\/users\/2"}],"replies":[{"embeddable":true,"href":"https:\/\/www.europesays.com\/es\/wp-json\/wp\/v2\/comments?post=272326"}],"version-history":[{"count":0,"href":"https:\/\/www.europesays.com\/es\/wp-json\/wp\/v2\/posts\/272326\/revisions"}],"wp:featuredmedia":[{"embeddable":true,"href":"https:\/\/www.europesays.com\/es\/wp-json\/wp\/v2\/media\/272327"}],"wp:attachment":[{"href":"https:\/\/www.europesays.com\/es\/wp-json\/wp\/v2\/media?parent=272326"}],"wp:term":[{"taxonomy":"category","embeddable":true,"href":"https:\/\/www.europesays.com\/es\/wp-json\/wp\/v2\/categories?post=272326"},{"taxonomy":"post_tag","embeddable":true,"href":"https:\/\/www.europesays.com\/es\/wp-json\/wp\/v2\/tags?post=272326"}],"curies":[{"name":"wp","href":"https:\/\/api.w.org\/{rel}","templated":true}]}}