{"id":27234,"date":"2025-08-05T13:14:08","date_gmt":"2025-08-05T13:14:08","guid":{"rendered":"https:\/\/www.europesays.com\/es\/27234\/"},"modified":"2025-08-05T13:14:08","modified_gmt":"2025-08-05T13:14:08","slug":"el-coviran-anuncia-la-renovacion-de-pere-tomas","status":"publish","type":"post","link":"https:\/\/www.europesays.com\/es\/27234\/","title":{"rendered":"El Covir\u00e1n anuncia la renovaci\u00f3n de Pere Tom\u00e0s"},"content":{"rendered":"<p class=\"v-mdl-ath__p v-mdl-ath__p--6\">\nMartes, 5 de agosto 2025, 12:01<\/p>\n<p class=\"v-p\">Pere Tom\u00e0s continuar\u00e1 una temporada m\u00e1s en el Covir\u00e1n Granada, con el que cumplir\u00e1 de ese modo cinco ejercicios como rojinegro. El club confirm\u00f3 este martes la renovaci\u00f3n del balear, ya conocida desde hace semanas por los lectores de IDEAL. <\/p>\n<p class=\"v-p\">El de Llucmajor viene de pasar una complicada temporada, no solo por el descenso deportivo del Covir\u00e1n, sino tambi\u00e9n a nivel individual. Ejerci\u00f3 de capit\u00e1n del equipo de Pablo Pin junto a Jonathan Rousselle, pero no cont\u00f3 excesivamente en los planes del entrenador, y adem\u00e1s tuvo una lesi\u00f3n en el pie que le hizo perderse una parte importante del curso, justo cuando la enfermer\u00eda rojinegra se llen\u00f3. De ese modo, Tom\u00e0s disput\u00f3 22 partidos con una media de algo m\u00e1s de ocho minutos, 1&#8217;3 puntos y 1&#8217;5 rebotes. <\/p>\n<p class=\"v-p\">Ahora, en esta nueva experiencia con el Covir\u00e1n a los 35 a\u00f1os, el balear buscar\u00e1 recuperar sensaciones a las \u00f3rdenes de Ram\u00f3n D\u00edaz y quiere sentirse importante en la nueva oportunidad en la Liga Endesa del equipo rojinegro, al que lleg\u00f3 en la temporada 2021-22, precisamente la del ascenso del equipo a la elite nacional. El acuerdo entre el mallorqu\u00edn y el club rojinegro se firm\u00f3 hace varias semanas y ahora la entidad lo anuncia, convirtiendo a Tom\u00e0s en el d\u00e9cimo jugador oficial de su nuevo plantel.<\/p>\n<p>Comenta<\/p>\n<p>Reporta un error<\/p>\n","protected":false},"excerpt":{"rendered":"Martes, 5 de agosto 2025, 12:01 Pere Tom\u00e0s continuar\u00e1 una temporada m\u00e1s en el Covir\u00e1n Granada, con el&hellip;\n","protected":false},"author":2,"featured_media":27235,"comment_status":"","ping_status":"","sticky":false,"template":"","format":"standard","meta":{"footnotes":""},"categories":[269],"tags":[4187,299,298,3446,168,25,24,9896,1135,23,167,3080],"class_list":{"0":"post-27234","1":"post","2":"type-post","3":"status-publish","4":"format-standard","5":"has-post-thumbnail","7":"category-baloncesto","8":"tag-anuncia","9":"tag-baloncesto","10":"tag-basketball","11":"tag-coviran","12":"tag-deportes","13":"tag-es","14":"tag-espana","15":"tag-pere","16":"tag-renovacion","17":"tag-spain","18":"tag-sports","19":"tag-tomas"},"share_on_mastodon":{"url":"","error":""},"_links":{"self":[{"href":"https:\/\/www.europesays.com\/es\/wp-json\/wp\/v2\/posts\/27234","targetHints":{"allow":["GET"]}}],"collection":[{"href":"https:\/\/www.europesays.com\/es\/wp-json\/wp\/v2\/posts"}],"about":[{"href":"https:\/\/www.europesays.com\/es\/wp-json\/wp\/v2\/types\/post"}],"author":[{"embeddable":true,"href":"https:\/\/www.europesays.com\/es\/wp-json\/wp\/v2\/users\/2"}],"replies":[{"embeddable":true,"href":"https:\/\/www.europesays.com\/es\/wp-json\/wp\/v2\/comments?post=27234"}],"version-history":[{"count":0,"href":"https:\/\/www.europesays.com\/es\/wp-json\/wp\/v2\/posts\/27234\/revisions"}],"wp:featuredmedia":[{"embeddable":true,"href":"https:\/\/www.europesays.com\/es\/wp-json\/wp\/v2\/media\/27235"}],"wp:attachment":[{"href":"https:\/\/www.europesays.com\/es\/wp-json\/wp\/v2\/media?parent=27234"}],"wp:term":[{"taxonomy":"category","embeddable":true,"href":"https:\/\/www.europesays.com\/es\/wp-json\/wp\/v2\/categories?post=27234"},{"taxonomy":"post_tag","embeddable":true,"href":"https:\/\/www.europesays.com\/es\/wp-json\/wp\/v2\/tags?post=27234"}],"curies":[{"name":"wp","href":"https:\/\/api.w.org\/{rel}","templated":true}]}}