{"id":272354,"date":"2025-12-05T11:06:22","date_gmt":"2025-12-05T11:06:22","guid":{"rendered":"https:\/\/www.europesays.com\/es\/272354\/"},"modified":"2025-12-05T11:06:22","modified_gmt":"2025-12-05T11:06:22","slug":"apple-anuncia-la-salida-de-dos-ejecutivas-mas-en-medio-de-cambios-en-su-cupula-expansion","status":"publish","type":"post","link":"https:\/\/www.europesays.com\/es\/272354\/","title":{"rendered":"Apple anuncia la salida de dos ejecutivas m\u00e1s, en medio de cambios en su c\u00fapula &#8211; Expansi\u00f3n"},"content":{"rendered":"<ol>\n<li><a href=\"https:\/\/news.google.com\/rss\/articles\/CBMimAFBVV95cUxNQmtjc1ZjbFVLU3hlV19ydE8zd2k4b2lOblJ6RUhlbXhUaml6NnhEc2ZmTkhPUDZhMTRSQXFPU3F6VXhacWlhUWp3c2pPMTFYQnFJdVZlcGg0ZFgyT1BvVlhGQ0dFT1MxaFNOUDVpLXQwaHZKVExCSHJvRkxzNS1QM2txMXpqb2gwMVVZdi01SGdtNlFLX3BoU9IBmAFBVV95cUxNS2xRWnZWMW5ERXZtakxULU1oXzVzMlFxRFhndlNmaXpLZzRNeWp3eXgwRVBJX3ZOU3o4VzZkNWtyeVUtRU9JaWFkdHdZM3lONWhKV3Z0Q0RhTUpleVdyNmZCWUR5Yl9LeXNUa3VyV1E5VVp3amQ4c0hsMG1TaDdYTVNsSmJDaEJBdm1PcWF2UlhQQlNTZjdFUA?oc=5\" target=\"_blank\" rel=\"nofollow noopener\">Apple anuncia la salida de dos ejecutivas m\u00e1s, en medio de cambios en su c\u00fapula<\/a>&nbsp;&nbsp;Expansi\u00f3n<\/li>\n<li><a href=\"https:\/\/news.google.com\/rss\/articles\/CBMif0FVX3lxTFBmVGhJRjZZWXJWdVMtVUI2THFlaFkxT0xqWjFsb3F6UGc0LXVTM1o5ZXJiWTNzdzJXb1FoTmNTZ2tla1FYQkxMMEtvUTM4LXI1SGYyMWFPMGY2ODhxMWVVOXFxb1NuZk5VZlVzd1EzTTVmSFpqcXM0b1N3R1VLeDTSAX9BVV95cUxPam9OalNoZWtUSnRGNmVYbHBvSFJjRks2cjd2Rm4wUFJhOWhiV2czY0dFT05Ua0k4d3pHbVVFU21mdTZIUDMtcEJqREpzb0VwSTRxa2dMellzOXhXLXFrcGd6YTlYMVE3U282alR6ZXJHSXpHVmUxNTVLR3ZMVkFF?oc=5\" target=\"_blank\" rel=\"nofollow noopener\">Contin\u00faa el \u00e9xodo en la c\u00fapula de Apple, que pierde a su principal responsable de dise\u00f1o<\/a>&nbsp;&nbsp;El Mundo<\/li>\n<li><a href=\"https:\/\/news.google.com\/rss\/articles\/CBMilwJBVV95cUxPa3h5ejZKUE9ub3RKWWpsWG1ZRVJnVzBDSExzYXB1MGtCck5FSVoyRGZpN1FKUHJDZGVmMW5jeTRucG14cXhMdTVwNldKN1RrY0lDd05CaDcyMHo3dWljbEVvSTlaR3kwYkE5RXp6X3BWVXRnTTQ2cXNXLXRLOTJoZ2pxS1FCZk93WWRDM05VNmN5UWo0SFpqYkFYZEg4S1U3ZFVSdTNBMnRPeHY4TUtNQjNXTlB5Ny1Wd2VxZnVibU0yNGRDN3VUN2p6THZTSUFOOGhEMjRDcWkwSE1ZZGZmRmUxT1RQRVlCN0c2TTJBQzNEYjVjYXlYLUVlNlZPTUpmWlI0czRHU2xndU5kR3dLX0MxOEpmTms?oc=5\" target=\"_blank\" rel=\"nofollow noopener\">Apple vive una gran fuga de cerebros: directivos y grandes talentos se van a Meta y OpenAI y ponen en riesgo su futuro IA<\/a>&nbsp;&nbsp;El Economista<\/li>\n<li><a href=\"https:\/\/news.google.com\/rss\/articles\/CBMi_wFBVV95cUxQcWtSOFZoLTEyRHNKTkV5VHF4VXdVWG1lSV9BalZ5QlNYSFQ2VFZwRjd5bEd1NG16akxtdElGb1RMblRPa3FpNWM2ZWFNczlnN0FDM0FUa2tkeFJrZjgyOW1EZDFsc3lxVlJtZ2NVVklHZEVaZHc0alVmZ2RSS0luX3FZUkZlbWxmQk9RdGstZGlWOWpYY2o0czJwOEZMalJuS2NLcmVlMnB1U0pVczRFaEVMcldTMmZxaEoyWmZhRHNoNm84a0NLQW5XX2ZOSXZOekNzNWw5X2J0Sk9OSXJsMElXMEVONEd4VXc0M1BEMHpDZzAtUGtpUmg2M1JkblXSAf8BQVVfeXFMTTZuRWtMV2FEV2dqT29UMHRDNEdUa3RiRXVWSEs3VXdvMV95U05IR2NvRFdlamQ0U2VFVzlzSm1QNl9sbnhlX3UtTHJNS1J1SFJqMkZ1aUJhSEViYy1zc21vWFJqRDMzaC0xNnpHVnRyQktBaGo1TllXWGVhTnZmYXBSTXZNbWhtQVBHbXp0TnA5WWdyemo2RmlfOTMwMjBYRUxEWjRwSXliMUo1eE5fbVJZNDVMQ3p0djlyOVhxQy1BMU1UV2tZRUNRTGl2cllUTW1vLU5oSVFSaEFYMnhNc3czcnJuZEh3RXlVRG5MMU40MVF0TTQ1TEtleURzNEJj?oc=5\" target=\"_blank\" rel=\"nofollow noopener\">Meta incorpora a sus filas al hasta ahora jefe de dise\u00f1o de Apple, Alan Dye, de cara a elevar el dise\u00f1o de sus productos<\/a>&nbsp;&nbsp;Ultima Hora<\/li>\n<li><a href=\"https:\/\/news.google.com\/rss\/articles\/CBMiywFBVV95cUxQSzdqRjkxM2NjcmpJbFNrYUtGaVJrRFVqSHpESDNwUWo2Nmh5VXJBSUZIY1hTZzZ3dVF2TkVIWklfd3J5V3BmRldXMDhUNGo1b1ZvWUw3elk5Y0tzU2txa1RkWFEyRWpBdHpJelRRQTAxTmFyNmwzNGJRaHJNUWN1enhEanBMU21VNm5BdXI2WHM5ekdvd0w5aDFucWFxYmR1bmtneXB3N3BRNUVtajdDbFBTRkg3c01xV2tjQnNVdjdfUWFMcGgyWmstZw?oc=5\" target=\"_blank\" rel=\"nofollow noopener\">Apple sufre la mayor fuga de talento en a\u00f1os: se marchan sus jefes de IA, dise\u00f1o y el creador del iPhone Air\u2026 muchos rumbo a Meta<\/a>&nbsp;&nbsp;Applesfera<\/li>\n<\/ol>\n","protected":false},"excerpt":{"rendered":"Apple anuncia la salida de dos ejecutivas m\u00e1s, en medio de cambios en su c\u00fapula&nbsp;&nbsp;Expansi\u00f3n Contin\u00faa el \u00e9xodo&hellip;\n","protected":false},"author":2,"featured_media":272355,"comment_status":"","ping_status":"","sticky":false,"template":"","format":"standard","meta":{"footnotes":""},"categories":[81],"tags":[119,123,124,47946,25,24,117,121,122,23,118,120],"class_list":{"0":"post-272354","1":"post","2":"type-post","3":"status-publish","4":"format-standard","5":"has-post-thumbnail","7":"category-ciencia-y-tecnologia","8":"tag-ciencia","9":"tag-ciencia-y-tecnologia","10":"tag-cienciaytecnologia","11":"tag-economia-digital-companias","12":"tag-es","13":"tag-espana","14":"tag-science","15":"tag-science-and-technology","16":"tag-scienceandtechnology","17":"tag-spain","18":"tag-technology","19":"tag-tecnologia"},"share_on_mastodon":{"url":"https:\/\/pubeurope.com\/@es\/115666641536790568","error":""},"_links":{"self":[{"href":"https:\/\/www.europesays.com\/es\/wp-json\/wp\/v2\/posts\/272354","targetHints":{"allow":["GET"]}}],"collection":[{"href":"https:\/\/www.europesays.com\/es\/wp-json\/wp\/v2\/posts"}],"about":[{"href":"https:\/\/www.europesays.com\/es\/wp-json\/wp\/v2\/types\/post"}],"author":[{"embeddable":true,"href":"https:\/\/www.europesays.com\/es\/wp-json\/wp\/v2\/users\/2"}],"replies":[{"embeddable":true,"href":"https:\/\/www.europesays.com\/es\/wp-json\/wp\/v2\/comments?post=272354"}],"version-history":[{"count":0,"href":"https:\/\/www.europesays.com\/es\/wp-json\/wp\/v2\/posts\/272354\/revisions"}],"wp:featuredmedia":[{"embeddable":true,"href":"https:\/\/www.europesays.com\/es\/wp-json\/wp\/v2\/media\/272355"}],"wp:attachment":[{"href":"https:\/\/www.europesays.com\/es\/wp-json\/wp\/v2\/media?parent=272354"}],"wp:term":[{"taxonomy":"category","embeddable":true,"href":"https:\/\/www.europesays.com\/es\/wp-json\/wp\/v2\/categories?post=272354"},{"taxonomy":"post_tag","embeddable":true,"href":"https:\/\/www.europesays.com\/es\/wp-json\/wp\/v2\/tags?post=272354"}],"curies":[{"name":"wp","href":"https:\/\/api.w.org\/{rel}","templated":true}]}}