{"id":272360,"date":"2025-12-05T11:14:35","date_gmt":"2025-12-05T11:14:35","guid":{"rendered":"https:\/\/www.europesays.com\/es\/272360\/"},"modified":"2025-12-05T11:14:35","modified_gmt":"2025-12-05T11:14:35","slug":"psoe-y-pp-acuerdan-con-junts-acelerar-la-ley-de-multirreincidencia-que-ira-al-primer-pleno-de-febrero-espana","status":"publish","type":"post","link":"https:\/\/www.europesays.com\/es\/272360\/","title":{"rendered":"PSOE y PP acuerdan con Junts acelerar la ley de multirreincidencia, que ir\u00e1 al primer pleno de febrero | Espa\u00f1a"},"content":{"rendered":"<p class=\"\">PSOE, PP y Junts han acordado este jueves con otros partidos de la derecha parlamentaria seis enmiendas para acelerar la tramitaci\u00f3n de la ley de multirreincidencia, una de las exigencias del partido de Carles Puigdemont y que estaba sin cumplir. <a href=\"https:\/\/elpais.com\/espana\/2025-11-12\/el-congreso-reactiva-la-tramitacion-de-dos-leyes-con-guinos-a-derecha-e-izquierda.html\" target=\"_self\" rel=\"nofollow noopener\" title=\"https:\/\/elpais.com\/espana\/2025-11-12\/el-congreso-reactiva-la-tramitacion-de-dos-leyes-con-guinos-a-derecha-e-izquierda.html\">Podemos y EH Bildu han expresado su oposici\u00f3n<\/a>, en l\u00ednea con el rechazo de la mayor\u00eda de los dem\u00e1s socios de izquierdas del Gobierno. El informe de la ponencia de la ley ha sido as\u00ed respaldado por mayor\u00eda y la comisi\u00f3n de Justicia lo validar\u00e1 ahora entre el 15 y el 19 de diciembre con el compromiso de que la ley pueda entrar en el orden del d\u00eda del primer pleno del nuevo periodo de sesiones, ya en febrero. <\/p>\n<p class=\"\">La reuni\u00f3n de<a href=\"https:\/\/www.congreso.es\/es\/agenda\" target=\"_self\" rel=\"nofollow noopener\" title=\"https:\/\/www.congreso.es\/es\/agenda\"> la ponencia de la comisi\u00f3n de Justicia <\/a>que deb\u00eda sentar las bases de la ley org\u00e1nica de multirreincidencia depar\u00f3 en la tarde de este jueves otro momento sorpresa de esta peculiar XV legislatura. Cuando las relaciones pol\u00edticas parec\u00edan m\u00e1s tensas en el tri\u00e1ngulo entre PSOE, PP y Junts, y tras algo m\u00e1s de una hora de deliberaciones discretas y a puerta cerrada, se fragu\u00f3 un acuerdo sobre una de las normas m\u00e1s simb\u00f3licas para Junts en este mandato, que form\u00f3 parte de su acuerdo de investidura con el PSOE, luego se par\u00f3 durante meses y provoc\u00f3, en parte, la ruptura escenificada hace varias semanas por el partido de Puigdemont con el Gobierno de Pedro S\u00e1nchez.<\/p>\n<p class=\"\">Esa ley era <a href=\"https:\/\/elpais.com\/espana\/2025-12-02\/sanchez-busca-remendar-su-relacion-con-junts-para-intentar-recomponer-la-mayoria.html\" target=\"_self\" rel=\"nofollow noopener\" title=\"https:\/\/elpais.com\/espana\/2025-12-02\/sanchez-busca-remendar-su-relacion-con-junts-para-intentar-recomponer-la-mayoria.html\">uno de los incumplimientos que el propio S\u00e1nchez se comprometi\u00f3 este martes<\/a>, en sendas entrevistas a medios catalanes, en reparar para intentar recomponer su relaci\u00f3n con Junts y estirar la legislatura. Dos d\u00edas despu\u00e9s ha llegado este pacto, que a la salida de la cita el representante de Bildu, Jon I\u00f1arritu, ha tildado de \u201cex\u00f3tico\u201d y la de ERC, Pilar Valluguera, de \u201csorprendente\u201d.<\/p>\n<p class=\"\">La ley de multirreincidencia, que supone relevantes modificaciones del C\u00f3digo Penal, promueve un endurecimiento de las condenas por reincidencia en hurtos leves y acelerar los procesos contra delincuentes reincidentes y que comentan delitos de manera continuada.<a href=\"https:\/\/elpais.com\/espana\/2024-12-17\/la-propuesta-para-regular-los-alquileres-temporales-vuelve-al-congreso-con-retoques-para-atraer-a-junts.html\" target=\"_self\" rel=\"nofollow noopener\" title=\"https:\/\/elpais.com\/espana\/2024-12-17\/la-propuesta-para-regular-los-alquileres-temporales-vuelve-al-congreso-con-retoques-para-atraer-a-junts.html\"> Fue registrada por Junts en abril de 2024 <\/a>y admitida a tr\u00e1mite en un pleno del Congreso en septiembre de ese a\u00f1o con el visto bueno del PP, PSOE, Vox, Junts y PNV. Sumar, EH Bildu, Podemos y BNG ya se opusieron entonces y siguen en esa posici\u00f3n. La mayor\u00eda que podr\u00eda acabar votando esa norma a favor podr\u00eda superar los 300 esca\u00f1os y convertirse as\u00ed en una de las leyes con mayor apoyo de la legislatura.<\/p>\n<p class=\"\">El PP ha querido matizar tras la reuni\u00f3n que no han llegado \u201ca ning\u00fan acuerdo espec\u00edfico a tres solo con el PSOE o Junts\u201d sino que han presentado por su parte tres enmiendas transaccionales al texto del proyecto del partido de Puigdemont y que han sido aceptadas por mayor\u00eda, tambi\u00e9n con Vox.<\/p>\n<p class=\"\">La ponencia de este jueves, con la que se ha reactivado y acelerado la ley, ha estudiado algunas de las enmiendas presentadas pero, sobre todo, ha resuelto y aprobado el informe final que se someter\u00e1 ahora a la consideraci\u00f3n de la comisi\u00f3n de Justicia la tercera semana de diciembre previo paso al pleno, que ya ser\u00e1 en febrero. El escenario se ha desatascado cuando PSOE, PP y Junts han cerrado seis enmiendas transaccionales y permitido la votaci\u00f3n del informe, que ha prosperado por mayor\u00eda.<\/p>\n<p class=\"\">Junts ha valorado el nivel de las aportaciones efectuadas en la ponencia, con correcciones m\u00e1s t\u00e9cnicas que de fondo a su propuesta inicial, y desde el PSOE se ha destacado que la mayor\u00eda de las enmiendas cerradas van en la l\u00ednea de lo que llevan defendiendo hace tiempo para atajar el problema de la multirreincidencia en los delitos menores, en concreto en Catalu\u00f1a.<\/p>\n<p class=\"\">La norma persigue endurecer penas por hurto cuando sea repetitivo y cuando el objeto robado sea un tel\u00e9fono m\u00f3vil u otro dispositivo electr\u00f3nico. Junts apostaba incluso por modificar el C\u00f3digo Penal para que se aplique una condena de hasta tres a\u00f1os de c\u00e1rcel a quienes cometan esos delitos repetidos, aunque el monto total de lo robado no sume 400 euros. Uno de los flecos que queda por cuadrar ahora para la comisi\u00f3n de mediados de mes es si los Ayuntamientos perjudicados por la comisi\u00f3n de estos delitos m\u00faltiples podr\u00e1n personarse en esos casos y ejercer la acci\u00f3n penal cuando no lo haga la Fiscal\u00eda, para lo que har\u00eda falta modificar la Ley de Enjuiciamiento Criminal.<\/p>\n","protected":false},"excerpt":{"rendered":"PSOE, PP y Junts han acordado este jueves con otros partidos de la derecha parlamentaria seis enmiendas para&hellip;\n","protected":false},"author":2,"featured_media":272361,"comment_status":"","ping_status":"","sticky":false,"template":"","format":"standard","meta":{"footnotes":""},"categories":[5],"tags":[17,18,4456,25,24,13,14,582,11,3837,19,20,27545,9,10,15,16,956,1699,23,12,66763,21,22],"class_list":{"0":"post-272360","1":"post","2":"type-post","3":"status-publish","4":"format-standard","5":"has-post-thumbnail","7":"category-titulares","8":"tag-breaking-news","9":"tag-breakingnews","10":"tag-congreso-diputados","11":"tag-es","12":"tag-espana","13":"tag-featured-news","14":"tag-featurednews","15":"tag-gobierno","16":"tag-headlines","17":"tag-juntsxcat","18":"tag-latest-news","19":"tag-latestnews","20":"tag-legislacion","21":"tag-news","22":"tag-noticias","23":"tag-noticias-destacadas","24":"tag-noticiasdestacadas","25":"tag-pp","26":"tag-psoe","27":"tag-spain","28":"tag-titulares","29":"tag-tramitacion-parlamentaria","30":"tag-ultimas-noticias","31":"tag-ultimasnoticias"},"share_on_mastodon":{"url":"https:\/\/pubeurope.com\/@es\/115666672839790755","error":""},"_links":{"self":[{"href":"https:\/\/www.europesays.com\/es\/wp-json\/wp\/v2\/posts\/272360","targetHints":{"allow":["GET"]}}],"collection":[{"href":"https:\/\/www.europesays.com\/es\/wp-json\/wp\/v2\/posts"}],"about":[{"href":"https:\/\/www.europesays.com\/es\/wp-json\/wp\/v2\/types\/post"}],"author":[{"embeddable":true,"href":"https:\/\/www.europesays.com\/es\/wp-json\/wp\/v2\/users\/2"}],"replies":[{"embeddable":true,"href":"https:\/\/www.europesays.com\/es\/wp-json\/wp\/v2\/comments?post=272360"}],"version-history":[{"count":0,"href":"https:\/\/www.europesays.com\/es\/wp-json\/wp\/v2\/posts\/272360\/revisions"}],"wp:featuredmedia":[{"embeddable":true,"href":"https:\/\/www.europesays.com\/es\/wp-json\/wp\/v2\/media\/272361"}],"wp:attachment":[{"href":"https:\/\/www.europesays.com\/es\/wp-json\/wp\/v2\/media?parent=272360"}],"wp:term":[{"taxonomy":"category","embeddable":true,"href":"https:\/\/www.europesays.com\/es\/wp-json\/wp\/v2\/categories?post=272360"},{"taxonomy":"post_tag","embeddable":true,"href":"https:\/\/www.europesays.com\/es\/wp-json\/wp\/v2\/tags?post=272360"}],"curies":[{"name":"wp","href":"https:\/\/api.w.org\/{rel}","templated":true}]}}