{"id":272362,"date":"2025-12-05T11:18:10","date_gmt":"2025-12-05T11:18:10","guid":{"rendered":"https:\/\/www.europesays.com\/es\/272362\/"},"modified":"2025-12-05T11:18:10","modified_gmt":"2025-12-05T11:18:10","slug":"rafa-cabrera-bello-y-josele-ballester-candidatos-a-la-victoria-en-el-open-de-australia","status":"publish","type":"post","link":"https:\/\/www.europesays.com\/es\/272362\/","title":{"rendered":"Rafa Cabrera Bello y Josele Ballester, candidatos a la victoria en el Open de Australia"},"content":{"rendered":"<p>&#13;<br \/>\n        &#13;<br \/>\n&#13;<br \/>\n        &#13;<\/p>\n<p>            <a href=\"https:\/\/ten-golf.com\/wp-content\/uploads\/2025\/12\/rafaabudhabi25domingo.jpg\" data-caption=\"Rafa Cabrera Bello. (\u00a9 Golffile | Thos Caffrey)\" rel=\"nofollow noopener\" target=\"_blank\"><img decoding=\"async\" loading=\"lazy\" width=\"666\" height=\"444\" class=\"entry-thumb td-modal-image\" src=\"https:\/\/www.europesays.com\/es\/wp-content\/uploads\/2025\/12\/rafaabudhabi25domingo-666x444.jpg\"   alt=\"Rafa Cabrera Bello. (\u00a9 Golffile | Thos Caffrey)\" title=\"Abu Dhabi HSBC Championship 2025\"\/><\/a>Rafa Cabrera Bello. (\u00a9 Golffile | Thos Caffrey)<\/p>\n<p>            \u2013 Rafa Cabrera Bello (-6) y Josele Ballester (-5) parecen dispuestos a mantener viva la extraordinaria racha que atraviesa el golf espa\u00f1ol. Todo empez\u00f3 con la victoria del propio Josele en Arabia Saud\u00ed, sigui\u00f3 con el magn\u00edfico triunfo de David Puig en el Australian PG<\/p>\n<p>Para seguir leyendo, Suscr\u00edbete<\/p>\n<p>    Subscription OptionsMENSUAL<\/p>\n<p>Unlimited  Entradas<\/p>\n<p>Unlimited  Galer\u00edas<\/p>\n<p>Unlimited  \u00c1lbumes<\/p>\n<p>Unlimited  P\u00e1ginas<\/p>\n<p>ANUAL + LIBRO<\/p>\n<p>Unlimited  Entradas<\/p>\n<p>Unlimited  Galer\u00edas<\/p>\n<p>Unlimited  \u00c1lbumes<\/p>\n<p>Unlimited  P\u00e1ginas<\/p>\n<p>ANUAL<\/p>\n<p>Unlimited  Entradas<\/p>\n<p>Unlimited  Galer\u00edas<\/p>\n<p>Unlimited  \u00c1lbumes<\/p>\n<p>Unlimited  P\u00e1ginas<\/p>\n<p>    Recibe 30 mulligans para gastar en <a href=\"https:\/\/thegame.ten-golf.com\" target=\"_blank\" rel=\"nofollow noopener\">TheGame<\/a> junto a tu suscripci\u00f3n anual (al final de la temporada se quitar\u00e1n los mulligans no gastados)<\/p>\n<p>    Pincha <a href=\"https:\/\/ten-golf.com\/tengolf-pone-en-marcha-el-muro-de-pago-y-crea-el-club-tengolf\" target=\"_blank\" rel=\"nofollow noopener\">aqu\u00ed<\/a> para saber m\u00e1s sobre las distintas suscripciones<\/p>\n<p>        &#13;<br \/>\n&#13;<br \/>\n        &#13;<br \/>\n            &#13;<br \/>\n            &#13;<br \/>\n&#13;<\/p>\n<p class=\"join-telegram\"><img decoding=\"async\" class=\"loading\" src=\"https:\/\/www.europesays.com\/es\/wp-content\/uploads\/2025\/11\/telegram-icon.png\" alt=\"\"\/> S\u00edguenos tambi\u00e9n en <a href=\"https:\/\/telegram.org\/\" target=\"_blank\" style=\"font-weight: normal;\" rel=\"nofollow noopener\">Telegram<\/a> en el canal <a href=\"https:\/\/t.me\/tengolf\" target=\"_blank\" rel=\"nofollow\">@tengolf<\/a><\/p>\n<p>        &#13;<br \/>\n        <a class=\"will-load\" name=\"end-article\" data-id=\"post-213060\"\/>&#13;<\/p>\n","protected":false},"excerpt":{"rendered":"&#13; &#13; &#13; &#13; Rafa Cabrera Bello. (\u00a9 Golffile | Thos Caffrey) \u2013 Rafa Cabrera Bello (-6) y&hellip;\n","protected":false},"author":2,"featured_media":272363,"comment_status":"","ping_status":"","sticky":false,"template":"","format":"standard","meta":{"footnotes":""},"categories":[275],"tags":[66325,7058,168,7316,25,24,329,7059,336,339,340,1909,1910,34403,66764,58020,66326,57088,23,167],"class_list":{"0":"post-272362","1":"post","2":"type-post","3":"status-publish","4":"format-standard","5":"has-post-thumbnail","7":"category-golf","8":"tag-crown-australian-open","9":"tag-david-puig","10":"tag-deportes","11":"tag-dp-world-tour","12":"tag-es","13":"tag-espana","14":"tag-golf","15":"tag-josele-ballester","16":"tag-notificacion","17":"tag-portada-america","18":"tag-portada-global","19":"tag-portada-top","20":"tag-portada-top-america","21":"tag-rafa-cabrera-bello","22":"tag-rasmus-neergaard-pettersen","23":"tag-rocco-repetto","24":"tag-royal-melbourne-golf-club","25":"tag-sebas-garcia","26":"tag-spain","27":"tag-sports"},"share_on_mastodon":{"url":"https:\/\/pubeurope.com\/@es\/115666689207124089","error":""},"_links":{"self":[{"href":"https:\/\/www.europesays.com\/es\/wp-json\/wp\/v2\/posts\/272362","targetHints":{"allow":["GET"]}}],"collection":[{"href":"https:\/\/www.europesays.com\/es\/wp-json\/wp\/v2\/posts"}],"about":[{"href":"https:\/\/www.europesays.com\/es\/wp-json\/wp\/v2\/types\/post"}],"author":[{"embeddable":true,"href":"https:\/\/www.europesays.com\/es\/wp-json\/wp\/v2\/users\/2"}],"replies":[{"embeddable":true,"href":"https:\/\/www.europesays.com\/es\/wp-json\/wp\/v2\/comments?post=272362"}],"version-history":[{"count":0,"href":"https:\/\/www.europesays.com\/es\/wp-json\/wp\/v2\/posts\/272362\/revisions"}],"wp:featuredmedia":[{"embeddable":true,"href":"https:\/\/www.europesays.com\/es\/wp-json\/wp\/v2\/media\/272363"}],"wp:attachment":[{"href":"https:\/\/www.europesays.com\/es\/wp-json\/wp\/v2\/media?parent=272362"}],"wp:term":[{"taxonomy":"category","embeddable":true,"href":"https:\/\/www.europesays.com\/es\/wp-json\/wp\/v2\/categories?post=272362"},{"taxonomy":"post_tag","embeddable":true,"href":"https:\/\/www.europesays.com\/es\/wp-json\/wp\/v2\/tags?post=272362"}],"curies":[{"name":"wp","href":"https:\/\/api.w.org\/{rel}","templated":true}]}}