{"id":272366,"date":"2025-12-05T11:20:20","date_gmt":"2025-12-05T11:20:20","guid":{"rendered":"https:\/\/www.europesays.com\/es\/272366\/"},"modified":"2025-12-05T11:20:20","modified_gmt":"2025-12-05T11:20:20","slug":"la-gran-canaria-bike-week-celebra-su-jornada-competitiva-con-la-cronoescalada-maspalomas-costa-canaria","status":"publish","type":"post","link":"https:\/\/www.europesays.com\/es\/272366\/","title":{"rendered":"La Gran Canaria Bike Week celebra su jornada competitiva con la cronoescalada Maspalomas Costa Canaria"},"content":{"rendered":"<p><a class=\"v-mdl-ath__fig-a\" href=\"https:\/\/www.canarias7.es\/autor\/canarias7-6545.html\" title=\"CANARIAS7\" rel=\"nofollow noopener\" target=\"_blank\"><br \/>\n<img decoding=\"async\" class=\"v-mdl-ath__img\" src=\"https:\/\/www.europesays.com\/es\/wp-content\/uploads\/2025\/08\/1754689268_701_autor-6545-foto-1.png\" alt=\"CANARIAS7\"\/><br \/>\n<\/a><\/p>\n<p class=\"v-mdl-ath__p v-mdl-ath__p--6\">\nJueves, 4 de diciembre 2025, 18:59<\/p>\n<p class=\"v-p\">La Gran Canaria Bike Week 2025 vivi\u00f3 este 4 de diciembre una de sus citas m\u00e1s esperadas: la etapa Maspalomas Costa Canaria (Cronoescalada), un recorrido tan espectacular como exigente que puso a prueba la resistencia de los participantes.<\/p>\n<p class=\"v-p\">La jornada arranc\u00f3 en el Hotel Suites &amp; Villas by Dunas, desde donde los ciclistas partieron en direcci\u00f3n a Palmitos Park. Fue en el Barranco de La Negra donde comenz\u00f3 el tramo cronometrado, organizado en salidas por grupos de edad espaciadas cada 3 minutos.<\/p>\n<p class=\"v-p\">El reto principal lleg\u00f3 con un ascenso de 16 kil\u00f3metros, caracterizado por rampas exigentes y descensos pronunciados, que convirtieron esta cronoescalada en una de las pruebas m\u00e1s desafiantes de la semana. Una vez en la cima, los corredores se reagruparon para realizar el regreso conjunto a Maspalomas, con meta final en el Hotel Oficial.<\/p>\n<p><img decoding=\"async\" loading=\"lazy\" src=\"https:\/\/www.europesays.com\/es\/wp-content\/uploads\/2025\/12\/GCBW3-kHYG--1200x841@Canarias7.jpg\" class=\"v-mdl__img-z\" width=\"1200\" height=\"841\" alt=\"Imagen principal - La Gran Canaria Bike Week celebra su jornada competitiva con la cronoescalada Maspalomas Costa Canaria\"\/><\/p>\n<p><img decoding=\"async\" loading=\"lazy\" src=\"https:\/\/www.europesays.com\/es\/wp-content\/uploads\/2025\/12\/GCBW2-kHYG--1200x851@Canarias7.jpg\" class=\"v-mdl__img-z\" width=\"1200\" height=\"851\" alt=\"Imagen secundaria 1 - La Gran Canaria Bike Week celebra su jornada competitiva con la cronoescalada Maspalomas Costa Canaria\"\/><\/p>\n<p><img decoding=\"async\" loading=\"lazy\" src=\"https:\/\/www.europesays.com\/es\/wp-content\/uploads\/2025\/12\/GCBW4-kHYG--711x841@Canarias7.jpg\" class=\"v-mdl__img-z\" width=\"711\" height=\"841\" alt=\"Imagen secundaria 2 - La Gran Canaria Bike Week celebra su jornada competitiva con la cronoescalada Maspalomas Costa Canaria\"\/><\/p>\n<p class=\"v-p\">En la salida oficial estuvo presente el concejal de Deportes de San Bartolom\u00e9 de Tirajana, Ram\u00f3n Su\u00e1rez, quien destac\u00f3 la importancia de que este tipo de eventos se celebren en el municipio. Su\u00e1rez subray\u00f3 adem\u00e1s el clima inmejorable de Maspalomas, un factor que convierte a la zona en un escenario privilegiado para el deporte al aire libre.<\/p>\n<p class=\"v-p\">Organizada por el Ayuntamiento de San Bartolom\u00e9 de Tirajana y DG Eventos, la Gran Canaria Bike Week cuenta con el patrocinio del Cabildo de Gran Canaria y del Gobierno de Canarias, a trav\u00e9s de la marca Islas Canarias, Latitud de Vida.<\/p>\n<p>Reporta un error<\/p>\n","protected":false},"excerpt":{"rendered":"Jueves, 4 de diciembre 2025, 18:59 La Gran Canaria Bike Week 2025 vivi\u00f3 este 4 de diciembre una&hellip;\n","protected":false},"author":2,"featured_media":272367,"comment_status":"","ping_status":"","sticky":false,"template":"","format":"standard","meta":{"footnotes":""},"categories":[273],"tags":[323,7221,6951,313,37118,2828,52611,312,168,25,24,3956,293,2202,23,167,62336],"class_list":{"0":"post-272366","1":"post","2":"type-post","3":"status-publish","4":"format-standard","5":"has-post-thumbnail","7":"category-ciclismo","8":"tag-bike","9":"tag-canaria","10":"tag-celebra","11":"tag-ciclismo","12":"tag-competitiva","13":"tag-costa","14":"tag-cronoescalada","15":"tag-cycling","16":"tag-deportes","17":"tag-es","18":"tag-espana","19":"tag-gran","20":"tag-jornada","21":"tag-maspalomas","22":"tag-spain","23":"tag-sports","24":"tag-week"},"share_on_mastodon":{"url":"https:\/\/pubeurope.com\/@es\/115666697748095196","error":""},"_links":{"self":[{"href":"https:\/\/www.europesays.com\/es\/wp-json\/wp\/v2\/posts\/272366","targetHints":{"allow":["GET"]}}],"collection":[{"href":"https:\/\/www.europesays.com\/es\/wp-json\/wp\/v2\/posts"}],"about":[{"href":"https:\/\/www.europesays.com\/es\/wp-json\/wp\/v2\/types\/post"}],"author":[{"embeddable":true,"href":"https:\/\/www.europesays.com\/es\/wp-json\/wp\/v2\/users\/2"}],"replies":[{"embeddable":true,"href":"https:\/\/www.europesays.com\/es\/wp-json\/wp\/v2\/comments?post=272366"}],"version-history":[{"count":0,"href":"https:\/\/www.europesays.com\/es\/wp-json\/wp\/v2\/posts\/272366\/revisions"}],"wp:featuredmedia":[{"embeddable":true,"href":"https:\/\/www.europesays.com\/es\/wp-json\/wp\/v2\/media\/272367"}],"wp:attachment":[{"href":"https:\/\/www.europesays.com\/es\/wp-json\/wp\/v2\/media?parent=272366"}],"wp:term":[{"taxonomy":"category","embeddable":true,"href":"https:\/\/www.europesays.com\/es\/wp-json\/wp\/v2\/categories?post=272366"},{"taxonomy":"post_tag","embeddable":true,"href":"https:\/\/www.europesays.com\/es\/wp-json\/wp\/v2\/tags?post=272366"}],"curies":[{"name":"wp","href":"https:\/\/api.w.org\/{rel}","templated":true}]}}