{"id":272370,"date":"2025-12-05T11:23:09","date_gmt":"2025-12-05T11:23:09","guid":{"rendered":"https:\/\/www.europesays.com\/es\/272370\/"},"modified":"2025-12-05T11:23:09","modified_gmt":"2025-12-05T11:23:09","slug":"altimira-aun-soy-mas-cule-que-betico","status":"publish","type":"post","link":"https:\/\/www.europesays.com\/es\/272370\/","title":{"rendered":"Altimira: \u201cA\u00fan soy m\u00e1s cul\u00e9 que b\u00e9tico\u201d"},"content":{"rendered":"<p class=\"\">El partido del s\u00e1bado (18:30 horas en el <b>Benito Villamar\u00edn<\/b>) en el que el <b>Betis <\/b>recibe al <b>Barcelona<\/b>, no ser\u00e1 uno m\u00e1s para<b> Sergi Altimira<\/b>. El centrocampista b\u00e9tico se reencontrar\u00e1 con el club en el que estuvo desde 2013 hasta 2020, cuando separ\u00f3 sus caminos. Pero su salida no merm\u00f3 lo m\u00e1s m\u00ednimo el sentimiento azulgrana de Altimira (de hecho su padre, el exfutbolista <b>Aureli Altimira<\/b>, sigue trabajando en el club).<\/p>\n<p class=\"\">Sobre lo que sentir\u00e1 al enfrentarse al que fue su club durante tanto tiempo ha hablado para <b>Sport<\/b>: \u201cA\u00fan no, soy m\u00e1s cul\u00e9 que b\u00e9tico, porque es el club del que siempre he sido desde peque\u00f1o, en el que he disfrutado mucho y crecido, pero s\u00ed que es verdad que soy del Betis, que te acabas haciendo b\u00e9tico. Son muy pasionales y te transmiten los colores y lo que es el club. Quieras o no, te atrapa poco a poco este esp\u00edritu que tiene el club, que hace que aprendas a quererlo\u201c.<\/p>\n<p>Noticias relacionadas<\/p>\n<p class=\"\">En cualquier caso, Altimira deja claro lo a gusto que se encuentra en Sevilla: \u201cEste club, desde que llegu\u00e9, me hizo sentir el cari\u00f1o, [&#8230;] no quieres marcharte nunca. <b>Antony<\/b>, que vino cedido, es una muestra de ello\u00bb.<\/p>\n<p class=\"\"><b>\u00a1Tus opiniones importan!<\/b> Comenta en los art\u00edculos y suscr\u00edbete gratis a nuestra <a href=\"https:\/\/asfan.as.com\/newsletters\/\" target=\"_blank\" rel=\"nofollow noopener\" title=\"https:\/\/asfan.as.com\/newsletters\/\">newsletter<\/a> y a las alertas informativas en la <a href=\"https:\/\/as.com\/aplicacion-de-as-n\/\" target=\"_blank\" rel=\"nofollow noopener\" title=\"https:\/\/as.com\/aplicacion-de-as-n\/\">App<\/a> o el canal de <a href=\"https:\/\/www.whatsapp.com\/channel\/0029VaAasdA7j6g745nz9M10\" target=\"_blank\" rel=\"nofollow noopener\" title=\"https:\/\/www.whatsapp.com\/channel\/0029VaAasdA7j6g745nz9M10\">WhatsApp<\/a>. \u00bfBuscas licenciar contenido? Haz clic <a href=\"https:\/\/profesional.elpais.com\/soluciones-sindicacion?utm_medium=interno&amp;utm_source=crosslinking&amp;utm_campaign=sindicacion_as_pie_articulos\" target=\"_blank\" rel=\"nofollow noopener\" title=\"https:\/\/profesional.elpais.com\/soluciones-sindicacion?utm_medium=interno&amp;utm_source=crosslinking&amp;utm_campaign=sindicacion_as_pie_articulos\">aqu\u00ed<\/a><\/p>\n","protected":false},"excerpt":{"rendered":"El partido del s\u00e1bado (18:30 horas en el Benito Villamar\u00edn) en el que el Betis recibe al Barcelona,&hellip;\n","protected":false},"author":2,"featured_media":272371,"comment_status":"","ping_status":"","sticky":false,"template":"","format":"standard","meta":{"footnotes":""},"categories":[268],"tags":[168,25,24,280,282,281,23,167],"class_list":{"0":"post-272370","1":"post","2":"type-post","3":"status-publish","4":"format-standard","5":"has-post-thumbnail","7":"category-futbol","8":"tag-deportes","9":"tag-es","10":"tag-espana","11":"tag-football","12":"tag-futbol","13":"tag-soccer","14":"tag-spain","15":"tag-sports"},"share_on_mastodon":{"url":"https:\/\/pubeurope.com\/@es\/115666708671293278","error":""},"_links":{"self":[{"href":"https:\/\/www.europesays.com\/es\/wp-json\/wp\/v2\/posts\/272370","targetHints":{"allow":["GET"]}}],"collection":[{"href":"https:\/\/www.europesays.com\/es\/wp-json\/wp\/v2\/posts"}],"about":[{"href":"https:\/\/www.europesays.com\/es\/wp-json\/wp\/v2\/types\/post"}],"author":[{"embeddable":true,"href":"https:\/\/www.europesays.com\/es\/wp-json\/wp\/v2\/users\/2"}],"replies":[{"embeddable":true,"href":"https:\/\/www.europesays.com\/es\/wp-json\/wp\/v2\/comments?post=272370"}],"version-history":[{"count":0,"href":"https:\/\/www.europesays.com\/es\/wp-json\/wp\/v2\/posts\/272370\/revisions"}],"wp:featuredmedia":[{"embeddable":true,"href":"https:\/\/www.europesays.com\/es\/wp-json\/wp\/v2\/media\/272371"}],"wp:attachment":[{"href":"https:\/\/www.europesays.com\/es\/wp-json\/wp\/v2\/media?parent=272370"}],"wp:term":[{"taxonomy":"category","embeddable":true,"href":"https:\/\/www.europesays.com\/es\/wp-json\/wp\/v2\/categories?post=272370"},{"taxonomy":"post_tag","embeddable":true,"href":"https:\/\/www.europesays.com\/es\/wp-json\/wp\/v2\/tags?post=272370"}],"curies":[{"name":"wp","href":"https:\/\/api.w.org\/{rel}","templated":true}]}}