{"id":272378,"date":"2025-12-05T11:29:10","date_gmt":"2025-12-05T11:29:10","guid":{"rendered":"https:\/\/www.europesays.com\/es\/272378\/"},"modified":"2025-12-05T11:29:10","modified_gmt":"2025-12-05T11:29:10","slug":"quentin-tarantino-carga-directamente-contra-el-actor-de-una-de-sus-peliculas-favoritas-el-maldito-actor-mas-debil-del-sag","status":"publish","type":"post","link":"https:\/\/www.europesays.com\/es\/272378\/","title":{"rendered":"Quentin Tarantino carga directamente contra el actor de una de sus pel\u00edculas favoritas: \u201cEl maldito actor m\u00e1s d\u00e9bil del SAG\u201d"},"content":{"rendered":"<p class=\"\">El director <a href=\"https:\/\/as.com\/meristation\/cine\/quentin-tarantino-carga-contra-la-autora-de-los-juegos-del-hambre-no-se-como-no-la-demandaron-f202511-n\/\" target=\"_self\" rel=\"nofollow noopener\" title=\"https:\/\/as.com\/meristation\/cine\/quentin-tarantino-carga-contra-la-autora-de-los-juegos-del-hambre-no-se-como-no-la-demandaron-f202511-n\/\">Quentin Tarantino<\/a><b> ha abierto la boca y han salido sapos y culebras<\/b>. Se ha quedado bien a gusto, no ha dejado t\u00edtere con cabeza. El blanco de su ira es nada m\u00e1s y nada menos que el actor Paul Dano, al que ha criticado duramente por su papel en \u2018Pozos de ambici\u00f3n\u2019, la pel\u00edcula de Paul Thomas Anderson. Lo ha hecho en The Bret Easton Ellis Podcast, donde ha elegido este filme como la quinta mejor <a href=\"https:\/\/as.com\/meristation\/cine\/quentin-tarantino-revela-su-top-20-de-peliculas-favoritas-del-siglo-xxi-estas-van-del-20-al-11-f202511-n\/\" target=\"_self\" rel=\"nofollow noopener\" title=\"https:\/\/as.com\/meristation\/cine\/quentin-tarantino-revela-su-top-20-de-peliculas-favoritas-del-siglo-xxi-estas-van-del-20-al-11-f202511-n\/\">pel\u00edcula del siglo XXI<\/a>. Sin embargo, considera que, de no ser por Dano, liderar\u00eda su lista personal.<\/p>\n<p class=\"\">\u201c\u2018Pozos de ambici\u00f3n\u2019 <b>tendr\u00eda m\u00e1s oportunidades de ser la n\u00famero 1 o la n\u00famero 2<\/b> de no ser por un gran fallo: ese error es Paul Dano\u201d, ha dicho sin morderse la lengua. \u201cEst\u00e1 claro que es un duelo, pero tambi\u00e9n es obvio que no lo es\u201d.<\/p>\n<p><img decoding=\"async\" src=\"https:\/\/www.europesays.com\/es\/wp-content\/uploads\/2025\/12\/4R3R73RWHBKSHJQSMCBYLYTWGA.jpg\" alt=\"Quentin Tarantino carga directamente contra el actor de una de sus pel\u00edculas favoritas: \u201cEl maldito actor m\u00e1s d\u00e9bil del SAG\u201d&#9;\" height=\"675\" width=\"1200\"   loading=\"lazy\"\/>Paul Dano en la 71\u00b0 entrega de los  Emmy Awards en el Microsoft Theater. Septiembre 22, 2019. Los Angeles, California.\u201cEs una nenaza\u201d<\/p>\n<p class=\"\">Tarantino no ha dudado en arremeter contra Dano: \u201cEs un flojo, una nenaza\u201d. En cambio, s\u00ed tiene un nombre en mente que en su opini\u00f3n podr\u00eda haberlo hecho mucho mejor: \u201c<b>Austin Butler ser\u00eda fant\u00e1stico para ese papel<\/b>. [Dano] es simplemente un tipo flojo y poco interesante\u201d. El cineasta trabaj\u00f3 con Butler en \u2018\u00c9rase una vez en Hollywood\u2019.<\/p>\n<p class=\"\">Aunque Bret Easton Ellis intenta defender la interpretaci\u00f3n de Paul Dano y lo justifica aludiendo a la excelente actuaci\u00f3n de Daniel Day-Lewis, que ensombrece todo lo dem\u00e1s, Tarantino no cede nada de terreno y contin\u00faa disparando con bala: Entonces,<b> \u00bflo pones junto al actor m\u00e1s flojo [del sindicato] SAG?<\/b> \u00bfEl tipo m\u00e1s in\u00fatil del mundo?<\/p>\n<p>Noticias relacionadas<\/p>\n<p class=\"\">Suscr\u00edbete al <a href=\"https:\/\/www.youtube.com\/@meristation\" target=\"_self\" rel=\"nofollow noopener\" title=\"https:\/\/www.youtube.com\/@meristation\">canal de MeriStation en YouTube<\/a>, tu web de videojuegos y entretenimiento para conocer todas las noticias y novedades sobre el mundo del videojuego, cine, series, manga y anime. An\u00e1lisis, entrevistas, tr\u00e1ileres, gameplays, p\u00f3dcast y mucho m\u00e1s. Tambi\u00e9n te animamos a seguir <a href=\"https:\/\/www.tiktok.com\/@meristation\" rel=\"nofollow noopener\" title=\"https:\/\/www.tiktok.com\/@meristation\" target=\"_blank\">nuestra cuenta de TikTok<\/a>. <\/p>\n<p class=\"\">\u00a1S\u00edguenos en ambas y, si est\u00e1s interesado en licenciar este contenido, pincha <a href=\"https:\/\/profesional.elpais.com\/soluciones-sindicacion?utm_medium=interno&amp;utm_source=crosslinking&amp;utm_campaign=sindicacion_as_pie_articulos\" target=\"_blank\" rel=\"nofollow noopener\" title=\"https:\/\/profesional.elpais.com\/soluciones-sindicacion?utm_medium=interno&amp;utm_source=crosslinking&amp;utm_campaign=sindicacion_as_pie_articulos\">aqu\u00ed<\/a>!<\/p>\n<p><script async src=\"\/\/www.tiktok.com\/embed.js\"><\/script><\/p>\n","protected":false},"excerpt":{"rendered":"El director Quentin Tarantino ha abierto la boca y han salido sapos y culebras. Se ha quedado bien&hellip;\n","protected":false},"author":2,"featured_media":171974,"comment_status":"","ping_status":"","sticky":false,"template":"","format":"standard","meta":{"footnotes":""},"categories":[169],"tags":[177,146,147,25,24,176,175,23],"class_list":{"0":"post-272378","1":"post","2":"type-post","3":"status-publish","4":"format-standard","5":"has-post-thumbnail","7":"category-cine","8":"tag-cine","9":"tag-entertainment","10":"tag-entretenimiento","11":"tag-es","12":"tag-espana","13":"tag-film","14":"tag-movies","15":"tag-spain"},"share_on_mastodon":{"url":"https:\/\/pubeurope.com\/@es\/115666732549154907","error":""},"_links":{"self":[{"href":"https:\/\/www.europesays.com\/es\/wp-json\/wp\/v2\/posts\/272378","targetHints":{"allow":["GET"]}}],"collection":[{"href":"https:\/\/www.europesays.com\/es\/wp-json\/wp\/v2\/posts"}],"about":[{"href":"https:\/\/www.europesays.com\/es\/wp-json\/wp\/v2\/types\/post"}],"author":[{"embeddable":true,"href":"https:\/\/www.europesays.com\/es\/wp-json\/wp\/v2\/users\/2"}],"replies":[{"embeddable":true,"href":"https:\/\/www.europesays.com\/es\/wp-json\/wp\/v2\/comments?post=272378"}],"version-history":[{"count":0,"href":"https:\/\/www.europesays.com\/es\/wp-json\/wp\/v2\/posts\/272378\/revisions"}],"wp:featuredmedia":[{"embeddable":true,"href":"https:\/\/www.europesays.com\/es\/wp-json\/wp\/v2\/media\/171974"}],"wp:attachment":[{"href":"https:\/\/www.europesays.com\/es\/wp-json\/wp\/v2\/media?parent=272378"}],"wp:term":[{"taxonomy":"category","embeddable":true,"href":"https:\/\/www.europesays.com\/es\/wp-json\/wp\/v2\/categories?post=272378"},{"taxonomy":"post_tag","embeddable":true,"href":"https:\/\/www.europesays.com\/es\/wp-json\/wp\/v2\/tags?post=272378"}],"curies":[{"name":"wp","href":"https:\/\/api.w.org\/{rel}","templated":true}]}}