{"id":272381,"date":"2025-12-05T11:31:14","date_gmt":"2025-12-05T11:31:14","guid":{"rendered":"https:\/\/www.europesays.com\/es\/272381\/"},"modified":"2025-12-05T11:31:14","modified_gmt":"2025-12-05T11:31:14","slug":"descubren-una-variante-de-norovirus-que-ha-disparado-los-brotes-de-gastroenteritis-en-todo-el-mundo","status":"publish","type":"post","link":"https:\/\/www.europesays.com\/es\/272381\/","title":{"rendered":"Descubren una variante de norovirus que ha disparado los brotes de gastroenteritis en todo el mundo"},"content":{"rendered":"<p>                                    <img decoding=\"async\" loading=\"lazy\" src=\"https:\/\/www.europesays.com\/es\/wp-content\/uploads\/2025\/09\/67bee546d3754.jpeg\" alt=\"Llu\u00eds Serrano\" width=\"40\" height=\"40\" data-full-src=\"https:\/\/www.europesays.com\/es\/wp-content\/uploads\/2025\/09\/67bee546d3754.jpeg\"\/><\/p>\n<p class=\"paragraph\">Un <b>equipo internacional de cient\u00edficos liderado por la FDA<\/b> estadounidense y el Instituto Robert Koch de Alemania ha logrado identificar la nueva variante del norovirus GII.17 responsable del aumento de brotes de gastroenteritis a nivel mundial durante 2023 y 2024. Seg\u00fan revela el estudio publicado recientemente en la revista &#8216;Nature Communications&#8217;, este genotipo espec\u00edfico ha experimentado un proceso evolutivo que le ha permitido mejorar significativamente su capacidad de infecci\u00f3n en humanos.<\/p>\n<p class=\"paragraph\">El genotipo GII.17, que hist\u00f3ricamente no figuraba entre los diez predominantes, comenz\u00f3 su expansi\u00f3n desde varios pa\u00edses asi\u00e1ticos entre 2013 y 2016, dando origen a las variantes C y D. Aunque posteriormente los casos disminuyeron y el genotipo GII.4 recuper\u00f3 su predominio mundial, <b>desde 2023 numerosos pa\u00edses europeos y americanos han<\/b> registrado un repunte significativo de infecciones por esta variante espec\u00edfica del norovirus.<\/p>\n<p class=\"paragraph\">\u00abEl estudio muestra que la nueva variante del norovirus GII.17 ha seguido un proceso evolutivo din\u00e1mico, adapt\u00e1ndose para infectar con mayor eficacia a los seres humanos\u00bb, ha explicado Mar\u00eda Dolores Fern\u00e1ndez-Garc\u00eda, responsable de Gastroenteritis V\u00edricas en el Centro Nacional de Microbiolog\u00eda del ISCIII y colaboradora en esta investigaci\u00f3n. Esta cient\u00edfica ha destacado que la nueva variante presenta modificaciones gen\u00e9ticas distintivas, especialmente en la prote\u00edna VP1 de la c\u00e1psida viral.<\/p>\n<p>Cambios gen\u00e9ticos que potencian la infecci\u00f3n<\/p>\n<p class=\"paragraph\">Las mutaciones detectadas en esta nueva variante han mejorado notablemente <b>la capacidad del virus para adherirse a mol\u00e9culas<\/b> de az\u00facares que facilitan la infecci\u00f3n. Adem\u00e1s, estos cambios han modificado las propiedades antig\u00e9nicas del pat\u00f3geno, permiti\u00e9ndole evadir el reconocimiento del sistema inmunitario y facilitar el desarrollo de la infecci\u00f3n.<\/p>\n<p class=\"paragraph\">Los an\u00e1lisis comparativos revelan que esta versi\u00f3n del GII.17 presenta una mayor capacidad y versatilidad de uni\u00f3n celular que las variantes asi\u00e1ticas C y D anteriores. Esta adaptaci\u00f3n ha <b>ampliado el rango de personas susceptibles a la<\/b> infecci\u00f3n, contribuyendo decisivamente a su r\u00e1pida expansi\u00f3n por Europa y Am\u00e9rica durante los \u00faltimos dos a\u00f1os.<\/p>\n<p class=\"paragraph\">El estudio tambi\u00e9n ha revelado un hallazgo significativo: algunas de las mutaciones adaptativas m\u00e1s relevantes ya se estaban seleccionando a nivel intraindividual antes de propagarse a la poblaci\u00f3n general. \u00abLa historia de la variante GII.17 es un ejemplo de c\u00f3mo los virus evolucionan para encontrar nuevas oportunidades de infecci\u00f3n; solo entendiendo estos mecanismos podremos anticiparnos y evitar que se conviertan en grandes epidemias\u00bb, ha se\u00f1alado Fern\u00e1ndez-Garc\u00eda.<\/p>\n<p>La importancia de la vigilancia gen\u00f3mica global<\/p>\n<p class=\"paragraph\">Durante esta investigaci\u00f3n, los cient\u00edficos han analizado m\u00e1s de 1.400 genomas virales, tanto recientes como almacenados en bases de datos internacionales. El trabajo ha incluido genomas completos de norovirus GII.17 obtenidos en Espa\u00f1a gracias a <b>la caracterizaci\u00f3n molecular de brotes coordinada por el<\/b> Centro Nacional de Microbiolog\u00eda.<\/p>\n<p class=\"paragraph\">Los investigadores han examinado exhaustivamente los patrones de diversificaci\u00f3n global del virus a nivel gen\u00f3mico, as\u00ed como las mutaciones espec\u00edficas detectadas en 511 virus durante una d\u00e9cada de vigilancia en Alemania. El estudio tambi\u00e9n ha profundizado en la diversidad viral intrahu\u00e9sped y los procesos adaptativos que han llevado al predominio del GII.17.<\/p>\n<p class=\"paragraph\">Fern\u00e1ndez-Garc\u00eda ha subrayado que esta investigaci\u00f3n demuestra la crucial importancia de <b>la colaboraci\u00f3n internacional y la vigilancia gen\u00f3mica para<\/b> comprender la evoluci\u00f3n y adaptaci\u00f3n de los virus, aspectos fundamentales para proteger eficazmente la salud p\u00fablica. Asimismo, ha destacado que conocer c\u00f3mo peque\u00f1as mutaciones en la prote\u00edna VP1 afectan la capacidad del virus para infectar c\u00e9lulas y evadir la inmunidad natural podr\u00eda contribuir al desarrollo de vacunas m\u00e1s efectivas y a la anticipaci\u00f3n de futuras variantes.<\/p>\n","protected":false},"excerpt":{"rendered":"Un equipo internacional de cient\u00edficos liderado por la FDA estadounidense y el Instituto Robert Koch de Alemania ha&hellip;\n","protected":false},"author":2,"featured_media":272382,"comment_status":"","ping_status":"","sticky":false,"template":"","format":"standard","meta":{"footnotes":""},"categories":[92],"tags":[25,24,165,166,23],"class_list":{"0":"post-272381","1":"post","2":"type-post","3":"status-publish","4":"format-standard","5":"has-post-thumbnail","7":"category-salud","8":"tag-es","9":"tag-espana","10":"tag-health","11":"tag-salud","12":"tag-spain"},"share_on_mastodon":{"url":"https:\/\/pubeurope.com\/@es\/115666740064632037","error":""},"_links":{"self":[{"href":"https:\/\/www.europesays.com\/es\/wp-json\/wp\/v2\/posts\/272381","targetHints":{"allow":["GET"]}}],"collection":[{"href":"https:\/\/www.europesays.com\/es\/wp-json\/wp\/v2\/posts"}],"about":[{"href":"https:\/\/www.europesays.com\/es\/wp-json\/wp\/v2\/types\/post"}],"author":[{"embeddable":true,"href":"https:\/\/www.europesays.com\/es\/wp-json\/wp\/v2\/users\/2"}],"replies":[{"embeddable":true,"href":"https:\/\/www.europesays.com\/es\/wp-json\/wp\/v2\/comments?post=272381"}],"version-history":[{"count":0,"href":"https:\/\/www.europesays.com\/es\/wp-json\/wp\/v2\/posts\/272381\/revisions"}],"wp:featuredmedia":[{"embeddable":true,"href":"https:\/\/www.europesays.com\/es\/wp-json\/wp\/v2\/media\/272382"}],"wp:attachment":[{"href":"https:\/\/www.europesays.com\/es\/wp-json\/wp\/v2\/media?parent=272381"}],"wp:term":[{"taxonomy":"category","embeddable":true,"href":"https:\/\/www.europesays.com\/es\/wp-json\/wp\/v2\/categories?post=272381"},{"taxonomy":"post_tag","embeddable":true,"href":"https:\/\/www.europesays.com\/es\/wp-json\/wp\/v2\/tags?post=272381"}],"curies":[{"name":"wp","href":"https:\/\/api.w.org\/{rel}","templated":true}]}}