{"id":272393,"date":"2025-12-05T11:37:17","date_gmt":"2025-12-05T11:37:17","guid":{"rendered":"https:\/\/www.europesays.com\/es\/272393\/"},"modified":"2025-12-05T11:37:17","modified_gmt":"2025-12-05T11:37:17","slug":"este-fin-de-semana-colmenar-viejo-enciende-las-luces-de-navidad-y-se-celebra-el-concierto-de-la-constitucion-en-el-auditorio","status":"publish","type":"post","link":"https:\/\/www.europesays.com\/es\/272393\/","title":{"rendered":"Este fin de semana, Colmenar Viejo enciende las luces de Navidad y se celebra el Concierto de la Constituci\u00f3n en el Auditorio"},"content":{"rendered":"<p>05-diciembre-2025. Se acerca las fiestas navide\u00f1as y este viernes se encienden las luces de Navidad en todo Colmenar Viejo. Adem\u00e1s, concierto por el D\u00eda de la Constituci\u00f3n y teatro de t\u00edteres en el Auditorio; mercadillo de oportunidades junto a la Bas\u00edlica, actividades en las bibliotecas y nuevas exposiciones en el Centro Cultural \u2018Picasso\u2019.<\/p>\n<p><strong>Colmenar Viejo es Navidad: encendido de la luces navide\u00f1as<\/strong><\/p>\n<p>Colmenar Viejo da hoy la bienvenida a la Navidad, a partir de las 18:00h, con el <strong>encendido de las luces<\/strong>.<\/p>\n<p><a href=\"https:\/\/colmenarviejo.com\/comunicacion\/noticias\/este-fin-de-semana-colmenar-viejo-enciende-las-luces-de-navidad-y-se-celebra-el-concierto-de-la-constitucion-en-el-auditorio\/boletin-navidad-colmenar-viejo_web.pdf\" rel=\"noopener nofollow\" style=\"color: #0071bc;\" target=\"_blank\">Consulta toda la programaci\u00f3n en el Bolet\u00edn de Navidad<\/a><\/p>\n<p><img decoding=\"async\" alt=\"NdP_Luces de Navidad-2.jpg\" class=\"image-richtext image-inline\" src=\"https:\/\/www.europesays.com\/es\/wp-content\/uploads\/2025\/12\/ceeeea5d-6964-45ba-8992-61cfc4bd7574.jpeg\" title=\"NdP_Luces de Navidad-2.jpg\"\/><\/p>\n<p><img decoding=\"async\" alt=\"NdP_ Luces de Navidad-1.jpeg\" class=\"image-richtext image-inline\" src=\"https:\/\/www.europesays.com\/es\/wp-content\/uploads\/2025\/12\/0d023dcc-aeb1-41fe-8d9d-cdd1d2716430.jpeg\" title=\"NdP_ Luces de Navidad-1.jpeg\"\/><\/p>\n<p>\u00a0<\/p>\n<p><strong>Concierto de la Constituci\u00f3n y teatro de t\u00edteres en el Auditorio <\/strong><\/p>\n<p>El s\u00e1bado podremos disfrutar en el Auditorio de un vibrante y emocionante \u2018Concierto del D\u00eda de la Constituci\u00f3n\u2019, ofrecido por la Banda Sinf\u00f3nica de Colmenar Viejo, bajo la batuta de Francisco Juan Rodr\u00edguez. Un viaje musical por tres siglos de historia sonora espa\u00f1ola, donde tradici\u00f3n y modernidad se funden en una aut\u00e9ntica fiesta cultural. Ritmos cautivadores, obras emblem\u00e1ticas y todo el poder expresivo de nuestra m\u00fasica<\/p>\n<p>El concierto comienza a las 20:00h y tendr\u00e1 una duraci\u00f3n de 60 minutos. Las entradas tienen un precio de 9 euros en platea y 6 euros en tribuna.<\/p>\n<p><img decoding=\"async\" alt=\"NdP_Concierto Constituci\u00f3n_cartel.jpg\" class=\"image-richtext image-inline\" src=\"https:\/\/www.europesays.com\/es\/wp-content\/uploads\/2025\/12\/fa945dee-d696-4f2e-a3f1-405b632c3d98.jpeg\" title=\"NdP_Concierto Constituci\u00f3n_cartel.jpg\"\/><\/p>\n<p>Y el domingo, en el Auditorio \u2018Villa de Colmenar Viejo\u2019, tendremos la oportunidad de asistir a la obra de teatro de t\u00edteres \u2018Yo, Tarz\u00e1n\u2019, interpretada por Ingrid Teixid\u00f3 y Pere Pampols.<\/p>\n<p>En medio de la selva, una criatura se queda hu\u00e9rfana y desprotegida ante los peligros de la jungla. Esta realidad se ver\u00e1 alterada cuando una familia de gorilas decide que dicha beb\u00e9 forme parte de su tribu y as\u00ed empieza la historia de nuestra protagonista: Tarz\u00e1n, una ni\u00f1a que crecer\u00e1 pensando que es una gorila m\u00e1s.<\/p>\n<p>La obra dar\u00e1 comienzo a las 17:30h y tendr\u00e1 una duraci\u00f3n de 55 minutos. Las entradas tienen un precio de 5 euros para los ni\u00f1os y 6 euros los adultos.<\/p>\n<p><img decoding=\"async\" alt=\"NdP_Yo-Tarz\u00e1n.jpg\" class=\"image-richtext image-inline\" src=\"https:\/\/www.europesays.com\/es\/wp-content\/uploads\/2025\/12\/8f85a2fa-5c1d-4254-a4fc-5fe1d95b1f3e.jpeg\" title=\"NdP_Yo-Tarz\u00e1n.jpg\"\/><\/p>\n<p><a href=\"https:\/\/www.flowte.me\/storefront\/colmenar-viejo\" rel=\"noopener nofollow\" target=\"_blank\">M\u00e1s informaci\u00f3n sobre la venta de entradas<\/a><\/p>\n<p>\u00a0<\/p>\n<p><strong>Mercadillo de oportunidades<\/strong><\/p>\n<p>Durante los d\u00edas 5, 6 y 7 de diciembre, se va a celebrar un <strong>mercadillo de oportunidades<\/strong> que estar\u00e1 ubicado en los alrededores de la Bas\u00edlica de la Asunci\u00f3n de Nuestra Se\u00f1ora, en la calle del Cura, 14.<\/p>\n<p>El horario ser\u00e1 el siguiente: el viernes, de 17:00 a 20:00h; el s\u00e1bado, de 10:00 a 14:00h y de 16:00 a 20:00h, y el domingo, de 10:00 a 14:00h.<\/p>\n<p>El s\u00e1bado 6, a partir de las 18:00h, los visitantes del mercadillo podr\u00e1n degustar chocolate con bizcochos.<\/p>\n<p><img decoding=\"async\" alt=\"NdP_Mercadillo de oportunidades.jpeg\" class=\"image-richtext image-inline\" src=\"https:\/\/www.europesays.com\/es\/wp-content\/uploads\/2025\/12\/c702c522-5d88-4f89-baf7-46e5a96e83eb.jpeg\" title=\"NdP_Mercadillo de oportunidades.jpeg\"\/><\/p>\n<p>\u00a0<\/p>\n<p><strong>Actividades y exposiciones en las bibliotecas municipales<\/strong><\/p>\n<ul>\n<li>Taller de lectura dramatizada para adultos\n<ul>\n<li>De 11:30 a 13:00h<\/li>\n<li>Es necesaria inscripci\u00f3n previa<\/li>\n<li>Biblioteca \u2018Miguel de Cervantes\u2019<\/li>\n<\/ul>\n<\/li>\n<li>Taller de lectura dramatizada para j\u00f3venes\n<ul>\n<li>De 17:30 a 19:00h<\/li>\n<li>Es necesaria inscripci\u00f3n previa<\/li>\n<li>Biblioteca \u2018Miguel de Cervantes\u2019<\/li>\n<\/ul>\n<\/li>\n<li>Taller de lectura dramatizada para adultos\n<ul>\n<li>De 19:00 a 20:30h<\/li>\n<li>Es necesaria inscripci\u00f3n previa<\/li>\n<li>Biblioteca \u2018Miguel de Cervantes\u2019<\/li>\n<\/ul>\n<\/li>\n<li>Exposici\u00f3n: \u2018La Transici\u00f3n\u2019\n<ul>\n<li>Durante todo el mes de diciembre<\/li>\n<li>Bibliotecas \u2018Miguel de Cervantes\u2019 y \u2018Pablo Ruiz Picasso\u2019. Sala de Adultos<\/li>\n<\/ul>\n<\/li>\n<li>Exposici\u00f3n: \u2018Feliz Navidad y felices lecturas\u2019\n<ul>\n<li>Durante todo el mes de diciembre<\/li>\n<li>Bibliotecas \u2018Miguel de Cervantes\u2019 y \u2018Mario Vargas Llosa\u2019. Sala Infantil<\/li>\n<\/ul>\n<\/li>\n<\/ul>\n<p><a href=\"https:\/\/colmenarviejo.com\/cultura\/bibliotecas-municipales\" target=\"_parent\" rel=\"nofollow noopener\">M\u00e1s informaci\u00f3n sobre las bibliotecas municipales<\/a><\/p>\n<p><img decoding=\"async\" alt=\"NdP_Bibliotecas.jpg\" class=\"image-richtext image-inline\" src=\"https:\/\/www.europesays.com\/es\/wp-content\/uploads\/2025\/12\/d1f60ed8-3a89-41a6-8552-9cf6d293787b.jpeg\" title=\"NdP_Bibliotecas.jpg\"\/><\/p>\n<p>\u00a0<\/p>\n<p><strong>Competiciones deportivas<\/strong><\/p>\n<ul>\n<li>F\u00fatbol: Tercera Federaci\u00f3n Femenina, Grupo 7\n<ul>\n<li>AD Colmenar Viejo contra AD Sporting Hortaleza<\/li>\n<li>Domingo, a las 11:30h<\/li>\n<li>Campo de F\u00fatbol \u2018Alberto Ruiz\u2019<\/li>\n<\/ul>\n<\/li>\n<\/ul>\n<p><img decoding=\"async\" alt=\"NdP_FutFem.jpg\" class=\"image-richtext image-inline\" src=\"https:\/\/www.europesays.com\/es\/wp-content\/uploads\/2025\/12\/45952577-a3ef-40ac-a38a-15498aeabf79.jpeg\" title=\"NdP_FutFem.jpg\"\/><\/p>\n<p>\u00a0<\/p>\n<p><strong>Exposiciones del Centro Cultural \u2018Picasso\u2019<\/strong><\/p>\n<p>Este fin de semana podemos visitar estas dos exposiciones en el Centro Cultural \u2018Picasso\u2019.<\/p>\n<p>En la <strong>Sala Picasso<\/strong> podemos ver una nueva exposici\u00f3n: \u2018Grabadores de la Sierra\u2019, del grupo Trazo Colectivo, que re\u00fane a ocho grabadores \u2013cuatro de Tres Cantos y cuatro de Colmenar Viejo\u2013 con una trayectoria reconocida en el \u00e1mbito del arte y la obra gr\u00e1fica. Su uni\u00f3n responde al deseo de visibilizar y fortalecer el trabajo de los grabadores de la Sierra, impulsados tanto por la proximidad geogr\u00e1fica y la memoria de haber compartido una misma poblaci\u00f3n en el pasado, como por un entusiasmo com\u00fan: explorar y expresar, a trav\u00e9s de las t\u00e9cnicas de las artes gr\u00e1ficas, la riqueza de su lenguaje art\u00edstico. La exposici\u00f3n presenta unas 40 obras, elaboradas con diversas t\u00e9cnicas gr\u00e1ficas: grabado en colograf\u00edas, monotipias y serigraf\u00eda en papel, y que podr\u00e1 visitarse hasta el 30 de diciembre en la Sala Picasso.<\/p>\n<p><img decoding=\"async\" alt=\"NdP_ExpoPicasso-SalaPicasso-dic2025 (1).jpg\" class=\"image-richtext image-inline\" src=\"https:\/\/www.europesays.com\/es\/wp-content\/uploads\/2025\/12\/72afd688-08c6-4402-a0ba-9fa2feae1f0d.jpeg\" title=\"NdP_ExpoPicasso-SalaPicasso-dic2025 (1).jpg\"\/><\/p>\n<p>Y en el <strong>Vest\u00edbulo<\/strong> podemos visitar la exposici\u00f3n \u2018Equilibrio constructivo\u2019, de \u00c1ngel Hern\u00e1ndez P\u00e9rez y Javier Bravo Izquierdo, en la que las obras expuestas incitan a la reflexi\u00f3n, en un juego de dualidades que se enfrentan y, a la vez, mantienen su equilibrio, con colores que se oponen, frialdad y calidez, y una frontera poco definida entre escultura y pintura, ya que ambas se invaden e interrelacionan en todo momento. La divisi\u00f3n fragmentada de las superficies potencia, a trav\u00e9s del color, diferentes cualidades perceptivas. La muestra recoge treinta formas geom\u00e9tricas, y podr\u00e1 verse hasta el 30 de diciembre.<\/p>\n<p><img decoding=\"async\" alt=\"NdP_ExpoPicasso-Vestibulo-dic2025 (1).jpeg\" class=\"image-richtext image-inline\" src=\"https:\/\/www.europesays.com\/es\/wp-content\/uploads\/2025\/12\/aeef7cd9-caf8-4eb2-bcf8-ef074d2a5169.jpeg\" title=\"NdP_ExpoPicasso-Vestibulo-dic2025 (1).jpeg\"\/><\/p>\n","protected":false},"excerpt":{"rendered":"05-diciembre-2025. Se acerca las fiestas navide\u00f1as y este viernes se encienden las luces de Navidad en todo Colmenar&hellip;\n","protected":false},"author":2,"featured_media":56143,"comment_status":"","ping_status":"","sticky":false,"template":"","format":"standard","meta":{"footnotes":""},"categories":[5],"tags":[17,18,25,24,13,14,11,19,20,9,10,15,16,23,12,21,22],"class_list":{"0":"post-272393","1":"post","2":"type-post","3":"status-publish","4":"format-standard","5":"has-post-thumbnail","7":"category-titulares","8":"tag-breaking-news","9":"tag-breakingnews","10":"tag-es","11":"tag-espana","12":"tag-featured-news","13":"tag-featurednews","14":"tag-headlines","15":"tag-latest-news","16":"tag-latestnews","17":"tag-news","18":"tag-noticias","19":"tag-noticias-destacadas","20":"tag-noticiasdestacadas","21":"tag-spain","22":"tag-titulares","23":"tag-ultimas-noticias","24":"tag-ultimasnoticias"},"share_on_mastodon":{"url":"https:\/\/pubeurope.com\/@es\/115666763834318825","error":""},"_links":{"self":[{"href":"https:\/\/www.europesays.com\/es\/wp-json\/wp\/v2\/posts\/272393","targetHints":{"allow":["GET"]}}],"collection":[{"href":"https:\/\/www.europesays.com\/es\/wp-json\/wp\/v2\/posts"}],"about":[{"href":"https:\/\/www.europesays.com\/es\/wp-json\/wp\/v2\/types\/post"}],"author":[{"embeddable":true,"href":"https:\/\/www.europesays.com\/es\/wp-json\/wp\/v2\/users\/2"}],"replies":[{"embeddable":true,"href":"https:\/\/www.europesays.com\/es\/wp-json\/wp\/v2\/comments?post=272393"}],"version-history":[{"count":0,"href":"https:\/\/www.europesays.com\/es\/wp-json\/wp\/v2\/posts\/272393\/revisions"}],"wp:featuredmedia":[{"embeddable":true,"href":"https:\/\/www.europesays.com\/es\/wp-json\/wp\/v2\/media\/56143"}],"wp:attachment":[{"href":"https:\/\/www.europesays.com\/es\/wp-json\/wp\/v2\/media?parent=272393"}],"wp:term":[{"taxonomy":"category","embeddable":true,"href":"https:\/\/www.europesays.com\/es\/wp-json\/wp\/v2\/categories?post=272393"},{"taxonomy":"post_tag","embeddable":true,"href":"https:\/\/www.europesays.com\/es\/wp-json\/wp\/v2\/tags?post=272393"}],"curies":[{"name":"wp","href":"https:\/\/api.w.org\/{rel}","templated":true}]}}