{"id":272400,"date":"2025-12-05T11:46:10","date_gmt":"2025-12-05T11:46:10","guid":{"rendered":"https:\/\/www.europesays.com\/es\/272400\/"},"modified":"2025-12-05T11:46:10","modified_gmt":"2025-12-05T11:46:10","slug":"yaya-toure-ex-jugador-del-barca-y-del-manchester-city-reabre-viejas-heridas-con-guardiola-es-una-serpiente","status":"publish","type":"post","link":"https:\/\/www.europesays.com\/es\/272400\/","title":{"rendered":"Yaya Tour\u00e9, ex jugador del Bar\u00e7a y del Manchester City, reabre viejas heridas con Guardiola: \u00abEs una serpiente\u00bb"},"content":{"rendered":"<p data-gtm-element-container=\"modulo-texto-link\" class=\"paragraph\">Conocida es la tensa relaci\u00f3n que existi\u00f3 entre <strong>Yaya Tour\u00e9<\/strong> y <strong>Pep Guardiola<\/strong> durante las tres temporadas que el ex centrocampista de Costa de Marfil, de 42 a\u00f1os, estuvo en el Camp Nou (2007-10). Cuando se march\u00f3 del equipo azulgrana al Manchester City ya critic\u00f3 al t\u00e9cnico, <a href=\"https:\/\/www.mundodeportivo.com\/futbol\/premier-league\/20180605\/444086177189\/yaya-toure-explota-contra-guardiola-quiero-que-se-rompa-su-mito.html\" target=\"_blank\" rel=\"nofollow noopener\">al que acus\u00f3 de menospreciar a los futbolistas africanos<\/a>. Ahora, vuelve a la carga en una entrevista en el canal de youtube de &#8216;ZACK&#8217;.\u00a0<\/p>\n<p data-gtm-element-container=\"modulo-texto-link\" class=\"paragraph\">Yaya Tour\u00e9\u00a0no se ha contenido al recordar su pasado con el entrenador catal\u00e1n y ha reabierto viejas heridas, afirmando que \u00abno le veo como un hombre, le veo como una serpiente\u00bb, e incluso mencion\u00f3 algunas las duras palabras que su esposa, Gineba Tour\u00e9, pronunci\u00f3 al hablar sobre \u00e9l.\u00a0<\/p>\n<p>    Lee tambi\u00e9n<\/p>\n<p data-gtm-element-container=\"modulo-texto-link\" class=\"paragraph\">En la temporada 2009-2010 empiezan los problemas con Guardiola y termin\u00f3 march\u00e1ndose al Manchester City: \u00abNo veo a un hombre, veo a una serpiente. No me puso a jugar en todo a\u00f1o y despu\u00e9s del Mundial de 2010 me dijo que ten\u00eda que volver a Barcelona, que me quer\u00eda. Mi mujer me dijo: &#8216;\u00bfVas a hacer caso a esa tonter\u00eda? Te trat\u00f3 como a una mierda y ahora quiere que te quedes, \u00bfy t\u00fa te vas a quedar? V\u00e1monos a Manchester. No es un hombre, es malvado\u00bb.<\/p>\n","protected":false},"excerpt":{"rendered":"Conocida es la tensa relaci\u00f3n que existi\u00f3 entre Yaya Tour\u00e9 y Pep Guardiola durante las tres temporadas que&hellip;\n","protected":false},"author":2,"featured_media":272401,"comment_status":"","ping_status":"","sticky":false,"template":"","format":"standard","meta":{"footnotes":""},"categories":[268],"tags":[168,25,24,280,282,281,23,167],"class_list":{"0":"post-272400","1":"post","2":"type-post","3":"status-publish","4":"format-standard","5":"has-post-thumbnail","7":"category-futbol","8":"tag-deportes","9":"tag-es","10":"tag-espana","11":"tag-football","12":"tag-futbol","13":"tag-soccer","14":"tag-spain","15":"tag-sports"},"share_on_mastodon":{"url":"https:\/\/pubeurope.com\/@es\/115666798930156722","error":""},"_links":{"self":[{"href":"https:\/\/www.europesays.com\/es\/wp-json\/wp\/v2\/posts\/272400","targetHints":{"allow":["GET"]}}],"collection":[{"href":"https:\/\/www.europesays.com\/es\/wp-json\/wp\/v2\/posts"}],"about":[{"href":"https:\/\/www.europesays.com\/es\/wp-json\/wp\/v2\/types\/post"}],"author":[{"embeddable":true,"href":"https:\/\/www.europesays.com\/es\/wp-json\/wp\/v2\/users\/2"}],"replies":[{"embeddable":true,"href":"https:\/\/www.europesays.com\/es\/wp-json\/wp\/v2\/comments?post=272400"}],"version-history":[{"count":0,"href":"https:\/\/www.europesays.com\/es\/wp-json\/wp\/v2\/posts\/272400\/revisions"}],"wp:featuredmedia":[{"embeddable":true,"href":"https:\/\/www.europesays.com\/es\/wp-json\/wp\/v2\/media\/272401"}],"wp:attachment":[{"href":"https:\/\/www.europesays.com\/es\/wp-json\/wp\/v2\/media?parent=272400"}],"wp:term":[{"taxonomy":"category","embeddable":true,"href":"https:\/\/www.europesays.com\/es\/wp-json\/wp\/v2\/categories?post=272400"},{"taxonomy":"post_tag","embeddable":true,"href":"https:\/\/www.europesays.com\/es\/wp-json\/wp\/v2\/tags?post=272400"}],"curies":[{"name":"wp","href":"https:\/\/api.w.org\/{rel}","templated":true}]}}