{"id":272404,"date":"2025-12-05T11:48:16","date_gmt":"2025-12-05T11:48:16","guid":{"rendered":"https:\/\/www.europesays.com\/es\/272404\/"},"modified":"2025-12-05T11:48:16","modified_gmt":"2025-12-05T11:48:16","slug":"dialogos-de-pepe-baena-en-el-cafe-de-levante","status":"publish","type":"post","link":"https:\/\/www.europesays.com\/es\/272404\/","title":{"rendered":"Di\u00e1logos de Pepe Baena en el Caf\u00e9 de Levante"},"content":{"rendered":"<p class=\"paragraph-atom&#10;        &#10;        B-510-400-550-N B-525-400-700-N--md&#10;        &#10;        \">\n    El Caf\u00e9 Levante ha contado con la participaci\u00f3n del pintor Pepe Baena dentro del ciclo los di\u00e1logos de \u2018Clientela Selecta\u2019. El acto, con aforo completo,  cont\u00f3 con la intervenci\u00f3n de Salvador Celada, que fue el encargado de presentar a Pepe Baena y al periodista Juan Manuel Marqu\u00e9s. Durante la sesi\u00f3n, el periodista JuanManuel Marqu\u00e9s hizo un recorrido sobre la trayectoria pict\u00f3rica  y la evoluci\u00f3n en el mercado  de la pintura de Pepe Baena a trav\u00e9s de un coloquio  lleno de humor y gaditanismo.\n    <\/p>\n<p>                                                            <img decoding=\"async\" loading=\"lazy\" src=\"https:\/\/www.europesays.com\/es\/wp-content\/uploads\/2025\/12\/cc849992-8920-4d0d-bf38-a7dd361ee763_16-9-aspect-ratio_1600w_0.jpg\" alt=\"Mar\u00eda Jes\u00fas Castro, Lolo Bustelo, Margarita Marqu\u00e9s y Pepe Baena durante la coloquio.\" title=\"Mar\u00eda Jes\u00fas Castro, Lolo Bustelo, Margarita Marqu\u00e9s y Pepe Baena durante la coloquio.\" height=\"900\" width=\"1600\"\/><\/p>\n<p>            Mar\u00eda Jes\u00fas Castro, Lolo Bustelo, Margarita Marqu\u00e9s y Pepe Baena durante la coloquio.<\/p>\n<p>                                                            <img decoding=\"async\" loading=\"lazy\" src=\"https:\/\/www.europesays.com\/es\/wp-content\/uploads\/2025\/12\/13a745d2-c5c8-4526-9487-653a1fbafe7f_16-9-aspect-ratio_1600w_0.jpg\" alt=\"Paqui  Sousa, Luis Frade, Carmen Blanco, Marisa de las Cuevas y Tere Torres compartieron mesa durante el coloquio.\" title=\"Paqui  Sousa, Luis Frade, Carmen Blanco, Marisa de las Cuevas y Tere Torres compartieron mesa durante el coloquio.\" height=\"900\" width=\"1600\"\/><\/p>\n<p>            Paqui  Sousa, Luis Frade, Carmen Blanco, Marisa de las Cuevas y Tere Torres compartieron mesa durante el coloquio.<\/p>\n","protected":false},"excerpt":{"rendered":"El Caf\u00e9 Levante ha contado con la participaci\u00f3n del pintor Pepe Baena dentro del ciclo los di\u00e1logos de&hellip;\n","protected":false},"author":2,"featured_media":272405,"comment_status":"","ping_status":"","sticky":false,"template":"","format":"standard","meta":{"footnotes":""},"categories":[173],"tags":[229,233,231,230,32759,6185,232,42031,234,146,147,25,24,3151,13311,23],"class_list":{"0":"post-272404","1":"post","2":"type-post","3":"status-publish","4":"format-standard","5":"has-post-thumbnail","7":"category-arte-y-diseno","8":"tag-arte","9":"tag-arte-y-diseno","10":"tag-arts","11":"tag-arts-and-design","12":"tag-baena","13":"tag-cafe","14":"tag-design","15":"tag-dialogos","16":"tag-diseno","17":"tag-entertainment","18":"tag-entretenimiento","19":"tag-es","20":"tag-espana","21":"tag-levante","22":"tag-pepe","23":"tag-spain"},"share_on_mastodon":{"url":"https:\/\/pubeurope.com\/@es\/115666806706745696","error":""},"_links":{"self":[{"href":"https:\/\/www.europesays.com\/es\/wp-json\/wp\/v2\/posts\/272404","targetHints":{"allow":["GET"]}}],"collection":[{"href":"https:\/\/www.europesays.com\/es\/wp-json\/wp\/v2\/posts"}],"about":[{"href":"https:\/\/www.europesays.com\/es\/wp-json\/wp\/v2\/types\/post"}],"author":[{"embeddable":true,"href":"https:\/\/www.europesays.com\/es\/wp-json\/wp\/v2\/users\/2"}],"replies":[{"embeddable":true,"href":"https:\/\/www.europesays.com\/es\/wp-json\/wp\/v2\/comments?post=272404"}],"version-history":[{"count":0,"href":"https:\/\/www.europesays.com\/es\/wp-json\/wp\/v2\/posts\/272404\/revisions"}],"wp:featuredmedia":[{"embeddable":true,"href":"https:\/\/www.europesays.com\/es\/wp-json\/wp\/v2\/media\/272405"}],"wp:attachment":[{"href":"https:\/\/www.europesays.com\/es\/wp-json\/wp\/v2\/media?parent=272404"}],"wp:term":[{"taxonomy":"category","embeddable":true,"href":"https:\/\/www.europesays.com\/es\/wp-json\/wp\/v2\/categories?post=272404"},{"taxonomy":"post_tag","embeddable":true,"href":"https:\/\/www.europesays.com\/es\/wp-json\/wp\/v2\/tags?post=272404"}],"curies":[{"name":"wp","href":"https:\/\/api.w.org\/{rel}","templated":true}]}}