{"id":272411,"date":"2025-12-05T11:53:08","date_gmt":"2025-12-05T11:53:08","guid":{"rendered":"https:\/\/www.europesays.com\/es\/272411\/"},"modified":"2025-12-05T11:53:08","modified_gmt":"2025-12-05T11:53:08","slug":"eric-garcia-renueva-con-el-barcelona-hasta-2031-futbol-deportes","status":"publish","type":"post","link":"https:\/\/www.europesays.com\/es\/272411\/","title":{"rendered":"Eric Garc\u00eda renueva con el Barcelona hasta 2031 | F\u00fatbol | Deportes"},"content":{"rendered":"<p class=\"\">Eric Garc\u00eda, indiscutible en el esquema de Hansi Flick, renueva con el FC Barcelona hasta el 30 de junio de 2031, tal y como ha anunciado el club este viernes. El central de Martorell, que terminaba contrato en verano de 2026, ha disputado todos los encuentros de Liga y Champions esta temporada, acumulando un total de 1.510 minutos, el futbolista que m\u00e1s suma de toda la plantilla. <a href=\"https:\/\/elpais.com\/deportes\/futbol\/2025-11-05\/eric-garcia-tras-el-empate-en-brujas-nos-crean-mucho-peligro-con-dos-pases-nos-llegan-al-area.html\" target=\"_self\" rel=\"nofollow noopener\" title=\"https:\/\/elpais.com\/deportes\/futbol\/2025-11-05\/eric-garcia-tras-el-empate-en-brujas-nos-crean-mucho-peligro-con-dos-pases-nos-llegan-al-area.html\">Ni siquiera la fractura nasal que sufri\u00f3 ante el Brujas ha cortado su progresi\u00f3n<\/a>. Su polivalencia le ha llevado a ocupar todo tipo de posiciones: de central, lateral o mediocentro. El acto oficial de firma de Eric ser\u00e1 el pr\u00f3ximo jueves, 11 de diciembre, al medio d\u00eda, en el despacho de Joan Laporta, y despu\u00e9s atender\u00e1 a los medios de comunicaci\u00f3n.<\/p>\n<p>M\u00e1s informaci\u00f3n<\/p>\n<p class=\"\">La renovaci\u00f3n ya la confirm\u00f3 el propio presidente azulgrana este jueves en \u201cForos de Vanguardia\u201d. \u201cDeco est\u00e1 trabajando. Seguramente puede haber oportunidades en el mercado, pero Flick est\u00e1 sacando mucho provecho de nuestros jugadores. Eric es un jugador que influye en el grupo mucho y bien. Es equilibrado y polivalente\u201d, comparti\u00f3 Laporta. El canterano se form\u00f3 en las categor\u00edas inferiores del Barcelona, hasta que en 2017 cambi\u00f3 de ciudad, pa\u00eds y equipo y se incorpor\u00f3 a las filas del Manchester City. <a href=\"https:\/\/elpais.com\/deportes\/2021-06-01\/eric-garcia-regresa-al-barcelona.html\" target=\"_self\" rel=\"nofollow noopener\" title=\"https:\/\/elpais.com\/deportes\/2021-06-01\/eric-garcia-regresa-al-barcelona.html\">En 2021, cuatro a\u00f1os despu\u00e9s, regres\u00f3 a la Ciudad Condal, pero no logr\u00f3 asentarse con Xavi Hern\u00e1ndez<\/a>. Por lo que en 2023 sali\u00f3 cedido al Girona, y bajo las \u00f3rdenes de M\u00edchel, sigui\u00f3 creciendo en una temporada en la que el equipo de Montilivi logr\u00f3 clasificarse para Champions.<\/p>\n<p class=\"\">Eric volvi\u00f3 a Barcelona justo con la llegada de Hansi Flick al banquillo azulgrana. Y fue precisamente el t\u00e9cnico alem\u00e1n, y su confianza, quien acab\u00f3 con las dudas del futbolista de Martorell de salir del club. Ahora, su presencia en el Bar\u00e7a es imprescindible.<\/p>\n","protected":false},"excerpt":{"rendered":"Eric Garc\u00eda, indiscutible en el esquema de Hansi Flick, renueva con el FC Barcelona hasta el 30 de&hellip;\n","protected":false},"author":2,"featured_media":272412,"comment_status":"","ping_status":"","sticky":false,"template":"","format":"standard","meta":{"footnotes":""},"categories":[93],"tags":[1540,168,1539,10445,25,24,881,4970,282,1538,4467,2013,23,167],"class_list":{"0":"post-272411","1":"post","2":"type-post","3":"status-publish","4":"format-standard","5":"has-post-thumbnail","7":"category-deportes","8":"tag-competiciones","9":"tag-deportes","10":"tag-entrenadores","11":"tag-eric-garcia","12":"tag-es","13":"tag-espana","14":"tag-fc-barcelona","15":"tag-flick","16":"tag-futbol","17":"tag-futbolistas","18":"tag-joan-laporta","19":"tag-manchester-city","20":"tag-spain","21":"tag-sports"},"share_on_mastodon":{"url":"https:\/\/pubeurope.com\/@es\/115666826389708823","error":""},"_links":{"self":[{"href":"https:\/\/www.europesays.com\/es\/wp-json\/wp\/v2\/posts\/272411","targetHints":{"allow":["GET"]}}],"collection":[{"href":"https:\/\/www.europesays.com\/es\/wp-json\/wp\/v2\/posts"}],"about":[{"href":"https:\/\/www.europesays.com\/es\/wp-json\/wp\/v2\/types\/post"}],"author":[{"embeddable":true,"href":"https:\/\/www.europesays.com\/es\/wp-json\/wp\/v2\/users\/2"}],"replies":[{"embeddable":true,"href":"https:\/\/www.europesays.com\/es\/wp-json\/wp\/v2\/comments?post=272411"}],"version-history":[{"count":0,"href":"https:\/\/www.europesays.com\/es\/wp-json\/wp\/v2\/posts\/272411\/revisions"}],"wp:featuredmedia":[{"embeddable":true,"href":"https:\/\/www.europesays.com\/es\/wp-json\/wp\/v2\/media\/272412"}],"wp:attachment":[{"href":"https:\/\/www.europesays.com\/es\/wp-json\/wp\/v2\/media?parent=272411"}],"wp:term":[{"taxonomy":"category","embeddable":true,"href":"https:\/\/www.europesays.com\/es\/wp-json\/wp\/v2\/categories?post=272411"},{"taxonomy":"post_tag","embeddable":true,"href":"https:\/\/www.europesays.com\/es\/wp-json\/wp\/v2\/tags?post=272411"}],"curies":[{"name":"wp","href":"https:\/\/api.w.org\/{rel}","templated":true}]}}