{"id":272413,"date":"2025-12-05T11:54:12","date_gmt":"2025-12-05T11:54:12","guid":{"rendered":"https:\/\/www.europesays.com\/es\/272413\/"},"modified":"2025-12-05T11:54:12","modified_gmt":"2025-12-05T11:54:12","slug":"separ-insta-a-extremar-las-medidas-de-prevencion-respiratoria-ante-el-repunte-de-infecciones","status":"publish","type":"post","link":"https:\/\/www.europesays.com\/es\/272413\/","title":{"rendered":"SEPAR insta a extremar las medidas de prevenci\u00f3n respiratoria ante el repunte de infecciones"},"content":{"rendered":"<p><img id=\"fotoPrincipalNoticia\" src=\"https:\/\/www.europesays.com\/es\/wp-content\/uploads\/2025\/12\/fotonoticia_20251205102927_690.jpg\" loading=\"eager\" decoding=\"async\" style=\"view-transition-name: fechor_20251205102927;\" border=\"0\" alt=\"Archivo - Imagen de archivo de dos mujeres con mascarilla.\" fetchpriority=\"high\" title=\"SEPAR insta a extremar las medidas de prevenci\u00f3n respiratoria ante el repunte de infecciones\" width=\"690\" height=\"460\" itemprop=\"image\"\/><\/p>\n<p>Archivo &#8211; Imagen de archivo de dos mujeres con mascarilla. &#8211; Carlos Luj\u00e1n &#8211; Europa Press &#8211; Archivo<\/p>\n<p>   MADRID, 5 Dic. (EUROPA PRESS) &#8211; <\/p>\n<p>   La Sociedad Espa\u00f1ola de Neumolog\u00eda y Cirug\u00eda Tor\u00e1cica (SEPAR) ha recordado la importancia de reforzar las medidas de prevenci\u00f3n frente a las infecciones respiratorias, coincidiendo con el incremento de casos registrado en las \u00faltimas semanas y con la activaci\u00f3n de medidas reforzadas por parte del Ministerio de Sanidad.<\/p>\n<p>   SEPAR subraya que fechas como el puente de diciembre o las fiestas navide\u00f1as -periodos que concentran viajes, reuniones familiares y actividades en interiores- aumentan el riesgo de transmisi\u00f3n, especialmente entre las personas m\u00e1s vulnerables. Por ello, resalta la necesidad de adoptar medidas sencillas pero probadas para limitar los contagios.<\/p>\n<p>   La Sociedad insiste en el uso de mascarillas en espacios cerrados y poco ventilados, as\u00ed como en lugares con alta concentraci\u00f3n de personas: centros sanitarios, residencias, transporte p\u00fablico y reuniones familiares con personas de riesgo.<\/p>\n<p>   \u00abLas personas que presenten s\u00edntomas respiratorios deber\u00edan limitar sus contactos sociales y usar mascarilla de forma estricta\u00bb, explica Alberto Garc\u00eda, coordinador del Grupo de Inmunizaci\u00f3n del Paciente Respiratorio de SEPAR.<\/p>\n<p>   Adem\u00e1s, apunta que las vacunas frente a la gripe, la COVID-19 y otros pat\u00f3genos respiratorios (como el neumococo o el virus respiratorio sincitial) reducen las infecciones graves, los ingresos hospitalarios y sus complicaciones.<\/p>\n<p>   Por ello, recomienda revisar el calendario vacunal especialmente en mayores de 60 a\u00f1os, pacientes respiratorios cr\u00f3nicos, embarazadas, profesionales sanitarios, personas con comorbilidades y convivientes de personas vulnerables.<\/p>\n<p>   \u00abVentilar espacios, evitar reuniones si se presentan s\u00edntomas, lavar las manos con frecuencia y priorizar actividades al aire libre cuando sea posible son acciones sencillas que disminuyen de manera significativa la circulaci\u00f3n de virus respiratorios\u00bb, ha finalizado Francisco Sanz, tambi\u00e9n coordinador del Grupo de Inmunizaci\u00f3n del Paciente Respiratorio de SEPAR.<\/p>\n","protected":false},"excerpt":{"rendered":"Archivo &#8211; Imagen de archivo de dos mujeres con mascarilla. &#8211; Carlos Luj\u00e1n &#8211; Europa Press &#8211; Archivo&hellip;\n","protected":false},"author":2,"featured_media":272414,"comment_status":"","ping_status":"","sticky":false,"template":"","format":"standard","meta":{"footnotes":""},"categories":[92],"tags":[25,24,165,166,23],"class_list":{"0":"post-272413","1":"post","2":"type-post","3":"status-publish","4":"format-standard","5":"has-post-thumbnail","7":"category-salud","8":"tag-es","9":"tag-espana","10":"tag-health","11":"tag-salud","12":"tag-spain"},"share_on_mastodon":{"url":"https:\/\/pubeurope.com\/@es\/115666830566201221","error":""},"_links":{"self":[{"href":"https:\/\/www.europesays.com\/es\/wp-json\/wp\/v2\/posts\/272413","targetHints":{"allow":["GET"]}}],"collection":[{"href":"https:\/\/www.europesays.com\/es\/wp-json\/wp\/v2\/posts"}],"about":[{"href":"https:\/\/www.europesays.com\/es\/wp-json\/wp\/v2\/types\/post"}],"author":[{"embeddable":true,"href":"https:\/\/www.europesays.com\/es\/wp-json\/wp\/v2\/users\/2"}],"replies":[{"embeddable":true,"href":"https:\/\/www.europesays.com\/es\/wp-json\/wp\/v2\/comments?post=272413"}],"version-history":[{"count":0,"href":"https:\/\/www.europesays.com\/es\/wp-json\/wp\/v2\/posts\/272413\/revisions"}],"wp:featuredmedia":[{"embeddable":true,"href":"https:\/\/www.europesays.com\/es\/wp-json\/wp\/v2\/media\/272414"}],"wp:attachment":[{"href":"https:\/\/www.europesays.com\/es\/wp-json\/wp\/v2\/media?parent=272413"}],"wp:term":[{"taxonomy":"category","embeddable":true,"href":"https:\/\/www.europesays.com\/es\/wp-json\/wp\/v2\/categories?post=272413"},{"taxonomy":"post_tag","embeddable":true,"href":"https:\/\/www.europesays.com\/es\/wp-json\/wp\/v2\/tags?post=272413"}],"curies":[{"name":"wp","href":"https:\/\/api.w.org\/{rel}","templated":true}]}}