{"id":272421,"date":"2025-12-05T11:58:09","date_gmt":"2025-12-05T11:58:09","guid":{"rendered":"https:\/\/www.europesays.com\/es\/272421\/"},"modified":"2025-12-05T11:58:09","modified_gmt":"2025-12-05T11:58:09","slug":"bruselas-multa-a-x-twitter-por-enganar-a-los-usuarios-con-la-marca-de-verificacion-azul-el-salto","status":"publish","type":"post","link":"https:\/\/www.europesays.com\/es\/272421\/","title":{"rendered":"Bruselas multa a X (Twitter) por enga\u00f1ar a los usuarios con la marca de verificaci\u00f3n azul &#8211; El Salto"},"content":{"rendered":"<p>La Uni\u00f3n Europea sigue plantando cara a las grandes <a href=\"https:\/\/elpais.com\/economia\/2025-12-04\/meta-se-enfrenta-a-una-investigacion-antimonopolio-de-la-ue-por-las-herramientas-de-ia-de-whatsapp.html\" target=\"_blank\" rel=\"nofollow noopener\">tecnol\u00f3gicas de Silicon Valley<\/a>. En el d\u00eda de hoy le ha tocado a la red social X, antes <a href=\"https:\/\/x.com\/?lang=es\" target=\"_blank\" rel=\"nofollow\">Twitter<\/a>. La Comisi\u00f3n Europea ha <a href=\"https:\/\/ec.europa.eu\/commission\/presscorner\/detail\/en\/ip_25_2934\" target=\"_blank\" rel=\"nofollow noopener\">multado <\/a>a la empresa con 120 millones de euros por incumplir sus obligaciones de transparencia en virtud de la <a href=\"https:\/\/es.wikipedia.org\/wiki\/Ley_de_Servicios_Digitales\" target=\"_blank\" rel=\"nofollow noopener\">Ley de Servicios Digitales <\/a>(DSA). Entre las infracciones que se\u00f1ala el organismo europeo se encuentra \u201cel dise\u00f1o enga\u00f1oso de su marca de verificaci\u00f3n azul\u201d, el conocido como tick azul, que los usuarios pagan por obtener la verificaci\u00f3n de cuenta y, supuestamente, tener m\u00e1s alcance y visibilidad.<\/p>\n<p>\u201cEl uso por parte de X de la \u00abmarca de verificaci\u00f3n azul\u00bb para las \u00abcuentas verificadas\u00bb enga\u00f1a a los usuarios\u201d. As\u00ed de tajante es el comunicado de la CE. \u201cEsto incumple la obligaci\u00f3n que impone la DSA a las plataformas en l\u00ednea de prohibir las pr\u00e1cticas de dise\u00f1o enga\u00f1osas en sus servicios\u201d, sigue el escrito. En concreto, el organismo se\u00f1ala que en la red social de Elon Musk cualquiera puede obtener dicho estatus de verificado, \u201csin que la empresa verifique de forma significativa qui\u00e9n est\u00e1 detr\u00e1s de la cuenta, lo que dificulta a los usuarios juzgar la autenticidad de las cuentas y los contenidos con los que interact\u00faan\u201d.<\/p>\n<blockquote><p>Con esta falsa verificaci\u00f3n los usuarios se exponen a \u201cestafas, incluidos fraudes de suplantaci\u00f3n de identidad, as\u00ed como a otras formas de manipulaci\u00f3n por parte de actores maliciosos\u201d<\/p><\/blockquote>\n<p>No es una simple verificaci\u00f3n o falta de ella, sino que con esta falsa verificaci\u00f3n los usuarios se exponen a \u201cestafas, incluidos fraudes de suplantaci\u00f3n de identidad, as\u00ed como a otras formas de manipulaci\u00f3n por parte de actores maliciosos\u201d. Si bien la DSA no exige la verificaci\u00f3n de los usuarios, proh\u00edbe claramente que las plataformas en l\u00ednea afirmen falsamente que los usuarios han sido verificados, cuando no se ha llevado a cabo dicha verificaci\u00f3n.<\/p>\n<p>Adem\u00e1s, la Comisi\u00f3n Europea tambi\u00e9n se\u00f1ala que existe una \u201cfalta de transparencia de su repositorio publicitario\u201d, no cumpliendo con los requisitos de transparencia y accesibilidad de la mencionada normativa europea. \u201cLos repositorios de anuncios accesibles y con capacidad de b\u00fasqueda son fundamentales para que los investigadores y la sociedad civil detecten estafas, campa\u00f1as de amenazas h\u00edbridas, operaciones de informaci\u00f3n coordinadas y anuncios falsos\u201d, afirma la CE en su escrito.<\/p>\n","protected":false},"excerpt":{"rendered":"La Uni\u00f3n Europea sigue plantando cara a las grandes tecnol\u00f3gicas de Silicon Valley. En el d\u00eda de hoy&hellip;\n","protected":false},"author":2,"featured_media":272422,"comment_status":"","ping_status":"","sticky":false,"template":"","format":"standard","meta":{"footnotes":""},"categories":[42],"tags":[17,18,2317,1708,33581,11405,13,14,11,61,62,63,64,19,20,9,10,15,16,12,21,22,1617,65,66,67],"class_list":{"0":"post-272421","1":"post","2":"type-post","3":"status-publish","4":"format-standard","5":"has-post-thumbnail","7":"category-internacional","8":"tag-breaking-news","9":"tag-breakingnews","10":"tag-bruselas","11":"tag-comision-europea","12":"tag-el-salmon-contracorriente","13":"tag-elon-musk","14":"tag-featured-news","15":"tag-featurednews","16":"tag-headlines","17":"tag-internacional","18":"tag-international","19":"tag-international-news","20":"tag-internationalnews","21":"tag-latest-news","22":"tag-latestnews","23":"tag-news","24":"tag-noticias","25":"tag-noticias-destacadas","26":"tag-noticiasdestacadas","27":"tag-titulares","28":"tag-ultimas-noticias","29":"tag-ultimasnoticias","30":"tag-union-europea","31":"tag-world","32":"tag-world-news","33":"tag-worldnews"},"share_on_mastodon":{"url":"https:\/\/pubeurope.com\/@es\/115666846075175176","error":""},"_links":{"self":[{"href":"https:\/\/www.europesays.com\/es\/wp-json\/wp\/v2\/posts\/272421","targetHints":{"allow":["GET"]}}],"collection":[{"href":"https:\/\/www.europesays.com\/es\/wp-json\/wp\/v2\/posts"}],"about":[{"href":"https:\/\/www.europesays.com\/es\/wp-json\/wp\/v2\/types\/post"}],"author":[{"embeddable":true,"href":"https:\/\/www.europesays.com\/es\/wp-json\/wp\/v2\/users\/2"}],"replies":[{"embeddable":true,"href":"https:\/\/www.europesays.com\/es\/wp-json\/wp\/v2\/comments?post=272421"}],"version-history":[{"count":0,"href":"https:\/\/www.europesays.com\/es\/wp-json\/wp\/v2\/posts\/272421\/revisions"}],"wp:featuredmedia":[{"embeddable":true,"href":"https:\/\/www.europesays.com\/es\/wp-json\/wp\/v2\/media\/272422"}],"wp:attachment":[{"href":"https:\/\/www.europesays.com\/es\/wp-json\/wp\/v2\/media?parent=272421"}],"wp:term":[{"taxonomy":"category","embeddable":true,"href":"https:\/\/www.europesays.com\/es\/wp-json\/wp\/v2\/categories?post=272421"},{"taxonomy":"post_tag","embeddable":true,"href":"https:\/\/www.europesays.com\/es\/wp-json\/wp\/v2\/tags?post=272421"}],"curies":[{"name":"wp","href":"https:\/\/api.w.org\/{rel}","templated":true}]}}