{"id":272429,"date":"2025-12-05T12:06:08","date_gmt":"2025-12-05T12:06:08","guid":{"rendered":"https:\/\/www.europesays.com\/es\/272429\/"},"modified":"2025-12-05T12:06:08","modified_gmt":"2025-12-05T12:06:08","slug":"la-bicicleta-con-la-que-pogacar-subio-el-mont-ventoux-llega-los-90-000-dolares","status":"publish","type":"post","link":"https:\/\/www.europesays.com\/es\/272429\/","title":{"rendered":"La bicicleta con la que Pogacar subi\u00f3 el Mont Ventoux llega los 90.000 d\u00f3lares"},"content":{"rendered":"<p class=\"\">Sotheby\u2019s, una de las casas de subastas m\u00e1s conocidas del mundo, ha sacado<a href=\"https:\/\/www.sothebys.com\/en\/buy\/auction\/2025\/colnago-legends-icons-ad2503\/tadej-pogacars-colnago-y1rs-stripped-black-ridden\" target=\"_self\" rel=\"nofollow noopener\" title=\"https:\/\/www.sothebys.com\/en\/buy\/auction\/2025\/colnago-legends-icons-ad2503\/tadej-pogacars-colnago-y1rs-stripped-black-ridden\"> a subasta una de las grandes joyas del deporte en este 2025: la bicicleta<b> Colnago Y1Rs Raw Carbon <\/b><\/a><b>con la que Tadej Pogacar rod\u00f3 en la etapa del Mont Ventoux en el pasado Tour de Francia,<\/b> donde el esloveno se hizo con la victoria en la general.<\/p>\n<p class=\"\">Esta m\u00e1quina fue una de las que m\u00e1s llam\u00f3 la atenci\u00f3n de las bicicletas que emple\u00f3 Pogacar durante el pasado Tour de Francia, en un modelo similar al que emple\u00f3 en la cronoescalada de Peyragudes pero en este caso en color blanco y negro. El modelo a subasta es similar a \u00e9se salvo que los mec\u00e1nicos del equipo aprovecharon la \u00faltima jornada de descanso del Tour <b>para crear esta edici\u00f3n Raw Carbon, adecuada adem\u00e1s con los colores arco\u00edris de campe\u00f3n del mundo. \u201cEl acabado de carbono expuesto del cuadro y los detalles meticulosos reflejan una ingenier\u00eda de rendimiento extremo y un refinamiento est\u00e9tico <\/b>dise\u00f1ados para complementar las habilidades del actual campe\u00f3n del mundo y ayudarle a su victoria en la general del Tour de Francia\u201d.<\/p>\n<p class=\"\">Desde Sotheby\u2019s se\u00f1alan adem\u00e1s que, desde la etapa del Ventoux, <b>Pogacar ha empleado este modelo de la Colnago Y1Rs Raw Carbon <\/b>en todas las carreras que ha disputado y con grandes resultados, ya que el esloveno consigui\u00f3 ganar con esta m\u00e1quina en<b> el Mundial de Ciclismo, en los Europeos y en el Giro de Lombard\u00eda.<\/b><\/p>\n<p>Noticias relacionadas<\/p>\n<p class=\"\">La subasta por esta Colnago Y1Rs Raw Carbon de Sotheby\u2019s termina este viernes a las 16:34 hora espa\u00f1ola y, de momento, <b>esta bicicleta valorada en 15.000-20.000 d\u00f3lares ha alcanzado en la puja la friolera de 90.000 d\u00f3lares (77.250 euros) <\/b>a pocas horas de que finalice el plazo para pujar por esta aut\u00e9ntica joya con la que Pogacar consolid\u00f3 su victoria en el Tour de Francia 2025.<\/p>\n<p class=\"\"><b>\u00a1Tus opiniones importan!<\/b> Comenta en los art\u00edculos y suscr\u00edbete gratis a nuestra <a href=\"https:\/\/asfan.as.com\/newsletters\/\" target=\"_blank\" rel=\"nofollow noopener\" title=\"https:\/\/asfan.as.com\/newsletters\/\">newsletter<\/a> y a las alertas informativas en la <a href=\"https:\/\/as.com\/aplicacion-de-as-n\/\" target=\"_blank\" rel=\"nofollow noopener\" title=\"https:\/\/as.com\/aplicacion-de-as-n\/\">App<\/a> o el canal de <a href=\"https:\/\/www.whatsapp.com\/channel\/0029VaAasdA7j6g745nz9M10\" target=\"_blank\" rel=\"nofollow noopener\" title=\"https:\/\/www.whatsapp.com\/channel\/0029VaAasdA7j6g745nz9M10\">WhatsApp<\/a>. \u00bfBuscas licenciar contenido? Haz clic <a href=\"https:\/\/profesional.elpais.com\/soluciones-sindicacion?utm_medium=interno&amp;utm_source=crosslinking&amp;utm_campaign=sindicacion_as_pie_articulos\" target=\"_blank\" rel=\"nofollow noopener\" title=\"https:\/\/profesional.elpais.com\/soluciones-sindicacion?utm_medium=interno&amp;utm_source=crosslinking&amp;utm_campaign=sindicacion_as_pie_articulos\">aqu\u00ed<\/a><\/p>\n","protected":false},"excerpt":{"rendered":"Sotheby\u2019s, una de las casas de subastas m\u00e1s conocidas del mundo, ha sacado a subasta una de las&hellip;\n","protected":false},"author":2,"featured_media":272430,"comment_status":"","ping_status":"","sticky":false,"template":"","format":"standard","meta":{"footnotes":""},"categories":[273],"tags":[313,312,168,25,24,23,167],"class_list":{"0":"post-272429","1":"post","2":"type-post","3":"status-publish","4":"format-standard","5":"has-post-thumbnail","7":"category-ciclismo","8":"tag-ciclismo","9":"tag-cycling","10":"tag-deportes","11":"tag-es","12":"tag-espana","13":"tag-spain","14":"tag-sports"},"share_on_mastodon":{"url":"https:\/\/pubeurope.com\/@es\/115666877369438662","error":""},"_links":{"self":[{"href":"https:\/\/www.europesays.com\/es\/wp-json\/wp\/v2\/posts\/272429","targetHints":{"allow":["GET"]}}],"collection":[{"href":"https:\/\/www.europesays.com\/es\/wp-json\/wp\/v2\/posts"}],"about":[{"href":"https:\/\/www.europesays.com\/es\/wp-json\/wp\/v2\/types\/post"}],"author":[{"embeddable":true,"href":"https:\/\/www.europesays.com\/es\/wp-json\/wp\/v2\/users\/2"}],"replies":[{"embeddable":true,"href":"https:\/\/www.europesays.com\/es\/wp-json\/wp\/v2\/comments?post=272429"}],"version-history":[{"count":0,"href":"https:\/\/www.europesays.com\/es\/wp-json\/wp\/v2\/posts\/272429\/revisions"}],"wp:featuredmedia":[{"embeddable":true,"href":"https:\/\/www.europesays.com\/es\/wp-json\/wp\/v2\/media\/272430"}],"wp:attachment":[{"href":"https:\/\/www.europesays.com\/es\/wp-json\/wp\/v2\/media?parent=272429"}],"wp:term":[{"taxonomy":"category","embeddable":true,"href":"https:\/\/www.europesays.com\/es\/wp-json\/wp\/v2\/categories?post=272429"},{"taxonomy":"post_tag","embeddable":true,"href":"https:\/\/www.europesays.com\/es\/wp-json\/wp\/v2\/tags?post=272429"}],"curies":[{"name":"wp","href":"https:\/\/api.w.org\/{rel}","templated":true}]}}