{"id":272433,"date":"2025-12-05T12:09:11","date_gmt":"2025-12-05T12:09:11","guid":{"rendered":"https:\/\/www.europesays.com\/es\/272433\/"},"modified":"2025-12-05T12:09:11","modified_gmt":"2025-12-05T12:09:11","slug":"alineaciones-posibles-de-valencia-cf-y-sevilla-fc-en-la-jornada-15-de-laliga","status":"publish","type":"post","link":"https:\/\/www.europesays.com\/es\/272433\/","title":{"rendered":"Alineaciones posibles de Valencia CF y Sevilla FC en la Jornada 15 de LALIGA"},"content":{"rendered":"\n<p>M\u00e1s noticias<\/p>\n<p><a class=\"info_masnoticias\" href=\"https:\/\/www.eldesmarque.com\/futbol\/liga-1a-division\/\" rel=\"nofollow noopener\" target=\"_blank\"><br \/>\nM\u00e1s de<br \/>\nM\u00e1s noticias de<br \/>\nLaLiga EA Sports<br \/>\n<\/a><\/p>\n<p><a href=\"https:\/\/www.eldesmarque.com\/resultados\/partido\/2026\/21976-valencia-cf-sevilla\" rel=\"nofollow noopener\" target=\"_blank\"><strong>Valencia CF<\/strong> y <strong>Sevilla<\/strong> se ven las caras este domingo<\/a> en Mestalla en un partido trascendental para ambos conjuntos. Con la clasificaci\u00f3n en un pu\u00f1o, sumar tres puntos es clave para no meterse en problemas y asomarse al pozo del descenso.\u00a0 El <a href=\"https:\/\/www.eldesmarque.com\/futbol\/liga-1a-division\/20251103\/fechas-horarios-televisiones-jornada-15-laliga-ea-sports-25-26_300800631.html\" rel=\"nofollow noopener\" target=\"_blank\">choque entre valencianos y andaluces del domingo 7 a las 16:15 horas<\/a> es un duelo directo. El equipo sevillista es decimotercero con 16 puntos con dos puntos m\u00e1s y dos puestos por encima de los valencianistas por lo que, si el equipo de Carlos Corber\u00e1n gana en Mestalla, adelantar\u00eda a su rival en la tabla.<\/p>\n<p><img decoding=\"async\" src=\"https:\/\/www.europesays.com\/es\/wp-content\/uploads\/2025\/12\/diego_lopez_ante_el_sevilla_001.jpg\" width=\"660\" height=\"370.79\" alt=\"Diego L\u00f3pez en el Valencia-Sevilla de la temporada pasada\"\/><br \/>\nDiego L\u00f3pez en el Valencia-Sevilla de la temporada pasada<\/p>\n<p>El once titular del Valencia CF ante el Sevilla<\/p>\n<p>Para el partido, <strong>Carlos Corber\u00e1n<\/strong> cuenta, si no hay m\u00e1s contratiempos, con una \u00fanica baja: <strong>Mouctar Diakhaby<\/strong>, ya que <a href=\"https:\/\/www.eldesmarque.com\/futbol\/valencia-cf\/20251204\/convocatoria-valencia-cf-copa-del-rey-fc-cartagena_300824451.html\" rel=\"nofollow noopener\" target=\"_blank\"><strong>Largie Ramazani<\/strong> ya viaj\u00f3 a Cartagena para la Copa<\/a> y <strong>C\u00e9sar T\u00e1rrega, <\/strong>que no se subi\u00f3 al avi\u00f3n, fue por precauci\u00f3n. El central valenciano, no obstante, ser\u00e1 fijo en el once titular de este domingo.<\/p>\n<p>Ante el Sevilla, el t\u00e9cnico recuperar\u00e1 su equipo m\u00e1s habitual aunque, teniendo en cuenta <strong>c\u00f3mo asimilen las cargas<\/strong> los que jugaron en Cartagena, podr\u00eda haber novedades. Las grandes dudas estar\u00e1n en ataque, d\u00f3nde Hugo Duro y Beltr\u00e1n pugnar\u00e1n por el puesto de 9 y en los costados.<\/p>\n<p>Con todo, el posible once titular del Valencia CF ante el Sevilla ser\u00eda el formado por:\u00a0<strong>Agirrezabala; Gay\u00e0, Copete, T\u00e1rrega, Thierry; Pepelu, Javi Guerra, Andr\u00e9 Almeida; Diego L\u00f3pez, Rioja y Hugo Duro.<\/strong><\/p>\n<p><img loading=\"lazy\" decoding=\"async\" src=\"https:\/\/www.europesays.com\/es\/wp-content\/uploads\/2025\/12\/almeyda_rp_previa_copa_2jpeg.jpeg\" width=\"660\" height=\"440\" alt=\"Mat\u00edas Almeyda, en la rueda de prensa previa al Extremadura - Sevilla (Foto: Kiko Hurtado).\"\/><br \/>\nMat\u00edas Almeyda, en la rueda de prensa previa al Extremadura &#8211; Sevilla (Foto: Kiko Hurtado).<\/p>\n<p>El posible once titular del Sevilla para Mestalla<\/p>\n<p>Peor pintan la cosas para el Sevilla, por lo que ausencias se refiere. Para el duelo,\u00a0 <strong>Mat\u00edas Almeyda<\/strong> no podr\u00e1 contar con seis futbolistas para conformar la convocatoria y su once titular para Mestalla. Por un lado, <strong>Isaac Romero<\/strong> es baja por sanci\u00f3n. A \u00e9l se le unen los lesionados <strong>Marcao, Rub\u00e9n Vargas, Januzaj <\/strong><strong>Suazo <\/strong>y <strong>Nianzou y, <\/strong>tras retirarse en Almendralejo, todo hace indicar que<strong> tambi\u00e9n Juanlu.<\/strong>\u00a0Sin ellos y teniendo en cuenta el cansancio acumulado por la Copa, el t\u00e9cnico argentino apostar\u00e1 por un once que, adem\u00e1s, debe contemplar el reparto de minutos tras haber jugado en Copa este jueves.\u00a0<\/p>\n<p>As\u00ed, de nuevo Almeyda tendr\u00e1 que inventar para sacar un once de medianas garant\u00edas en la capital valenciana, donde necesita puntuar tras haber perdido cinco de sus \u00faltimos seis partidos. Todo apunta a un sistema mixto, que pueda convertirse en defensa de tres o de cuatro, con Alfon actuando como carrilero en el primero de los casos.<\/p>\n<p>El once del Sevilla estar\u00eda conformado por <strong>Odysseas; Carmona, Azpilicueta, Kike Salas, Oso; Batista Mendy, Agoum\u00e9; Ejuke, Peque, Alfon y Akor Adams.<\/strong><\/p>\n","protected":false},"excerpt":{"rendered":"M\u00e1s noticias M\u00e1s de M\u00e1s noticias de LaLiga EA Sports Valencia CF y Sevilla se ven las caras&hellip;\n","protected":false},"author":2,"featured_media":272434,"comment_status":"","ping_status":"","sticky":false,"template":"","format":"standard","meta":{"footnotes":""},"categories":[268],"tags":[168,25,24,280,282,281,23,167],"class_list":{"0":"post-272433","1":"post","2":"type-post","3":"status-publish","4":"format-standard","5":"has-post-thumbnail","7":"category-futbol","8":"tag-deportes","9":"tag-es","10":"tag-espana","11":"tag-football","12":"tag-futbol","13":"tag-soccer","14":"tag-spain","15":"tag-sports"},"share_on_mastodon":{"url":"https:\/\/pubeurope.com\/@es\/115666889868283849","error":""},"_links":{"self":[{"href":"https:\/\/www.europesays.com\/es\/wp-json\/wp\/v2\/posts\/272433","targetHints":{"allow":["GET"]}}],"collection":[{"href":"https:\/\/www.europesays.com\/es\/wp-json\/wp\/v2\/posts"}],"about":[{"href":"https:\/\/www.europesays.com\/es\/wp-json\/wp\/v2\/types\/post"}],"author":[{"embeddable":true,"href":"https:\/\/www.europesays.com\/es\/wp-json\/wp\/v2\/users\/2"}],"replies":[{"embeddable":true,"href":"https:\/\/www.europesays.com\/es\/wp-json\/wp\/v2\/comments?post=272433"}],"version-history":[{"count":0,"href":"https:\/\/www.europesays.com\/es\/wp-json\/wp\/v2\/posts\/272433\/revisions"}],"wp:featuredmedia":[{"embeddable":true,"href":"https:\/\/www.europesays.com\/es\/wp-json\/wp\/v2\/media\/272434"}],"wp:attachment":[{"href":"https:\/\/www.europesays.com\/es\/wp-json\/wp\/v2\/media?parent=272433"}],"wp:term":[{"taxonomy":"category","embeddable":true,"href":"https:\/\/www.europesays.com\/es\/wp-json\/wp\/v2\/categories?post=272433"},{"taxonomy":"post_tag","embeddable":true,"href":"https:\/\/www.europesays.com\/es\/wp-json\/wp\/v2\/tags?post=272433"}],"curies":[{"name":"wp","href":"https:\/\/api.w.org\/{rel}","templated":true}]}}