{"id":272439,"date":"2025-12-05T12:13:11","date_gmt":"2025-12-05T12:13:11","guid":{"rendered":"https:\/\/www.europesays.com\/es\/272439\/"},"modified":"2025-12-05T12:13:11","modified_gmt":"2025-12-05T12:13:11","slug":"stranger-things-5-es-un-festival-de-errores-de-continuidad-con-will-byers-pero-es-algo-deliberado","status":"publish","type":"post","link":"https:\/\/www.europesays.com\/es\/272439\/","title":{"rendered":"Stranger Things 5 es un festival de errores de continuidad con Will Byers, pero \u00bfes algo deliberado?"},"content":{"rendered":"<p class=\"c-paragraph\">Era inevitable que el estreno de <a href=\"https:\/\/www.hobbyconsolas.com\/hobbycine\/critica-stranger-things-5-mas-presupuesto-sensacion-deja-vu_6903641_0.html\" rel=\"nofollow noopener\" target=\"_blank\">Stranger Things<\/a> no fuese a ser investigado hasta las costuras de los episodios finales de la serie de los <b>hermanos Duffer<\/b>. <a href=\"https:\/\/www.hobbyconsolas.com\/reportajes\/netflix-espana-planes-precio-compartir-cuenta-catalogo-1150345\" rel=\"nofollow noopener\" target=\"_blank\">Netflix <\/a>ya estren\u00f3 los cuatro primeros, la mitad de la temporada, y <b>Will Byers<\/b> juega un papel clave en todo el asunto, como siempre.<\/p>\n<p class=\"c-paragraph\">El personaje interpretado por\u00a0<b>Noah Schnapp<\/b> es ese misterio que siempre est\u00e1 ah\u00ed, sin hacer ruido, pero que ya se ha revelado como una pieza importante tanto en los planes de <a href=\"https:\/\/www.hobbyconsolas.com\/hobbycine\/darth-vader-pinhead-fueron-las-inspiraciones-para-crear-villano-stranger-things-se-sintio-poder-vecna_6904536_0.html\" title=\"Darth Vader y Pinhead fueron las inspiraciones para crear al villano de Stranger Things: \u201cSe sinti\u00f3 el poder de Vecna\u201d\" rel=\"nofollow noopener\" target=\"_blank\">Vecna<\/a>\u2026 como contra \u00e9l. Pero Will tambi\u00e9n se ha convertido en el objetivo de cr\u00edticas por los m\u00faltiples errores de continuidad que llevan surgiendo con \u00e9l desde hace tiempo.<\/p>\n<p>Movistar Plus+ por 9,99\u20ac con f\u00fatbol, series y cine<\/p>\n<p><img decoding=\"async\" loading=\"lazy\" alt=\"Movistar Plus+\" width=\"640\" height=\"533\" src=\"https:\/\/www.europesays.com\/es\/wp-content\/uploads\/2025\/11\/690349e592402.jpeg\"\/><\/p>\n<p class=\"c-passport__description\">Seas de la operadora que seas, puedes ver series, pel\u00edculas y f\u00fatbol en Movistar Plus+ por 9,99\u20ac al mes y sin permanencia.<\/p>\n<p class=\"c-paragraph\">Ya la temporada 4 de Stranger Things present\u00f3 discrepancias y omisiones incomprensibles, como \u00abolvidar\u00bb el cumplea\u00f1os de Will, pero en solo cuatro episodios de la temporada 5 han ido surgiendo m\u00e1s fallos.<\/p>\n<p class=\"c-paragraph\">Por ejemplo, cuando <b>Joyce <\/b>(Winona Ryder) rememora la noche en que Will fue arrastrado al Mundo del Rev\u00e9s, afirma que ella no fue a ver a su hijo de 11 a\u00f1os. Si retrocedemos a la temporada 1, los carteles de desaparecido con los que Joyce empapel\u00f3 Hawkins indicaba que ten\u00eda 12 a\u00f1os, como apuntan muchos fans en Twitter (X).<\/p>\n<p>\u00bfSon errores o en Stranger Things lo tienen todo pensado?<\/p>\n<p class=\"c-paragraph\">Un error mucho m\u00e1s cercano lo tenemos en la propia temporada 5, cuando Jonathan (Charlie Heaton) y Will tienen un momento \u00edntimo entre hermanos rememorando la construcci\u00f3n del castillo Byers. Jonathan destaca que se puso a llover a mares, pero que ellos siguieron construyendo el famoso fuerte.<\/p>\n<p class=\"c-paragraph\">Sin embargo, en el momento clim\u00e1tico del Volumen 1, muchos recuerdos sobrevienen a Will, incluyendo el que coment\u00f3 su hermano. El problema es que <b>el d\u00eda est\u00e1 despejado que da gusto en el recuerdo<\/b>.<\/p>\n<p class=\"c-paragraph\">Algunos fans sostienen que estos errores son un s\u00edntoma de algo que est\u00e1 por venir en los compases finales de la temporada 5 de Stranger Things y que explicar\u00e1n todas estas discrepancias de un modo satisfactorio.<\/p>\n<p class=\"c-paragraph\">Claro que, con un plantel tan grande de personajes, podr\u00eda darse el caso de que los hermanos Duffer hayan descuidado a su pieza maestra de <b>Stranger Things<\/b>. El 1 de enero, como tarde, saldremos de dudas.<\/p>\n","protected":false},"excerpt":{"rendered":"Era inevitable que el estreno de Stranger Things no fuese a ser investigado hasta las costuras de los&hellip;\n","protected":false},"author":2,"featured_media":272440,"comment_status":"","ping_status":"","sticky":false,"template":"","format":"standard","meta":{"footnotes":""},"categories":[171],"tags":[1153,146,147,25,24,23,52336,17646,214,16743],"class_list":{"0":"post-272439","1":"post","2":"type-post","3":"status-publish","4":"format-standard","5":"has-post-thumbnail","7":"category-tv","8":"tag-1153","9":"tag-entertainment","10":"tag-entretenimiento","11":"tag-es","12":"tag-espana","13":"tag-spain","14":"tag-stranger","15":"tag-things","16":"tag-tv","17":"tag-un"},"share_on_mastodon":{"url":"https:\/\/pubeurope.com\/@es\/115666905636634371","error":""},"_links":{"self":[{"href":"https:\/\/www.europesays.com\/es\/wp-json\/wp\/v2\/posts\/272439","targetHints":{"allow":["GET"]}}],"collection":[{"href":"https:\/\/www.europesays.com\/es\/wp-json\/wp\/v2\/posts"}],"about":[{"href":"https:\/\/www.europesays.com\/es\/wp-json\/wp\/v2\/types\/post"}],"author":[{"embeddable":true,"href":"https:\/\/www.europesays.com\/es\/wp-json\/wp\/v2\/users\/2"}],"replies":[{"embeddable":true,"href":"https:\/\/www.europesays.com\/es\/wp-json\/wp\/v2\/comments?post=272439"}],"version-history":[{"count":0,"href":"https:\/\/www.europesays.com\/es\/wp-json\/wp\/v2\/posts\/272439\/revisions"}],"wp:featuredmedia":[{"embeddable":true,"href":"https:\/\/www.europesays.com\/es\/wp-json\/wp\/v2\/media\/272440"}],"wp:attachment":[{"href":"https:\/\/www.europesays.com\/es\/wp-json\/wp\/v2\/media?parent=272439"}],"wp:term":[{"taxonomy":"category","embeddable":true,"href":"https:\/\/www.europesays.com\/es\/wp-json\/wp\/v2\/categories?post=272439"},{"taxonomy":"post_tag","embeddable":true,"href":"https:\/\/www.europesays.com\/es\/wp-json\/wp\/v2\/tags?post=272439"}],"curies":[{"name":"wp","href":"https:\/\/api.w.org\/{rel}","templated":true}]}}