{"id":272477,"date":"2025-12-05T12:38:19","date_gmt":"2025-12-05T12:38:19","guid":{"rendered":"https:\/\/www.europesays.com\/es\/272477\/"},"modified":"2025-12-05T12:38:19","modified_gmt":"2025-12-05T12:38:19","slug":"jay-kelly-george-clooney-se-rie-de-si-mismo-en-una-tragicomedia-sobre-la-falsedad-de-las-estrellas-cine-estrenos-y-criticas","status":"publish","type":"post","link":"https:\/\/www.europesays.com\/es\/272477\/","title":{"rendered":"\u2018Jay Kelly\u2019: George Clooney se r\u00ede de s\u00ed mismo en una tragicomedia sobre la falsedad de las estrellas | Cine: estrenos y cr\u00edticas"},"content":{"rendered":"<p class=\"\">Fresas salvajes (1957), s\u00edmbolo del cine sobre la memoria personal, la s\u00edntesis existencial y el psicoan\u00e1lisis f\u00edlmico, fue definida de este modo por <a href=\"https:\/\/elpais.com\/cultura\/2018\/07\/14\/actualidad\/1531559030_504255.html\" target=\"_blank\" rel=\"noreferrer nofollow noopener\" title=\"https:\/\/elpais.com\/cultura\/2018\/07\/14\/actualidad\/1531559030_504255.html\">Ingmar Bergman<\/a>: \u201cSe abre una puerta y se penetra en la infancia; y luego otra, y de nuevo la realidad; luego coges una calle a la derecha y hay un fragmento de vida. Y todo descrito de un modo muy realista\u201d. El viejo profesor protagonista, al que le ofrec\u00edan un homenaje en otra ciudad, hac\u00eda un repaso vital, intelectual y sentimental de su paso por el mundo, pero en lugar de desarrollarse con los consabidos flashbacks al uso, el director sueco introduc\u00eda a su criatura en el plano observ\u00e1ndose a s\u00ed mismo y a los suyos mientras, simplemente, hab\u00eda ido existiendo.<\/p>\n<p>M\u00e1s informaci\u00f3n<\/p>\n<p class=\"\">Desde entonces, en la senda de <a href=\"https:\/\/elpais.com\/icon-design\/2024-12-17\/asi-surgieron-las-paredes-rojas-mas-famosas-del-cine-el-flechazo-de-ingmar-bergman-con-el-castillo-de-taxinge-nasby.html\" target=\"_blank\" rel=\"noreferrer nofollow noopener\" title=\"https:\/\/elpais.com\/icon-design\/2024-12-17\/asi-surgieron-las-paredes-rojas-mas-famosas-del-cine-el-flechazo-de-ingmar-bergman-con-el-castillo-de-taxinge-nasby.html\">Bergman<\/a>, un buen pu\u00f1ado de autores ha intentado sus propias fresas salvajes: entre los \u00faltimos, <a href=\"https:\/\/elpais.com\/cultura\/2020-09-29\/muere-el-director-serbio-goran-paskaljevic-a-los-73-anos.html\" target=\"_blank\" rel=\"noreferrer nofollow noopener\" title=\"https:\/\/elpais.com\/cultura\/2020-09-29\/muere-el-director-serbio-goran-paskaljevic-a-los-73-anos.html\">Goran Paskaljevic<\/a> en Al nacer el d\u00eda; <a href=\"https:\/\/elpais.com\/noticias\/arnaud-desplechin\/\" target=\"_blank\" rel=\"noreferrer nofollow noopener\" title=\"https:\/\/elpais.com\/noticias\/arnaud-desplechin\/\">Arnaud Desplechin<\/a> en Jimmy P.; Julie Bertuccelli en La \u00faltima locura de Claire Darling; <a href=\"https:\/\/elpais.com\/cultura\/cine\/2025-09-19\/un-gran-viaje-atrevido-y-maravilloso-cargante-romance-sobrenatural-con-estampa-de-estrellas.html\" target=\"_blank\" rel=\"noreferrer nofollow noopener\" title=\"https:\/\/elpais.com\/cultura\/cine\/2025-09-19\/un-gran-viaje-atrevido-y-maravilloso-cargante-romance-sobrenatural-con-estampa-de-estrellas.html\">Kogonada en Un viaje atrevido y maravilloso<\/a>; y yendo m\u00e1s atr\u00e1s, el mejor de todos, <a href=\"https:\/\/elpais.com\/cultura\/2023-02-10\/muere-carlos-saura-a-los-91-anos-el-ultimo-director-clasico-del-cine-espanol.html\" target=\"_blank\" rel=\"noreferrer nofollow noopener\" title=\"https:\/\/elpais.com\/cultura\/2023-02-10\/muere-carlos-saura-a-los-91-anos-el-ultimo-director-clasico-del-cine-espanol.html\">Carlos Saura en La prima Ang\u00e9lica<\/a>, ya que adem\u00e1s utilizaba al mismo actor \u2014el extraordinario <a href=\"https:\/\/elpais.com\/cultura\/2022-03-11\/jose-luis-lopez-vazquez-sus-mejores-peliculas-a-traves-de-sus-recuerdos.html\" target=\"_blank\" rel=\"noreferrer nofollow noopener\" title=\"https:\/\/elpais.com\/cultura\/2022-03-11\/jose-luis-lopez-vazquez-sus-mejores-peliculas-a-traves-de-sus-recuerdos.html\">Jos\u00e9 Luis L\u00f3pez V\u00e1zquez<\/a>\u2014 para todos los tiempos narrados, incluso el de la ni\u00f1ez. Hasta Ocho y medio, de Federico Fellini, a su modo, ten\u00eda aspectos de la pel\u00edcula de Bergman. Sin embargo, quiz\u00e1 sea <a href=\"https:\/\/elpais.com\/noticias\/noah-baumbach\/\" target=\"_blank\" rel=\"noreferrer nofollow noopener\" title=\"https:\/\/elpais.com\/noticias\/noah-baumbach\/\">Noah Baumbach<\/a> el que m\u00e1s se ha acercado a la explicaci\u00f3n textual del sueco de aquella narrativa. Lo hace en Jay Kelly, producci\u00f3n de Netflix que, tras exhibirse durante dos semanas en unos cuantos cines, se estrena hoy en la plataforma.<\/p>\n<p class=\"\">De hecho, el concepto del homenaje y el modo de narraci\u00f3n en forma de road movie existencial, hasta llegar al lugar de los honores p\u00fablicos, se repite en el trabajo de Baumbach, coescrito con <a href=\"https:\/\/elpais.com\/television\/2021-07-31\/emily-mortimer-la-vida-va-de-cometer-errores-y-si-no-no-estas-viviendo-realmente.html\" target=\"_blank\" rel=\"noreferrer nofollow noopener\" title=\"https:\/\/elpais.com\/television\/2021-07-31\/emily-mortimer-la-vida-va-de-cometer-errores-y-si-no-no-estas-viviendo-realmente.html\">la actriz Emily Mortimer<\/a>. Eso s\u00ed, la figura del viejo y prestigioso profesor muta aqu\u00ed en el arquetipo de la estrella global del cine: ese lugar en el que George Clooney llega a confundirse con su propio personaje, el Jay Kelly del t\u00edtulo. Con lo cual, al arte del cine hay que sumarle el precio de la fama y, lo principal en la pel\u00edcula, la dicotom\u00eda entre la verdad y la mentira \u2014del cine, del oficio del int\u00e9rprete y, en fin, de la vida misma\u2014, entre lo aut\u00e9ntico y lo falso. Y m\u00e1s all\u00e1 a\u00fan, lo dif\u00edcil que es ser uno mismo cuando todo el tiempo est\u00e1s siendo otros.<\/p>\n<p><img decoding=\"auto\" class=\"_re lazyload a_m-h\" height=\"244\"  width=\"414\"  src=\"https:\/\/www.europesays.com\/es\/wp-content\/uploads\/2025\/12\/XTO7PLYF4JIYTDGF4RPLHMTTXY.jpg\" loading=\"lazy\"\/>George Clooney, en un momento de &#8216;Jay Kelly&#8217; en un tren en Italia.Peter Mountain (AP)<\/p>\n<p class=\"\">El tema, huelga decirlo, es muy interesante, y Baumbach y Mortimer apoyan la reflexi\u00f3n en una figura muy reconocible para los de dentro de la industria, aunque mucho m\u00e1s desconocida para los de fuera: el agente. Ese ser humano que lo mismo es secretario que apoyo, que esclavo, que confesor, que consejero y que bastantes cosas m\u00e1s, aqu\u00ed interpretado por <a href=\"https:\/\/elpais.com\/noticias\/adam-sandler\/\" target=\"_blank\" rel=\"noreferrer nofollow noopener\" title=\"https:\/\/elpais.com\/noticias\/adam-sandler\/\">Adam Sandler<\/a>. Con un a\u00f1adido m\u00e1s: el s\u00e9quito de publicistas, maquilladores y dem\u00e1s oficios, que acompa\u00f1a a las estrellas en los viajes. Una relaci\u00f3n, la de la estrella y el agente, que parece implicar un combate fascinante: mientras desde un lado se quejan de que dan su vida durante las 24 horas del d\u00eda por esa celebridad y ni siquiera se les considera amigos, desde la otra vertiente piensan que c\u00f3mo van a ser amigos si se llevan el 15% de sus ganancias. <\/p>\n<p class=\"\">En tono de comedia dram\u00e1tica, a Jay Kelly le sientan mucho mejor el drama y la emoci\u00f3n que las risas. Entre otras cosas, porque Baumbach no parece un director especialmente dotado para la comedia, y mucho menos la f\u00edsica y extravagante. En esos momentos en que la pel\u00edcula pretende ser Los viajes de Sullivan (ya quisiera el director de Historia de matrimonio tener el toque de Preston Sturges), el andamio se tambalea. Pero cuando medita con notable finura sobre la autenticidad, el abandono de los hijos y la ambici\u00f3n del actor, la obra se va redondeando mucho mejor, pese a que la poda de alguna subtrama (la de la relaci\u00f3n entre Sandler y <a href=\"https:\/\/elpais.com\/elpais\/2019\/12\/20\/gente\/1576854932_932134.html\" target=\"_blank\" rel=\"noreferrer nofollow noopener\" title=\"https:\/\/elpais.com\/elpais\/2019\/12\/20\/gente\/1576854932_932134.html\">Laura Dern<\/a>) hubiese pulido el metraje.<\/p>\n<p>M\u00e1s informaci\u00f3n<\/p>\n<p class=\"\">Lo esencial es que Baumbach empieza y termina su pel\u00edcula de forma magn\u00edfica: en la primera secuencia, mostrando la enorme dificultad de hacer cine y componer una actuaci\u00f3n cre\u00edble; en la \u00faltima, incidiendo en la obstinaci\u00f3n por parecer mejor de lo que se es. Y en el contraste entre una y otra se esconde la naturaleza del oficio, y de los seres humanos que lo llevan a cabo.<\/p>\n<p>JAY KELLY<\/p>\n<p><strong>Direcci\u00f3n:<\/strong> Noah Baumbach.<\/p>\n<p><strong>Int\u00e9rpretes:<\/strong> George Clooney, Adam Sandler, Laura Dern, Billy Crudup. <\/p>\n<p><strong>G\u00e9nero:<\/strong> comedia. EE UU, 2025.<\/p>\n<p><strong>Plataforma: <\/strong>Netflix.<\/p>\n<p><strong>Duraci\u00f3n:<\/strong> 132 minutos. <\/p>\n<p><strong>Estreno: 5 de diciembre.<\/strong><\/p>\n","protected":false},"excerpt":{"rendered":"Fresas salvajes (1957), s\u00edmbolo del cine sobre la memoria personal, la s\u00edntesis existencial y el psicoan\u00e1lisis f\u00edlmico, fue&hellip;\n","protected":false},"author":2,"featured_media":272478,"comment_status":"","ping_status":"","sticky":false,"template":"","format":"standard","meta":{"footnotes":""},"categories":[169],"tags":[1014,1278,177,13803,11344,209,146,147,25,24,176,13532,52915,175,152,15089,753,23],"class_list":{"0":"post-272477","1":"post","2":"type-post","3":"status-publish","4":"format-standard","5":"has-post-thumbnail","7":"category-cine","8":"tag-actores","9":"tag-adam-sandler","10":"tag-cine","11":"tag-cine-americano","12":"tag-critica-cine","13":"tag-cultura","14":"tag-entertainment","15":"tag-entretenimiento","16":"tag-es","17":"tag-espana","18":"tag-film","19":"tag-george-clooney","20":"tag-laura-dern","21":"tag-movies","22":"tag-netflix","23":"tag-noah-baumbach","24":"tag-peliculas","25":"tag-spain"},"share_on_mastodon":{"url":"https:\/\/pubeurope.com\/@es\/115667003812925330","error":""},"_links":{"self":[{"href":"https:\/\/www.europesays.com\/es\/wp-json\/wp\/v2\/posts\/272477","targetHints":{"allow":["GET"]}}],"collection":[{"href":"https:\/\/www.europesays.com\/es\/wp-json\/wp\/v2\/posts"}],"about":[{"href":"https:\/\/www.europesays.com\/es\/wp-json\/wp\/v2\/types\/post"}],"author":[{"embeddable":true,"href":"https:\/\/www.europesays.com\/es\/wp-json\/wp\/v2\/users\/2"}],"replies":[{"embeddable":true,"href":"https:\/\/www.europesays.com\/es\/wp-json\/wp\/v2\/comments?post=272477"}],"version-history":[{"count":0,"href":"https:\/\/www.europesays.com\/es\/wp-json\/wp\/v2\/posts\/272477\/revisions"}],"wp:featuredmedia":[{"embeddable":true,"href":"https:\/\/www.europesays.com\/es\/wp-json\/wp\/v2\/media\/272478"}],"wp:attachment":[{"href":"https:\/\/www.europesays.com\/es\/wp-json\/wp\/v2\/media?parent=272477"}],"wp:term":[{"taxonomy":"category","embeddable":true,"href":"https:\/\/www.europesays.com\/es\/wp-json\/wp\/v2\/categories?post=272477"},{"taxonomy":"post_tag","embeddable":true,"href":"https:\/\/www.europesays.com\/es\/wp-json\/wp\/v2\/tags?post=272477"}],"curies":[{"name":"wp","href":"https:\/\/api.w.org\/{rel}","templated":true}]}}