{"id":272488,"date":"2025-12-05T12:44:14","date_gmt":"2025-12-05T12:44:14","guid":{"rendered":"https:\/\/www.europesays.com\/es\/272488\/"},"modified":"2025-12-05T12:44:14","modified_gmt":"2025-12-05T12:44:14","slug":"hay-que-atacar-por-tierra-mar-y-aire-los-carteles-de-las-drogas-donde-esta-maduro","status":"publish","type":"post","link":"https:\/\/www.europesays.com\/es\/272488\/","title":{"rendered":"Hay que atacar por tierra, mar y aire los c\u00e1rteles de las drogas donde est\u00e1 Maduro"},"content":{"rendered":"<p class=\"c-paragraph\">En plena escalada de la tensi\u00f3n militar entre Estados Unidos y Venezuela, el exalcalde de Caracas\u00a0<b>Antonio Ledezma (San Juan de los Morros, 1955)<\/b>\u00a0visit\u00f3 esta semana el podcast Leyendo el Peri\u00f3dico en 20minutos para protagonizar un episodio de emergencia.\u00a0<\/p>\n<p class=\"c-paragraph\"><a href=\"https:\/\/www.20minutos.es\/internacional\/maxima-alerta-venezuela-denuncia-eeuu-quiere-apoderar-reservas-crudo_6904641_0.html\" title=\"Trump mantiene cerrado el espacio a\u00e9reo de Venezuela, que denuncia que EEUU busca hacerse con su crudo &quot;por la fuerza&quot;\" rel=\"nofollow noopener\" target=\"_blank\">\u00bfVa intervenir finalmente EEUU en Venezuela<\/a>? En ese caso, \u00bfcu\u00e1l ser\u00e1 la reacci\u00f3n de Maduro? \u00bfLe apoyar\u00e1 su ej\u00e9rcito? \u00bfC\u00f3mo es posible que la tierra con m\u00e1s petr\u00f3leo del mundo sea tan pobre? El opositor al r\u00e9gimen de Maduro responde a todo en la redacci\u00f3n de <b>20minutos<\/b>.\u00a0<\/p>\n<p class=\"c-interview__interview c-interview__question\"><b>Primero, con todo lo que est\u00e1 pasando en Venezuela\u2026 \u00bfQu\u00e9 tal se encuentra?<\/b><\/p>\n<p class=\"c-interview__interview c-interview__answer\"><b\/>\u00a1Vivo! Yo le doy gracias a Dios por al menos tener voz y estar aqu\u00ed, conversando, despu\u00e9s de 1.000 d\u00edas preso, que no fue la misma suerte que corrieron ciudadanos venezolanos que han perdido la vida. Maduro ha ejecutado por la v\u00eda extrajudicial a cerca de 18.000 seres humanos. A la fecha de hoy, hay casi 900 presos pol\u00edticos. En octubre, Maduro secuestr\u00f3 a 55 personas. Y en noviembre, a cerca de 15. Y digo estas cifras porque recientemente la humanidad celebr\u00f3 la liberaci\u00f3n de 20 rehenes en la franja de Gaza. Pues mientras tanto, Maduro aplica la siniestra Operaci\u00f3n Tun Tun: tocar la puerta, meterse en los hogares y secuestrar familias.<\/p>\n<p class=\"c-interview__interview c-interview__question\"><b>\u00bfPor qu\u00e9 est\u00e1 en Espa\u00f1a y no en Venezuela?<\/b><\/p>\n<p class=\"c-interview__interview c-interview__answer\">Escapando de la dictadura\u2026 A m\u00ed me secuestraron el 19 de febrero de 2015. Para entonces, yo era alcalde metropolitano de Caracas, elegido y reelegido. Gan\u00e9 con 800.000 votos. Ten\u00eda un \u00e1rea de comando de cinco municipios, cerca de 7 millones de habitantes. Me llevaron a la c\u00e1rcel militar de Ramo Verde. De all\u00ed me dieron casa por c\u00e1rcel porque surgi\u00f3 una operaci\u00f3n de dos hernias que rebotaron en mi cuerpo. Y una madrugada me sacaron en pijama, bajo el grito &#8216;se llevan a Ledezma, se llevan a Ledezma&#8217;, porque los vecinos lograron filmar. Solo tuve derecho a una sola audiencia, donde pidieron 25 a\u00f1os de c\u00e1rcel para m\u00ed, acusado de traici\u00f3n a la patria.\u00a0<\/p>\n<p class=\"c-interview__interview c-interview__question\"><b>Y decidi\u00f3 escaparse clandestinamente por la frontera de Colombia\u2026\u00a0<\/b><\/p>\n<p class=\"c-interview__interview c-interview__answer\"><b\/>As\u00ed es. Me coloqu\u00e9 en una camioneta en la parte trasera, en un caj\u00f3n que se habilit\u00f3 para que pudiera esconderme. Y a las 8:30am del 16 de noviembre de 2017, part\u00ed. Cruc\u00e9 hasta 40 alcabalas [puntos de control de la polic\u00eda]. Mucha gente pregunta c\u00f3mo lo hiciste: con la ayuda de Dios. Porque asum\u00eda un gran riesgo&#8230; Pero son momentos en los que tienes que tomar decisiones.<\/p>\n<p>html: <\/p>\n<p class=\"c-interview__interview c-interview__question\"><b>\u00bfQu\u00e9 es m\u00e1s dura la c\u00e1rcel o el destierro?<\/b><\/p>\n<p class=\"c-interview__interview c-interview__answer\"><b\/>A veces siento que es m\u00e1s duro el exilio que padecer la c\u00e1rcel. Pero en todo caso, t\u00fa dices, como conclusi\u00f3n compensatoria, que cuando estabas all\u00e1, eras pr\u00e1cticamente in\u00fatil, siendo un simple s\u00edmbolo, un preso pol\u00edtico emblem\u00e1tico que es motivo de manifiestos de solidaridad\u2026 Pero creo que afuera estoy siendo m\u00e1s \u00fatil.<\/p>\n<p class=\"c-interview__interview c-interview__question\"><b>C\u00f3mo valora estas \u00faltimas declaraciones de Trump: \u00abEmpezaremos con los ataques por tierra. Acabaremos con esos hijos de perra\u00bb<\/b><\/p>\n<p class=\"c-interview__interview c-interview__answer\"><b\/>Imagino que el presidente Trump estaba exteriorizando su indignaci\u00f3n por la cantidad de j\u00f3venes y familias estadounidenses atacadas por los traficantes de drogas. Como ha relevado el propio Carvajal, ese tr\u00e1fico de drogas tiene su epicentro de planificaci\u00f3n en la Habana, donde el castrismo usa el diab\u00f3lico negocio del tr\u00e1fico como estrategia pol\u00edtica para hacer mella en la base de la instituciones de EE UU. Sabiendo que ese tr\u00e1fico de drogas se hace por tierra, aire y mar, por supuesto que hay que atacarlos por tierra, aire y mar.\u00a0<\/p>\n<p class=\"c-interview__interview c-interview__question\"><b>Algunos expertos afirman que la presi\u00f3n militar de Estados Unidos sobre Venezuela no solo busca combatir el narcotr\u00e1fico, sino tambi\u00e9n debilitar al r\u00e9gimen de Nicol\u00e1s Maduro y favorecer un cambio de poder.<\/b><\/p>\n<p class=\"c-interview__interview c-interview__answer\"><b\/>El cambio de r\u00e9gimen ya lo dictamin\u00f3 el pueblo en las elecciones del 28 de julio de 2024. Cerca de 8 millones de personas votaron y eligieron a Edmundo Gonz\u00e1lez como el presidente constitucional de Venezuela. Y a Mar\u00eda Corina Machado como la l\u00edder leg\u00edtima de Venezuela. Pero Maduro es un tirano y reincide en la comisi\u00f3n de un golpe de Estado. Por eso pedimos el apoyo de la comunidad internacional.<\/p>\n<p class=\"c-interview__interview c-interview__question\"><b>\u00bfEl apoyo es una intervenci\u00f3n militar de Estados Unidos en Venezuela?<\/b><\/p>\n<p class=\"c-interview__interview c-interview__answer\"><b\/>Como ha sucedido tantas veces en Europa. \u00bfQui\u00e9nes est\u00e1n metidos en Ucrania? \u00bfQui\u00e9nes mediaron en la guerra contra el monstruo de Hitler para llevar adelante la Segunda Guerra Mundial? Estados Unidos. Y eso lo saben los europeos.<\/p>\n<blockquote class=\"c-phrase__blockquote\"><p>La labor de Zapatero como colaborador de Venezuela es lamentable. Desear\u00eda que Espa\u00f1a reconozca a Edmundo Gonz\u00e1lez como presidente constitucional<\/p><\/blockquote>\n<p class=\"c-interview__interview c-interview__question\"><b>Maduro ha advertido de que podr\u00eda haber un &#8216;Vietnam&#8217; en Am\u00e9rica Latina si Estados Unidos interviene militarmente en el pa\u00eds\u2026 \u00bfEst\u00e1 de acuerdo?<\/b><\/p>\n<p class=\"c-interview__interview c-interview__answer\"><b\/><b\/>Ni Maduro es Ho Chi Minh, ni Venezuela est\u00e1 en Asia. Sin embargo, conviene recordarle a Maduro que el es el gran culpable de que las instituciones del Estado est\u00e9n en manos del narcotr\u00e1fico, tan o m\u00e1s grave que lo que hacen en Colombia o Bolivia al sembrar y cultivar hoja de coca. Adem\u00e1s, quisiera recordarle que Trump se indigna porque como consecuencia de las guerras de Irak, Kuwait y Vietnam, murieron 62.800 soldados norteamericanos. Una cifra muy peque\u00f1ita en comparaci\u00f3n con los 200.000 ciudadanos muertos en Estados Unidos con el consumo de coca\u00edna, mezclado a veces con hero\u00edna o fentanilo.<\/p>\n<p class=\"c-interview__interview c-interview__question\"><b>Hugo \u201cEl Pollo\u201d Carvajal, exjefe del servicio secreto de Maduro, ha enviado una carta a Trump revelando la existencia de una \u201cguerra narco-terrorista\u201d orquestada desde Caracas contra EEUU. \u00bfLe ha sorprendido?<\/b><\/p>\n<p class=\"c-interview__interview c-interview__answer\"><b\/>Por supuesto que no\u2026 Es la cr\u00f3nica de una mafia al descubierto. De todo esto se habla en Venezuela y desde la oposici\u00f3n, hemos denunciado. Incluso gan\u00e1ndonos injustamente el calificativo de radicales, porque nos atrevimos a ligar al r\u00e9gimen de Maduro al narcotr\u00e1fico.<\/p>\n<p class=\"c-interview__interview c-interview__question\">La semana pasada, EEUU declar\u00f3 el cartel de los Soles una organizaci\u00f3n terrorista y situ\u00f3 a Maduro a la cabeza. \u00bfQu\u00e9 es el C\u00e1rtel de los Soles?<\/p>\n<p class=\"c-interview__interview c-interview__answer\"><b\/>El C\u00e1rtel de los Soles es un aliciente del entramado del narcotr\u00e1fico internacional. \u00bfPor qu\u00e9 lo llaman C\u00e1rtel de los Soles? En alusi\u00f3n a las insignias militares que identifican a los generales de Venezuela. El general de brigada tiene un sol, el general de divisi\u00f3n lleva dos soles&#8230; Por eso se llama el cartel de los Soles. Tengo entendido que el general Hugo \u201cPollo\u201d Carvajal, capturado aqu\u00ed en Espa\u00f1a despu\u00e9s de huir de Venezuela, parece estar dando detalles de c\u00f3mo era el funcionamiento de este C\u00e1rtel, c\u00f3mo traficaban la droga, qu\u00e9 tipo de cambalaches hac\u00edan de droga por dinero, por armas.<br \/>\u200b<br \/>\u200bUn caso, por ejemplo: un avi\u00f3n que despeg\u00f3 de la rampa presidencial, la base a\u00e9rea de uso exclusivo para el Presidente de la Rep\u00fablica en el aeropuerto de Maiquet\u00eda, y una de las zonas m\u00e1s custodiadas de Venezuela, parti\u00f3 lleno de maletas con coca\u00edna, m\u00e1s de 5.000 kilos. \u00bfC\u00f3mo se explica?<\/p>\n<p class=\"c-interview__interview c-interview__question\">Se dice que Hugo Chavez,\u00a0 antecesor del Maduro que gobern\u00f3 casi 14 a\u00f1os, ten\u00eda el apoyo del pueblo venezolano&#8230; \u00bfMaduro lo conserva?<\/p>\n<p class=\"c-interview__interview c-interview__answer\"><b\/>Hugo Ch\u00e1vez fue perdiendo el apoyo del pueblo&#8230; Pero haber permitido que Ch\u00e1vez fuera candidato presidencial fue como que la democracia se diera un tiro en sus propias bases. Es como si t\u00fa vas al colegio, donde t\u00fa tienes tus hijos y alguien te dice: \u2018Mira, vamos a poner de director del colegio a esta persona, \u00e9l es pederasta, pero es simp\u00e1tico\u2019. \u00bfC\u00f3mo vas a poner a un ped\u00f3filo al frente de un colegio? Esto vale con Chavez, que jur\u00f3 al graduarse como cadete de la Escuela Militar que iba a respetar la Constituci\u00f3n y luego lo que hizo fue violarla con dos intentos de golpe militar.<br \/>\u200b<br \/>\u200b<b\/>Maduro hoy tiene el rechazo de m\u00e1s del 90% de los venezolanos. Es t\u00edtere de los cubanos,\u00a0 lo ponen all\u00ed los Castro que lo hab\u00edan formado como un activista.<br \/>Y eso consta en im\u00e1genes, desde que \u00e9l era parte de la llamada izquierda venezolana, fue adoctrinado en escuelas de activistas que dirige o dirig\u00edan tanto Fidel Castro como su hermano Ra\u00fal Castro Ruz. Son los que imponen, a la muerte de Ch\u00e1vez, a Nicol\u00e1s Maduro como el dictador de Venezuela.<\/p>\n<p class=\"c-interview__interview c-interview__question\">Maduro afirm\u00f3 este mi\u00e9rcoles haber mantenido una conversaci\u00f3n \u00abcordial\u00bb con Trump. Si usted pudiera hablar con Maduro durante 1 minuto, \u00bfqu\u00e9 le dir\u00eda?<\/p>\n<p class=\"c-interview__interview c-interview__answer\"><b\/>Le dir\u00eda: entr\u00e9gate. Que se entregue, que deponga las armas, que se d\u00e9 un golpe de pecho y entienda que tiene que vivir sus \u00faltimos a\u00f1os\u00a0 arrepentido del da\u00f1o que le ha causado a Venezuela y resignado a que tiene que dar paso a una nueva generaci\u00f3n, a un gobierno de transici\u00f3n. Un Gobierno que pueda recuperar a Venezuela del marasmo en el que \u00e9l lo ha venido colocando.<\/p>\n<p class=\"c-interview__interview c-interview__question\">\u00bfY por qu\u00e9 cree que, seg\u00fan todo lo que cuenta, Maduro se aferra al poder?<\/p>\n<p class=\"c-interview__interview c-interview__answer\"><b\/>Porque es reh\u00e9n de estas mafias. Y recuerden que, como dec\u00edan los narcotraficantes de Colombia o de M\u00e9xico, Pablo Escobar o Chapo Guzm\u00e1n: &#8216;El narcotr\u00e1fico tiene una puerta de entrada, pero no tiene puerta de salida&#8217;.\u00a0<\/p>\n<blockquote class=\"c-phrase__blockquote\"><p>Los narcotraficantes tienen m\u00e1s 700 mil millones de d\u00f3lares de los venezolanos que hay que rescatar\u00a0<\/p><\/blockquote>\n<p class=\"c-interview__interview c-interview__question\"><b>\u00bfDe seguir as\u00ed, Venezuela podr\u00eda acabar siendo un Estado fallido? Como <\/b><b>Somalia, Sud\u00e1n, Siria\u2026\u00a0<\/b><\/p>\n<p class=\"c-interview__interview c-interview__answer\"><b\/>Ya es un estado fallido. Es un estado fallido porque no hay instituciones. Las instituciones est\u00e1n menoscabadas. Maduro ha postrado las instituciones del Estado al narcotr\u00e1fico. Por eso es un narcoestado. Antes \u00e9ramos un estado petrolero, ahora somos un narcoestado. Y al mismo tiempo es un estado forajido, porque es un estado convertido en instrumentista de actos mafiosos.<\/p>\n<p class=\"c-interview__interview c-interview__question\">Pero hablamos del mismo pa\u00eds que tiene la mayor reserva petrolera del mundo. 300mil millones de barriles. M\u00e1s que Arab\u00eda Saud\u00ed&#8230; \u00bfC\u00f3mo es posible?<\/p>\n<p class=\"c-interview__interview c-interview__answer\"><b\/>Venezuela ha sido un cardumen de pira\u00f1as que ha devorado la riqueza nacional. Usando el argot de los narcotraficantes, la informaci\u00f3n que corre es que tienen &#8216;caletas&#8217; de dinero escondido que no pudieron sacar porque ahora, desde que comenzaron las sanciones, hay m\u00e1s vigilancia. Pero son m\u00e1s de 700.000 millones de d\u00f3lares. Ese dinero habr\u00e1 que rescatarlo. Y para eso, el gobierno de transici\u00f3n contratar\u00e1 los servicios de empresas especializadas en rescatar capitales robados.\u00a0<\/p>\n<p class=\"c-interview__interview c-interview__question\">\u00a0\u00bfC\u00f3mo valorar\u00eda la labor que ha hecho el expresidente espa\u00f1ol Rodr\u00edguez Zapatero como colaborador internacional en Venezuela?<\/p>\n<p class=\"c-interview__interview c-interview__answer\"><b\/>Lamentable. Yo quisiera que el Presidente Zapatero siguiera el ejemplo de presidentes como Felipe Gonz\u00e1lez, Aznar, Rajoy y otros tantos l\u00edderes de Europa. Que no es que est\u00e9n con la oposici\u00f3n, esto no es un problema de derecha o izquierda, no es un problema ideol\u00f3gico. Esto es un problema donde tienes al diablo y la esperanza. El bien y el mal. Y el mal lo representa Ch\u00e1vez, lo representa Maduro. Ellos son la representaci\u00f3n de Satan\u00e1s. Los que cometen terrorismo de Estado, ejecutan desapariciones forzadas y llevan adelante procesos de ejecuci\u00f3n extrajudicial.<\/p>\n<p>Zapatero habla de que ha liberado dos, tres, cuatro presos pol\u00edticos. Pero tiene que saber el se\u00f1or Zapatero que Ch\u00e1vez y Maduro aplican una cosa perversa que es la puerta giratoria. Liberan dos presos pol\u00edticos y al mismo momento est\u00e1n deteniendo a ocho presos pol\u00edticos.<\/p>\n<p class=\"c-interview__interview c-interview__question\">\u00bfQu\u00e9 papel cree que tendr\u00eda que jugar Espa\u00f1a en este conflicto?<\/p>\n<p class=\"c-interview__interview c-interview__answer\">Aqu\u00ed Manolo Escobar cantaba el pasodoble&#8230;\u00a0 Pues hace falta completar el pasodoble.\u00a0<b\/>No basta con decir \u00abno reconocemos a Maduro\u00bb. Mi aspiraci\u00f3n como venezolano es que el gobierno de Espa\u00f1a, siendo el pa\u00eds que tiene las mayores relaciones hist\u00f3ricas con nosotros,\u00a0<b\/> termine de reconocer la condici\u00f3n de presidente constitucional de Edmundo Gonz\u00e1lez y\u00a0 l\u00edder indiscutible de la sociedad venezolana de Mar\u00eda Corina Machado..<\/p>\n","protected":false},"excerpt":{"rendered":"En plena escalada de la tensi\u00f3n militar entre Estados Unidos y Venezuela, el exalcalde de Caracas\u00a0Antonio Ledezma (San&hellip;\n","protected":false},"author":2,"featured_media":272489,"comment_status":"","ping_status":"","sticky":false,"template":"","format":"standard","meta":{"footnotes":""},"categories":[42],"tags":[1247,17,18,6191,66780,13,14,11,61,62,63,64,19,20,66779,9,10,15,16,12,21,22,65,66,67],"class_list":{"0":"post-272488","1":"post","2":"type-post","3":"status-publish","4":"format-standard","5":"has-post-thumbnail","7":"category-internacional","8":"tag-antonio","9":"tag-breaking-news","10":"tag-breakingnews","11":"tag-caracas","12":"tag-exalcalde","13":"tag-featured-news","14":"tag-featurednews","15":"tag-headlines","16":"tag-internacional","17":"tag-international","18":"tag-international-news","19":"tag-internationalnews","20":"tag-latest-news","21":"tag-latestnews","22":"tag-ledezma","23":"tag-news","24":"tag-noticias","25":"tag-noticias-destacadas","26":"tag-noticiasdestacadas","27":"tag-titulares","28":"tag-ultimas-noticias","29":"tag-ultimasnoticias","30":"tag-world","31":"tag-world-news","32":"tag-worldnews"},"share_on_mastodon":{"url":"https:\/\/pubeurope.com\/@es\/115667027027708555","error":""},"_links":{"self":[{"href":"https:\/\/www.europesays.com\/es\/wp-json\/wp\/v2\/posts\/272488","targetHints":{"allow":["GET"]}}],"collection":[{"href":"https:\/\/www.europesays.com\/es\/wp-json\/wp\/v2\/posts"}],"about":[{"href":"https:\/\/www.europesays.com\/es\/wp-json\/wp\/v2\/types\/post"}],"author":[{"embeddable":true,"href":"https:\/\/www.europesays.com\/es\/wp-json\/wp\/v2\/users\/2"}],"replies":[{"embeddable":true,"href":"https:\/\/www.europesays.com\/es\/wp-json\/wp\/v2\/comments?post=272488"}],"version-history":[{"count":0,"href":"https:\/\/www.europesays.com\/es\/wp-json\/wp\/v2\/posts\/272488\/revisions"}],"wp:featuredmedia":[{"embeddable":true,"href":"https:\/\/www.europesays.com\/es\/wp-json\/wp\/v2\/media\/272489"}],"wp:attachment":[{"href":"https:\/\/www.europesays.com\/es\/wp-json\/wp\/v2\/media?parent=272488"}],"wp:term":[{"taxonomy":"category","embeddable":true,"href":"https:\/\/www.europesays.com\/es\/wp-json\/wp\/v2\/categories?post=272488"},{"taxonomy":"post_tag","embeddable":true,"href":"https:\/\/www.europesays.com\/es\/wp-json\/wp\/v2\/tags?post=272488"}],"curies":[{"name":"wp","href":"https:\/\/api.w.org\/{rel}","templated":true}]}}