{"id":272492,"date":"2025-12-05T12:46:13","date_gmt":"2025-12-05T12:46:13","guid":{"rendered":"https:\/\/www.europesays.com\/es\/272492\/"},"modified":"2025-12-05T12:46:13","modified_gmt":"2025-12-05T12:46:13","slug":"el-ayuntamiento-de-valladolid-celebra-el-47o-aniversario-de-la-constitucion-espanola-ensalzando-el-papel-de-los-escolares-en-la-defensa-de-sus-valores","status":"publish","type":"post","link":"https:\/\/www.europesays.com\/es\/272492\/","title":{"rendered":"El Ayuntamiento de Valladolid celebra el 47\u00ba aniversario de la Constituci\u00f3n Espa\u00f1ola ensalzando el papel de los escolares en la defensa de sus valores"},"content":{"rendered":"<p>Descripci\u00f3n<\/p>\n<p class=\"cmParagraph cmAlignjustify\">El Ayuntamiento de Valladolid ha conmemorado hoy el 47 aniversario de la Constituci\u00f3n Espa\u00f1ola, con un acto presidido por la 1\u00aa teniente de alcalde y concejala de Educaci\u00f3n y Cultura, Irene Carvajal, que ha tenido lugar en el Sal\u00f3n de Plenos de la Casa Consistorial. Este acto conmemorativo ha contado con la participaci\u00f3n de 60 escolares de los centros educativos Colegio Rafaela Mar\u00eda, Colegio Santa Mar\u00eda la Real de Huelgas, CEIP Isabel La Cat\u00f3lica, CEIP Le\u00f3n Felipe, Colegio Ntra. Sra. del Rosario y Colegio La Ense\u00f1anza.<\/p>\n<p class=\"cmParagraph cmAlignjustify\">Esta actividad, que se oferta a los centros escolares a trav\u00e9s de la Gu\u00eda Municipal de Recursos y Actividades Educativas, es una de las mejor valoradas y muy demandada por los colegios de Valladolid. Se trata de una actividad complementaria, organizada por la Concejal\u00eda de Educaci\u00f3n y Cultura, a la que asisten cada a\u00f1o alumnado y profesorado de los centros que lo solicitan.<\/p>\n<p class=\"cmParagraph cmAlignjustify\">Con este acto, el Ayuntamiento de Valladolid pone en valor la importancia que tiene la Carta Magna, siendo la norma fundamental que rige a todos los ciudadanos. El objetivo de esta actividad es divulgar los valores propugnados en esta norma suprema, acercar su contenido a los alumnos del \u00faltimo ciclo de primaria y ESO y significar la importancia de conocer la Constituci\u00f3n Espa\u00f1ola desde edades tempranas.<\/p>\n<p class=\"cmParagraph cmAlignjustify\">Este a\u00f1o los temas de trabajo que se han elegido han sido los art\u00edculos <strong>39 y 48<\/strong> de la constituci\u00f3n espa\u00f1ola.<\/p>\n<p class=\"cmParagraph cmAlignjustify\"><strong>El art\u00edculo 39<\/strong> se refiere a que los poderes p\u00fablicos asegurar\u00e1n \u00abla protecci\u00f3n social, econ\u00f3mica y jur\u00eddica de la familia\u00bb.<\/p>\n<ol class=\" cmAlignjustify\">\n<li>Los poderes p\u00fablicos aseguran, asimismo, la protecci\u00f3n integral de los hijos, iguales \u00e9stos ante la ley con independencia de su filiaci\u00f3n, y de las madres, cualquiera que sea su estado civil. La ley posibilitar\u00e1 la investigaci\u00f3n de la paternidad.<\/li>\n<li>Los padres deben prestar asistencia de todo orden a los hijos habidos dentro o fuera del matrimonio, durante su minor\u00eda de edad y en los dem\u00e1s casos en que legalmente proceda.<\/li>\n<li>Los ni\u00f1os gozar\u00e1n de la protecci\u00f3n prevista en los acuerdos internacionales que velan por sus derechos.<\/li>\n<\/ol>\n<p class=\"cmParagraph cmAlignjustify\"><strong>El articulo 48<\/strong> garantiza que \u00ablos poderes p\u00fablicos promover\u00e1n las condiciones para la participaci\u00f3n libre y eficaz de la juventud en el desarrollo pol\u00edtico, social, econ\u00f3mico y cultural\u00bb.<\/p>\n<p class=\"cmParagraph cmAlignjustify\">Durante el acto, los escolares han expuesto las conclusiones de lo trabajado en sus colegios sobre la protecci\u00f3n actual de estos derechos, generando un enriquecedor di\u00e1logo con los miembros de la Corporaci\u00f3n.<\/p>\n<p class=\"cmParagraph cmAlignjustify\">La 1\u00aa teniente de alcalde ha puesto en valor la implicaci\u00f3n del alumnado, que ha reflexionado en sus centros educativos sobre la vigencia y relevancia de estos art\u00edculos 47 a\u00f1os despu\u00e9s de la aprobaci\u00f3n de la Constituci\u00f3n. \u00abSu mirada cr\u00edtica y su capacidad para comprender la importancia de los derechos y deberes constitucionales refuerzan el compromiso de esta instituci\u00f3n con la educaci\u00f3n en los valores democr\u00e1ticos\u00bb, ha se\u00f1alado Irene Carvajal.<\/p>\n<p class=\"cmParagraph cmAlignjustify\">El Ayuntamiento de Valladolid reafirma as\u00ed la importancia de la Constituci\u00f3n como marco de convivencia y garant\u00eda de libertades, y reconoce especialmente el valor de que los ni\u00f1os y j\u00f3venes contin\u00faen descubriendo, comprendiendo y apreciando los logros alcanzados gracias a la Carta Magna.<\/p>\n<p class=\"cmParagraph cmAlignjustify\">Este acto conmemorativo ha finalizado con una representaci\u00f3n teatral y una actuaci\u00f3n musical a cargo de la Escuela Municipal de M\u00fasica de Valladolid.<\/p>\n","protected":false},"excerpt":{"rendered":"Descripci\u00f3n El Ayuntamiento de Valladolid ha conmemorado hoy el 47 aniversario de la Constituci\u00f3n Espa\u00f1ola, con un acto&hellip;\n","protected":false},"author":2,"featured_media":272493,"comment_status":"","ping_status":"","sticky":false,"template":"","format":"standard","meta":{"footnotes":""},"categories":[5],"tags":[4115,4109,249,1250,17,18,4107,4114,777,4110,25,24,13,14,260,11,19,20,4108,9,4112,10,15,16,4111,4116,4113,23,12,21,22,1607],"class_list":{"0":"post-272492","1":"post","2":"type-post","3":"status-publish","4":"format-standard","5":"has-post-thumbnail","7":"category-titulares","8":"tag-agendas","9":"tag-alcaldia","10":"tag-ayudas","11":"tag-ayuntamiento","12":"tag-breaking-news","13":"tag-breakingnews","14":"tag-castilla","15":"tag-centros","16":"tag-ciudad","17":"tag-corporacion","18":"tag-es","19":"tag-espana","20":"tag-featured-news","21":"tag-featurednews","22":"tag-gente","23":"tag-headlines","24":"tag-latest-news","25":"tag-latestnews","26":"tag-leon","27":"tag-news","28":"tag-normativas","29":"tag-noticias","30":"tag-noticias-destacadas","31":"tag-noticiasdestacadas","32":"tag-presupuestos","33":"tag-publicaciones","34":"tag-servicios","35":"tag-spain","36":"tag-titulares","37":"tag-ultimas-noticias","38":"tag-ultimasnoticias","39":"tag-valladolid"},"share_on_mastodon":{"url":"","error":"Validation failed: Text character limit of 500 exceeded"},"_links":{"self":[{"href":"https:\/\/www.europesays.com\/es\/wp-json\/wp\/v2\/posts\/272492","targetHints":{"allow":["GET"]}}],"collection":[{"href":"https:\/\/www.europesays.com\/es\/wp-json\/wp\/v2\/posts"}],"about":[{"href":"https:\/\/www.europesays.com\/es\/wp-json\/wp\/v2\/types\/post"}],"author":[{"embeddable":true,"href":"https:\/\/www.europesays.com\/es\/wp-json\/wp\/v2\/users\/2"}],"replies":[{"embeddable":true,"href":"https:\/\/www.europesays.com\/es\/wp-json\/wp\/v2\/comments?post=272492"}],"version-history":[{"count":0,"href":"https:\/\/www.europesays.com\/es\/wp-json\/wp\/v2\/posts\/272492\/revisions"}],"wp:featuredmedia":[{"embeddable":true,"href":"https:\/\/www.europesays.com\/es\/wp-json\/wp\/v2\/media\/272493"}],"wp:attachment":[{"href":"https:\/\/www.europesays.com\/es\/wp-json\/wp\/v2\/media?parent=272492"}],"wp:term":[{"taxonomy":"category","embeddable":true,"href":"https:\/\/www.europesays.com\/es\/wp-json\/wp\/v2\/categories?post=272492"},{"taxonomy":"post_tag","embeddable":true,"href":"https:\/\/www.europesays.com\/es\/wp-json\/wp\/v2\/tags?post=272492"}],"curies":[{"name":"wp","href":"https:\/\/api.w.org\/{rel}","templated":true}]}}