{"id":272502,"date":"2025-12-05T12:56:09","date_gmt":"2025-12-05T12:56:09","guid":{"rendered":"https:\/\/www.europesays.com\/es\/272502\/"},"modified":"2025-12-05T12:56:09","modified_gmt":"2025-12-05T12:56:09","slug":"su-musica-favorita-en-el-ano-mas-complicado-del-psoe","status":"publish","type":"post","link":"https:\/\/www.europesays.com\/es\/272502\/","title":{"rendered":"su m\u00fasica favorita en el a\u00f1o m\u00e1s complicado del PSOE"},"content":{"rendered":"<p>Como cada mes de diciembre, Spotify hace su m\u00edtica lista de datos donde cada usuario puede ver lo que m\u00e1s ha escuchado durante el a\u00f1o. <a href=\"https:\/\/okdiario.com\/look\/actualidad\/oscar-puente-presume-familia-foto-historica-padre-hijo-raices-lo-son-todo-2297872\" rel=\"nofollow noopener\" target=\"_blank\"><strong>\u00d3scar Puente<\/strong><\/a>, en el <a href=\"https:\/\/okdiario.com\/look\/actualidad\/pedro-sanchez-dimision-famosos-quejas-redes-sociales-pablo-motos-ana-obregon-2315457\" rel=\"nofollow noopener\" target=\"_blank\">curso m\u00e1s complicado del PSOE<\/a> marcado por la corrupci\u00f3n, ha querido compartir con sus seguidores <strong>cu\u00e1les son sus gustos musicales<\/strong> y ha sorprendido al revelar cu\u00e1l ha sido el artista que m\u00e1s ha escuchado en 2025.<\/p>\n<p>La m\u00fasica m\u00e1s escuchada por \u00d3scar Puente<\/p>\n<p>A trav\u00e9s de sus redes sociales -y en ocasiones- el Ministro de Transportes comparte curiosidades sobre <a href=\"https:\/\/okdiario.com\/look\/actualidad\/oscar-puente-mujer-yasmina-perfil-personal-2292219\" rel=\"nofollow noopener\" target=\"_blank\">su vida personal<\/a> -como fue el nacimiento de su hijo peque\u00f1o el pasado mes de mayo-. Ahora, <strong>Puente ha desvelado cu\u00e1les han sido sus gustos musicales en este a\u00f1o agridulce<\/strong> en el que el PSOE -el partido en el que milita- ha copado numerosos titulares por los esc\u00e1ndalos de la corrupci\u00f3n.<\/p>\n<p>A diferencia de otros rostros conocidos que tambi\u00e9n son padres -y cuyas preferencias han sido los cantajuegos-, el pol\u00edtico ha revelado que <strong>su artista m\u00e1s escuchado es Bad Bunny<\/strong> -que pr\u00f3ximamente dar\u00e1 conciertos en Espa\u00f1a-.<\/p>\n<p>\u00ab<strong>Aqu\u00ed el resumen de artistas y canciones m\u00e1s escuchadas<\/strong>. Y ya\u00bb, ha escrito en el primer post, donde ha revelado que en su p\u00f3dium est\u00e1 Bad Bunny (en primer lugar), Radiohead (en el segundo) y China Crisis (en tercera posici\u00f3n).<\/p>\n<blockquote class=\"twitter-tweet\">\n<p dir=\"ltr\" lang=\"es\">1.- Mi wrapped de este a\u00f1o. No te pido que me lo mejores. Igu\u00e1lamelo. <a href=\"https:\/\/t.co\/v5x7IhKaSj\" rel=\"nofollow\">pic.twitter.com\/v5x7IhKaSj<\/a><\/p>\n<p>\u2014 \u00d3scar Puente (@oscar_puente_) <a href=\"https:\/\/twitter.com\/oscar_puente_\/status\/1996314235186380828?ref_src=twsrc%5Etfw\" rel=\"nofollow noopener\" target=\"_blank\">December 3, 2025<\/a><\/p>\n<\/blockquote>\n<p>Adem\u00e1s, ha querido explicar la raz\u00f3n por la que el cantante puertorrique\u00f1o -que tambi\u00e9n es de los artistas favoritos de Pen\u00e9lope Cruz y Javier Bardem- lidera su Wrapped. \u00abPero, no todo ha sido nostalgia y la actualidad tambi\u00e9n ha tenido su espacio. <strong>Y en ese espacio la Palma se la ha llevado Bad Bunny. Mi artista m\u00e1s escuchado y sobre todo su nuevo \u00e1lbum<\/strong>, que me conecta mucho m\u00e1s con el artista que otros trabajos anteriores\u00bb, ha escrito. En total, el Ministro de Transportes ha escuchado un total de 280 minutos del ex de Kendall Jenner.<\/p>\n<p>Tras un a\u00f1o convulso marcado por una crisis en su partido, Puentes ha aprovechado para desvelar cu\u00e1l es el estilo musical que escucha cuando pasa tiempo en su casa: \u00ab<strong>He tenido mi a\u00f1o nost\u00e1lgico ochentero<\/strong>. Y me hice una playlist de los 80 que me pongo sobre todo cuando cocino. <strong>No os lo he dicho, pero me encanta cocinar<\/strong>\u00bb.<\/p>\n<p>Su 2025, marcado por la paternidad<\/p>\n<p>El 2025 es un a\u00f1o que \u00d3scar Puente nunca olvidar\u00e1. A sus 56 a\u00f1os, el pol\u00edtico y su pareja, <strong>Yasmina Gregori<\/strong>, dieron la bienvenida al mundo a <strong>su primer hijo en com\u00fan<\/strong>, al que llamaron tambi\u00e9n como el Ministro de Transportes y al que present\u00f3 en redes sociales con una imagen de lo m\u00e1s emotiva.<\/p>\n<blockquote class=\"twitter-tweet\">\n<p dir=\"ltr\" lang=\"es\">Pues ayer se juntaron por primera vez, Oscar Puente Varela, Sarria(Lugo) 27-12-1939, con Oscar Puente Santiago, Valladolid, 15-11-1968, y Oscar Puente Cerd\u00e1, Madrid, 13-05-2025. Para m\u00ed las ra\u00edces lo son todo y explican casi todo. Siempre presentes. Amor y agradecimiento. <a href=\"https:\/\/t.co\/JoHt0vru3G\" rel=\"nofollow\">https:\/\/t.co\/JoHt0vru3G<\/a> <a href=\"https:\/\/t.co\/ZVF1OPNS6Z\" rel=\"nofollow\">pic.twitter.com\/ZVF1OPNS6Z<\/a><\/p>\n<p>\u2014 \u00d3scar Puente (@oscar_puente_) <a href=\"https:\/\/twitter.com\/oscar_puente_\/status\/1925175518011310573?ref_src=twsrc%5Etfw\" rel=\"nofollow noopener\" target=\"_blank\">May 21, 2025<\/a><\/p>\n<\/blockquote>\n<p>\u00ab<strong>Ahora estoy ocupado con \u00d3scar Puente III (la saga continua). Pero volver\u00e9<\/strong>. Pues ayer se juntaron por primera vez, Oscar Puente Varela, Sarria(Lugo) 27-12-1939, con Oscar Puente Santiago, Valladolid, 15-11-1968, y Oscar Puente Cerd\u00e1, Madrid, 13-05-2025.\u00a0Para m\u00ed las ra\u00edces lo son todo y explican casi todo. Siempre presentes. Amor y agradecimiento\u00bb, escribi\u00f3 junto a una foto con el reci\u00e9n nacido y su progenitor.<\/p>\n<p>\t\t\t\t\t\t\t<script async src=\"https:\/\/platform.twitter.com\/widgets.js\" charset=\"utf-8\"><\/script><\/p>\n","protected":false},"excerpt":{"rendered":"Como cada mes de diciembre, Spotify hace su m\u00edtica lista de datos donde cada usuario puede ver lo&hellip;\n","protected":false},"author":2,"featured_media":272503,"comment_status":"","ping_status":"","sticky":false,"template":"","format":"standard","meta":{"footnotes":""},"categories":[174],"tags":[255,146,147,25,24,256,2952,23],"class_list":{"0":"post-272502","1":"post","2":"type-post","3":"status-publish","4":"format-standard","5":"has-post-thumbnail","7":"category-famosos","8":"tag-celebrities","9":"tag-entertainment","10":"tag-entretenimiento","11":"tag-es","12":"tag-espana","13":"tag-famosos","14":"tag-oscar-puente","15":"tag-spain"},"share_on_mastodon":{"url":"https:\/\/pubeurope.com\/@es\/115667074129266768","error":""},"_links":{"self":[{"href":"https:\/\/www.europesays.com\/es\/wp-json\/wp\/v2\/posts\/272502","targetHints":{"allow":["GET"]}}],"collection":[{"href":"https:\/\/www.europesays.com\/es\/wp-json\/wp\/v2\/posts"}],"about":[{"href":"https:\/\/www.europesays.com\/es\/wp-json\/wp\/v2\/types\/post"}],"author":[{"embeddable":true,"href":"https:\/\/www.europesays.com\/es\/wp-json\/wp\/v2\/users\/2"}],"replies":[{"embeddable":true,"href":"https:\/\/www.europesays.com\/es\/wp-json\/wp\/v2\/comments?post=272502"}],"version-history":[{"count":0,"href":"https:\/\/www.europesays.com\/es\/wp-json\/wp\/v2\/posts\/272502\/revisions"}],"wp:featuredmedia":[{"embeddable":true,"href":"https:\/\/www.europesays.com\/es\/wp-json\/wp\/v2\/media\/272503"}],"wp:attachment":[{"href":"https:\/\/www.europesays.com\/es\/wp-json\/wp\/v2\/media?parent=272502"}],"wp:term":[{"taxonomy":"category","embeddable":true,"href":"https:\/\/www.europesays.com\/es\/wp-json\/wp\/v2\/categories?post=272502"},{"taxonomy":"post_tag","embeddable":true,"href":"https:\/\/www.europesays.com\/es\/wp-json\/wp\/v2\/tags?post=272502"}],"curies":[{"name":"wp","href":"https:\/\/api.w.org\/{rel}","templated":true}]}}