{"id":272506,"date":"2025-12-05T12:59:17","date_gmt":"2025-12-05T12:59:17","guid":{"rendered":"https:\/\/www.europesays.com\/es\/272506\/"},"modified":"2025-12-05T12:59:17","modified_gmt":"2025-12-05T12:59:17","slug":"joseba-arguinano-habla-de-las-diferencias-con-karlos-y-eva-y-comparte-una-profunda-reflexion-todos-no-somos-iguales-3","status":"publish","type":"post","link":"https:\/\/www.europesays.com\/es\/272506\/","title":{"rendered":"Joseba Argui\u00f1ano habla de las diferencias con Karlos y Eva y comparte una profunda reflexi\u00f3n: \u201cTodos no somos iguales\u201d"},"content":{"rendered":"<p class=\"\">Suele decirse que la sonrisa de uno, si sincera, es el reflejo del gesto paterno o materno. <b>Hay algo que va m\u00e1s all\u00e1 del parecido f\u00edsico, de las palabras y expresiones heredadas<\/b>; se trata de un aura propia e intransferible que descansa en el interior y que, entre otras cosas, hace que cuando <b>Joseba Argui\u00f1ano<\/b> habla a uno se le haga imposible no ver en su mirada a <b>Karlos<\/b>. Tampoco es cosa del plat\u00f3. O al menos, no lo fue en <b>Y ahora Sonsoles.<\/b><\/p>\n<p class=\"\">Al formato presentado por <b>Sonsoles \u00d3nega <\/b>acudi\u00f3 hace algunas semanas el hijo del m\u00edtico y laureado chef para hablar de los a\u00f1os que ha compartido y todav\u00eda comparte con su progenitor frente a la c\u00e1mara, sincerarse acerca de su particular familia y hablar de su propia vocaci\u00f3n culinaria.<b> Joseba, quinto de los siete hijos de Karlos Argui\u00f1ano y Luisi Ameztoy, tiene cocina en las venas, en el cerebro y en el coraz\u00f3n<\/b>: creci\u00f3 correteando por el Hotel Restaurante Karlos Argui\u00f1ano, en la playa de Zarautz, reconociendo en la familia y en lo culinario las semillas de sus pasiones.<\/p>\n<p>\u201cUna tribu maravillosa\u201d<\/p>\n<p class=\"\"><b>\u201cTodos no somos iguales\u201d<\/b>, dijo de su hogar, explicando que \u201cuno ser\u00e1 m\u00e1s h\u00e1bil, el otro ser\u00e1 m\u00e1s tranquilo, el otro ser\u00e1 m\u00e1s movido, el otro es m\u00e1s parado&#8230; Pero nada es mejor o peor\u201d, sino que \u201ces diferente\u201d. Esa es la clave.<b> \u201cY la riqueza es lo diferente. Que se junte eso y que seamos una familia, una tribu maravillosa\u201d<\/b>, explic\u00f3, sonriendo con sinceridad, c\u00f3mo percibe su n\u00facleo familiar.<\/p>\n<p class=\"\">As\u00ed era desde que era un ni\u00f1o. <b>\u201cMe dejaban hacer cualquier cosa, ya ve\u00edas las pintas que ten\u00eda. Nosotros hemos nacido all\u00ed y entre fogones, con mi t\u00eda, los cocineros, los camareros&#8230;<\/b> en un entorno de hosteler\u00eda\u201d, record\u00f3, agregando que cuando acab\u00f3 la ESO fue a la escuela de su padre a estudiar cocina y, m\u00e1s tarde, se profesionaliz\u00f3 en el <b>arte de la hosteler\u00eda.<\/b><\/p>\n<p>Noticias relacionadas<a href=\"https:\/\/as.com\/tikitakas\/famosos\/salen-a-la-luz-nuevos-detalles-de-la-ruptura-de-los-javis-eso-de-que-iban-a-estar-bien-f202511-n\/\" class=\"s_m_w\" title=\"La periodista Anna Gurgui ha revelado en el p\u00f3dcast \u2018En todas las salsas\u2019 que la realidad de su desamor no es todo lo optimista que ellos han tratado de mostrar.\" data-tb-link=\"\" rel=\"nofollow noopener\" target=\"_blank\"><img decoding=\"async\" src=\"https:\/\/www.europesays.com\/es\/wp-content\/uploads\/2025\/12\/HHRUEOBIVZHIPM6LEYWTDXH6ZM.jpg\" alt=\"Salen a la luz nuevos detalles de la ruptura de Los Javis: \u201cEso de que iban a estar bien...\u201d\" class=\"\" height=\"9\" width=\"16\"   loading=\"lazy\" data-tb-thumbnail=\"\"\/><\/a><a href=\"https:\/\/as.com\/tikitakas\/gastronomia\/analiza-lo-ocurrido-con-los-turrones-en-mercadona-y-alerta-a-todos-otros-supermercados-lo-bajan-a-proposito-f202511-n\/\" class=\"s_m_w\" title=\"Un comentario en un reciente hilo de Reddit ha expuesto la inteligente estrategia de la cadena valenciana con este producto clave en Navidad.\" data-tb-link=\"\" rel=\"nofollow noopener\" target=\"_blank\"><img decoding=\"async\" src=\"https:\/\/www.europesays.com\/es\/wp-content\/uploads\/2025\/12\/VWZHI4IYAFAHTABVI7ZA2IMSIA.jpg\" alt=\"Analiza lo ocurrido con los turrones en Mercadona y alerta a todos: \u201cOtros supermercados lo bajan a prop\u00f3sito\u201d\" class=\"\" height=\"9\" width=\"16\"   loading=\"lazy\" data-tb-thumbnail=\"\"\/><\/a><\/p>\n<p class=\"\">Todo ello lo hizo siendo fiel a su familia y a s\u00ed mismo. <b>\u201cIgual era m\u00e1s rebelde, tienes menos cabeza de joven y todo lo que pasaba en la casa era siempre por m\u00ed\u201c<\/b>, desvel\u00f3, deshaci\u00e9ndose en elogios cari\u00f1osos hacia sus padres y hermanos: <b>\u201dNos han querido un mont\u00f3n. Alegr\u00edas les hemos dado, hemos salido una familia trabajadora, al pie del ca\u00f1\u00f3n y nos queremos mucho\u00bb.<\/b> Y su mueca, entonces, pareci\u00f3 la de Karlos.<\/p>\n<p class=\"\"><b>\u00a1Tus opiniones importan!<\/b> Comenta en los art\u00edculos y suscr\u00edbete gratis a nuestra <a href=\"https:\/\/asfan.as.com\/newsletters\/\" target=\"_blank\" rel=\"nofollow noopener\" title=\"https:\/\/asfan.as.com\/newsletters\/\">newsletter<\/a> y a las alertas informativas en la <a href=\"https:\/\/as.com\/aplicacion-de-as-n\/\" target=\"_blank\" rel=\"nofollow noopener\" title=\"https:\/\/as.com\/aplicacion-de-as-n\/\">App<\/a> o el canal de <a href=\"https:\/\/www.whatsapp.com\/channel\/0029VaAasdA7j6g745nz9M10\" target=\"_blank\" rel=\"nofollow noopener\" title=\"https:\/\/www.whatsapp.com\/channel\/0029VaAasdA7j6g745nz9M10\">WhatsApp<\/a>. \u00bfBuscas licenciar contenido? Haz clic <a href=\"https:\/\/profesional.elpais.com\/soluciones-sindicacion?utm_medium=interno&amp;utm_source=crosslinking&amp;utm_campaign=sindicacion_as_pie_articulos\" target=\"_blank\" rel=\"nofollow noopener\" title=\"https:\/\/profesional.elpais.com\/soluciones-sindicacion?utm_medium=interno&amp;utm_source=crosslinking&amp;utm_campaign=sindicacion_as_pie_articulos\">aqu\u00ed<\/a><\/p>\n","protected":false},"excerpt":{"rendered":"Suele decirse que la sonrisa de uno, si sincera, es el reflejo del gesto paterno o materno. Hay&hellip;\n","protected":false},"author":2,"featured_media":187865,"comment_status":"","ping_status":"","sticky":false,"template":"","format":"standard","meta":{"footnotes":""},"categories":[171],"tags":[146,147,25,24,23,214],"class_list":{"0":"post-272506","1":"post","2":"type-post","3":"status-publish","4":"format-standard","5":"has-post-thumbnail","7":"category-tv","8":"tag-entertainment","9":"tag-entretenimiento","10":"tag-es","11":"tag-espana","12":"tag-spain","13":"tag-tv"},"share_on_mastodon":{"url":"https:\/\/pubeurope.com\/@es\/115667086414393328","error":""},"_links":{"self":[{"href":"https:\/\/www.europesays.com\/es\/wp-json\/wp\/v2\/posts\/272506","targetHints":{"allow":["GET"]}}],"collection":[{"href":"https:\/\/www.europesays.com\/es\/wp-json\/wp\/v2\/posts"}],"about":[{"href":"https:\/\/www.europesays.com\/es\/wp-json\/wp\/v2\/types\/post"}],"author":[{"embeddable":true,"href":"https:\/\/www.europesays.com\/es\/wp-json\/wp\/v2\/users\/2"}],"replies":[{"embeddable":true,"href":"https:\/\/www.europesays.com\/es\/wp-json\/wp\/v2\/comments?post=272506"}],"version-history":[{"count":0,"href":"https:\/\/www.europesays.com\/es\/wp-json\/wp\/v2\/posts\/272506\/revisions"}],"wp:featuredmedia":[{"embeddable":true,"href":"https:\/\/www.europesays.com\/es\/wp-json\/wp\/v2\/media\/187865"}],"wp:attachment":[{"href":"https:\/\/www.europesays.com\/es\/wp-json\/wp\/v2\/media?parent=272506"}],"wp:term":[{"taxonomy":"category","embeddable":true,"href":"https:\/\/www.europesays.com\/es\/wp-json\/wp\/v2\/categories?post=272506"},{"taxonomy":"post_tag","embeddable":true,"href":"https:\/\/www.europesays.com\/es\/wp-json\/wp\/v2\/tags?post=272506"}],"curies":[{"name":"wp","href":"https:\/\/api.w.org\/{rel}","templated":true}]}}