{"id":272508,"date":"2025-12-05T13:01:11","date_gmt":"2025-12-05T13:01:11","guid":{"rendered":"https:\/\/www.europesays.com\/es\/272508\/"},"modified":"2025-12-05T13:01:11","modified_gmt":"2025-12-05T13:01:11","slug":"hoy-en-netflix-la-secuela-de-la-pelicula-mas-vista-de-la-historia-de-la-plataforma-con-103-millones-de-visualizaciones-el-mundo","status":"publish","type":"post","link":"https:\/\/www.europesays.com\/es\/272508\/","title":{"rendered":"Hoy en Netflix: la secuela de la pel\u00edcula m\u00e1s vista de la historia de la plataforma con 103 millones de visualizaciones &#8211; El Mundo"},"content":{"rendered":"<ol>\n<li><a href=\"https:\/\/news.google.com\/rss\/articles\/CBMiggFBVV95cUxNMjlkS3pDNEN3WkxCcjNGcXRSOW9KV2VpTFVHVlVZbncyVXJURWU4cHNxWXRSdEo3ZWVLOHRQOFFCYnJLOW02R2Y5VlRkZU5zbnNaUmRPYlFHanI0NWZCeXpfdERBNE9hVm1ubjJwVzg3a0xyTjhJTUQ3SlY3a0pROUdn?oc=5\" target=\"_blank\" rel=\"nofollow noopener\">Hoy en Netflix: la secuela de la pel\u00edcula m\u00e1s vista de la historia de la plataforma con 103 millones de visualizaciones<\/a>&nbsp;&nbsp;El Mundo<\/li>\n<li><a href=\"https:\/\/news.google.com\/rss\/articles\/CBMi_gFBVV95cUxNSzZra0Etc2tDX1NtZ3Btd2kwRUZlM2JjU2F4andLTS12N3hYODRWdWp1RUYwUmxGeVRwSU1QNDExOUROYW9jQk9oTUFQZzVrV3NlU3FpRmpKZGNrbXZ6Q2NPTDdjT0hwMFFUak43SjlyWkdTeVM3MFpDMXdhZmZWNlF5OGFTbXM5WHlzbWFHSVVDY3dZd2tYQXRkSGtZR29UVWMwSElJVGctaDVQTURfQmFVVVhGdHlER2Nwd2ZWT01PRzRjb2lqSTMyQy1yYzZTaVZxa2dDeHdSdGRnNF9pWTVYUDB1Sm9Wd3BtUDdmWDUwOVVMMXFaQ3ZTV1BZUQ?oc=5\" target=\"_blank\" rel=\"nofollow noopener\">Como Godzilla en Escandinavia, as\u00ed es el tr\u00e1iler de la sorprendente pel\u00edcula que domina el ranking de las m\u00e1s<\/a>&nbsp;&nbsp;Diario AS<\/li>\n<li><a href=\"https:\/\/news.google.com\/rss\/articles\/CBMia0FVX3lxTE9oblVBMmpJemRQTUR2bTctRzQwUmhJYUt5YkNNTG9aNFBWNS1ldVY5aXZZOXhUOWJRRzFBY0c3aXBaVUI1TnNaU2NWWV9DaDk0bmJoTzFxQVBScTlMelhLbzF0bnRGdU5FOG9r?oc=5\" target=\"_blank\" rel=\"nofollow noopener\">Hoy en Netflix: el regreso de la pel\u00edcula de monstruos que vieron m\u00e1s de 103 millones de personas<\/a>&nbsp;&nbsp;SensaCine<\/li>\n<li><a href=\"https:\/\/news.google.com\/rss\/articles\/CBMi4gFBVV95cUxOY0pFWlM3cjNDQ0Jwc3BNZ25zZDdnN3dCMVlYczN0VWNvSHpUTzFwMHZZZzdNaGhoRjhVZW5SSHlTSm9VaFBDSnNRUzZOSmdXT2xsVm9yel84Q0JyakxmejJwY1pPT3BfVkhkQWJsR1laa3BrQTFIbjZJVk43ZzlfbGhqOXVqS3V1U25tSlhsMU9DcjRLZUppS08tck1IeUxNVW9zaDUtbEdMOEw3V1lxbE96ZXJpR0oxVGdNLUN5S081NmJBR0FGRzRQNkxCMktNNWZRRi1WbjNnUzFhU1dZbjB30gHnAUFVX3lxTE9VY0Jhbk55OU9ZOFdCNWoxY3p2bTNxd0FGNHRrbjdrMDJGZzZZWFdQUlZkWGZaTkZtNGhfY1JLXzNMSnJ2T01MdktkbGQzLThreXJmcFk0RDF6VDZPMlRxY19NTER6SEZYcTZPS0lDZm1EZUtNX0tYbjlucXpXNE92S2Uzc1lNbXBpbTFrREFKSXNxVEV1RGhDTGhYZ0tiT0ZsSk43NUdvR3ctZC1NZGVKNjRDUGxLdFdjQkcwMzJicHljR2xnNlZYRk83S3V1eGlrcEdod0pkakNpM184ekg4V2lwOGhnRQ?oc=5\" target=\"_blank\" rel=\"nofollow noopener\">Netflix acaba de estrenar la secuela de una de sus mejores pel\u00edculas de fantas\u00eda: una impresionante&#8230;<\/a>&nbsp;&nbsp;Espinof<\/li>\n<li><a href=\"https:\/\/news.google.com\/rss\/articles\/CBMisgFBVV95cUxNZVY5Q1lGV0F0ZjFlcFRBTjV2am5xdVA0QXphakhMT2lKR3F5M1RoU25SYVRvM0JyZ3VUeTFrQ0kwNXpUaEpvMHZhcDhTalJsZHR2akhTVFQ4VjZINFJ4Q1ZSWEstSWNpek45LWdlX2lKYmtLZUU0WUZlcmZTa0l1WWczYnlFa1BPMDBNZ0RhUEZxTlV3Zi1JbC1VVzVMcHVQX3FVUm5rQ2RBX09KdVNqV1BR0gG3AUFVX3lxTE9DZ2wwZ0tqMTVsTV9QWFl6dTZ0eHJ3M2taQ0c2UmZVUmtlMC1ld25wbkdwc0JpSUxnallVd2RGRmxZck1jaXRSVVVjQ1EwRFM4RW5mc3B5WDR1YmRpYUJUcjM2ai1JbURkWFFfUmYzb1otSk9uUGg1V3hmNElwbnczdThlUldXaE92Ums0WWllZURqQmFyOU1VTUpZOGVUYWJqNFZicmhXazEzZUM4Q3o2VVdDX1NaVQ?oc=5\" target=\"_blank\" rel=\"nofollow noopener\">Cr\u00edtica de \u201cTrol 2\u201d: El \u201cKing Kong\u201d noruego est\u00e1 de regreso<\/a>&nbsp;&nbsp;EscribiendoCine<\/li>\n<\/ol>\n","protected":false},"excerpt":{"rendered":"Hoy en Netflix: la secuela de la pel\u00edcula m\u00e1s vista de la historia de la plataforma con 103&hellip;\n","protected":false},"author":2,"featured_media":272509,"comment_status":"","ping_status":"","sticky":false,"template":"","format":"standard","meta":{"footnotes":""},"categories":[169],"tags":[177,11030,209,4176,146,147,25,24,176,175,152,753,23,18566,6761],"class_list":{"0":"post-272508","1":"post","2":"type-post","3":"status-publish","4":"format-standard","5":"has-post-thumbnail","7":"category-cine","8":"tag-cine","9":"tag-cineseries","10":"tag-cultura","11":"tag-cultura-cine","12":"tag-entertainment","13":"tag-entretenimiento","14":"tag-es","15":"tag-espana","16":"tag-film","17":"tag-movies","18":"tag-netflix","19":"tag-peliculas","20":"tag-spain","21":"tag-spnhm","22":"tag-tresb"},"share_on_mastodon":{"url":"https:\/\/pubeurope.com\/@es\/115667093708817559","error":""},"_links":{"self":[{"href":"https:\/\/www.europesays.com\/es\/wp-json\/wp\/v2\/posts\/272508","targetHints":{"allow":["GET"]}}],"collection":[{"href":"https:\/\/www.europesays.com\/es\/wp-json\/wp\/v2\/posts"}],"about":[{"href":"https:\/\/www.europesays.com\/es\/wp-json\/wp\/v2\/types\/post"}],"author":[{"embeddable":true,"href":"https:\/\/www.europesays.com\/es\/wp-json\/wp\/v2\/users\/2"}],"replies":[{"embeddable":true,"href":"https:\/\/www.europesays.com\/es\/wp-json\/wp\/v2\/comments?post=272508"}],"version-history":[{"count":0,"href":"https:\/\/www.europesays.com\/es\/wp-json\/wp\/v2\/posts\/272508\/revisions"}],"wp:featuredmedia":[{"embeddable":true,"href":"https:\/\/www.europesays.com\/es\/wp-json\/wp\/v2\/media\/272509"}],"wp:attachment":[{"href":"https:\/\/www.europesays.com\/es\/wp-json\/wp\/v2\/media?parent=272508"}],"wp:term":[{"taxonomy":"category","embeddable":true,"href":"https:\/\/www.europesays.com\/es\/wp-json\/wp\/v2\/categories?post=272508"},{"taxonomy":"post_tag","embeddable":true,"href":"https:\/\/www.europesays.com\/es\/wp-json\/wp\/v2\/tags?post=272508"}],"curies":[{"name":"wp","href":"https:\/\/api.w.org\/{rel}","templated":true}]}}