{"id":272510,"date":"2025-12-05T13:02:08","date_gmt":"2025-12-05T13:02:08","guid":{"rendered":"https:\/\/www.europesays.com\/es\/272510\/"},"modified":"2025-12-05T13:02:08","modified_gmt":"2025-12-05T13:02:08","slug":"a-que-hora-es-el-sorteo-del-mundial-2026-horario-donde-ver-por-tv-y-online-formato-y-equipos-el-mundo","status":"publish","type":"post","link":"https:\/\/www.europesays.com\/es\/272510\/","title":{"rendered":"A qu\u00e9 hora es el Sorteo del Mundial 2026: horario, d\u00f3nde ver por TV y online, formato y equipos &#8211; El Mundo"},"content":{"rendered":"<ol>\n<li><a href=\"https:\/\/news.google.com\/rss\/articles\/CBMid0FVX3lxTE9LMWJrSGhlenBnb25lRGVnM1NlckFYTnc1aGxJR01kR1JVMkVmbnpvLXFIWDZVSVpGSG0zaF8wbzFRcl9FWkR3WmZtUlFzUXUzWl9Cek91V25IOFdneUx5eGxsSGpWNjJFa0VKQUotamk2M09GcXVZ0gF3QVVfeXFMUC11azFrblJaTnZaSllhazJBM29XTGFWTzFIaXFuYy1xQTR6ZU5ZaF80Nm9vSWI5RHB2OHdQRGRUQk5hTVdxYmVBVk8yTzB4SUUyRldfc3c2X3ZYQm42aENZbDZnc2lIVk5VYlNPdHBaT1JiaS1UV28?oc=5\" target=\"_blank\" rel=\"nofollow noopener\">A qu\u00e9 hora es el Sorteo del Mundial 2026: horario, d\u00f3nde ver por TV y online, formato y equipos<\/a>&nbsp;&nbsp;El Mundo<\/li>\n<li><a href=\"https:\/\/news.google.com\/rss\/articles\/CBMi4AFBVV95cUxONzNOd25yeV9PeHhod28zNTg1Sk5jb3RvdG1Pa0k5bEVISmN3TWp1bUsxZllpMHl4Y0lSV0VRbjIxWEJCWDg5WXZQeERLZlg3SVFLSVlsQWpRLVpTR3NfQXVoOHNKbDU3MUJlOUUtb3MwWTV3dHMxcEFyTUZfZGRTc2FwUnFVbGFyTlQxa244THBpaWpXT2FUZHZrS2Y0REJCdVVldEg1cWIyYnZhMHBoZGJhZ0RMNEJKM2lybXM4YmdBV3FxV3lSUE40R3p4ZHo2ZV93Z1BXVGF0UTJzcHlFNw?oc=5\" target=\"_blank\" rel=\"nofollow noopener\">Sorteo del Mundial 2026 de Estados Unidos, M\u00e9xico y Canad\u00e1: c\u00f3mo funciona, selecciones, condicionantes, formato&#8230;<\/a>&nbsp;&nbsp;Diario AS<\/li>\n<li><a href=\"https:\/\/news.google.com\/rss\/articles\/CBMiugFBVV95cUxNajA5LVo4cVJvX1ZKVDhta2tzd3pLRktaQVA3TnpWTUM0RUk4ZmFmVFEzTVpUSzVXb2hPYlQxVjAybVI3Y044S3Y3UDhudkc5MDQzSzhtMG9Qb2ljaWJWSC1mN3h0dGVRNnBmXzVuLW10dVYtOFAxTTFBVVVjTHBkNGZ5ek14akI2TFJKa1FlTWp5aGJnWUhZTDlHUFJiRHVGN1RzWWFNeVljRDMtb1NCQW4tSmNibkEzeGfSAboBQVVfeXFMT0treEowM1M1M1VUZ2lVY1VYWFg4NXJrWGRhcjgwU09YUjNycm4tMTlRTi13bWozV1NReERUV1RSUkpRVnJZR0RVRVRzYU96ME53SFJJVzlSME1iYy1ib2JRWkVUQklaQTdtdHVfZ3NPbTdkdm54Q2t4U0htcWFjZFlkd2lFRmFXcmkzcE5CdzgyT296Q051d0Q3WVRGaHE1RjV0YjRFZzJBOHhseU45UGFiMmM3dGZzY05R?oc=5\" target=\"_blank\" rel=\"nofollow noopener\">A qu\u00e9 hora ser\u00e1n los partidos en el Mundial 2026: horarios de la selecci\u00f3n en Espa\u00f1a y d\u00f3nde ver en TV<\/a>&nbsp;&nbsp;MARCA<\/li>\n<li><a href=\"https:\/\/news.google.com\/rss\/articles\/CBMitwFBVV95cUxPY09xUTJKWm5idmJiSU5nTEYzNzRmT3h3b240Z0ZwcVZGUWNPTnBvSVJzRWxsT2JxVlczMERsUjZRbnJGZXBkVHJJR0hiSXV2LWYzbWtiM0FwdHJ6blJUalQyTWRJek5LSHJYdUY2YWtNQWhreUlQNXBYdVFqWTZIWmV0SzkzWUMtYnRaRUhTMkg4Xy16OU0zOTN2RlhIRmRqbEZmWU9FQlZnNURSTU5lZG1ZWmVRRVk?oc=5\" target=\"_blank\" rel=\"nofollow noopener\">Un bloque definido, el recuerdo del 2010 y el \u00faltimo reto de De la Fuente: Espa\u00f1a mide su suerte de cara al Mundial<\/a>&nbsp;&nbsp;El Confidencial<\/li>\n<li><a href=\"https:\/\/news.google.com\/rss\/articles\/CBMixgFBVV95cUxPUXk4T2N4d0NqRUV5RGo1MXYtTmxOb0FuTFJrZnlUZFQ5NGUydnZka2sxMFFIc3pMMnhPSzYzOTVlYkhuU3lWTXRlMnlVMTNoNlpvb1VpS0JaQkhBZE52VF9Wc3gzQ3FZbXNXWkxIekFLQWxvZGF4bVRJYXNrNHRnQU5qLW5fbnNIU2FVSWwwOVRqdnpISTJWYlV0YXlTZkl6ZUNfUFQ2OVFjYnY1YlNCaGY2MHZDdnV2MmpuWW1BOWxNTXE1NlHSAdoBQVVfeXFMTUc5TGtvUl9LS3FIMk9sODdHZklEM0gwTjEyMmpqQ0taMVJ5NGJ6c29UakVFdEhwUnh2T2NEYm81UHlsYjNqc0g4My1UTXBEWjk1NElaZWk1blVrLUhBc0ZxMjJONGlvamk1OEktUkE3YUJxY3lVcGZZVGpfTlBkZ1ItdXF4ZmJVejZGbGhJcElKZExBczVZUXFvbXNCQlBZY204YjZCbTlXX3otY0s2cWlUZGV1OW0wbC00dzR6QUpNTXdvNjFnemNET0loX0lqTmd0NTZ3aFlwYmc?oc=5\" target=\"_blank\" rel=\"nofollow noopener\">\u00bfCu\u00e1l es el grupo m\u00e1s complicado que le puede tocar a Espa\u00f1a en el Mundial?<\/a>&nbsp;&nbsp;Cadena SER<\/li>\n<\/ol>\n","protected":false},"excerpt":{"rendered":"A qu\u00e9 hora es el Sorteo del Mundial 2026: horario, d\u00f3nde ver por TV y online, formato y&hellip;\n","protected":false},"author":2,"featured_media":272511,"comment_status":"","ping_status":"","sticky":false,"template":"","format":"standard","meta":{"footnotes":""},"categories":[93],"tags":[2170,729,168,25,24,282,24975,886,23,167],"class_list":{"0":"post-272510","1":"post","2":"type-post","3":"status-publish","4":"format-standard","5":"has-post-thumbnail","7":"category-deportes","8":"tag-como","9":"tag-dda","10":"tag-deportes","11":"tag-es","12":"tag-espana","13":"tag-futbol","14":"tag-mundial-de-futbol","15":"tag-sorteo","16":"tag-spain","17":"tag-sports"},"share_on_mastodon":{"url":"https:\/\/pubeurope.com\/@es\/115667097759472079","error":""},"_links":{"self":[{"href":"https:\/\/www.europesays.com\/es\/wp-json\/wp\/v2\/posts\/272510","targetHints":{"allow":["GET"]}}],"collection":[{"href":"https:\/\/www.europesays.com\/es\/wp-json\/wp\/v2\/posts"}],"about":[{"href":"https:\/\/www.europesays.com\/es\/wp-json\/wp\/v2\/types\/post"}],"author":[{"embeddable":true,"href":"https:\/\/www.europesays.com\/es\/wp-json\/wp\/v2\/users\/2"}],"replies":[{"embeddable":true,"href":"https:\/\/www.europesays.com\/es\/wp-json\/wp\/v2\/comments?post=272510"}],"version-history":[{"count":0,"href":"https:\/\/www.europesays.com\/es\/wp-json\/wp\/v2\/posts\/272510\/revisions"}],"wp:featuredmedia":[{"embeddable":true,"href":"https:\/\/www.europesays.com\/es\/wp-json\/wp\/v2\/media\/272511"}],"wp:attachment":[{"href":"https:\/\/www.europesays.com\/es\/wp-json\/wp\/v2\/media?parent=272510"}],"wp:term":[{"taxonomy":"category","embeddable":true,"href":"https:\/\/www.europesays.com\/es\/wp-json\/wp\/v2\/categories?post=272510"},{"taxonomy":"post_tag","embeddable":true,"href":"https:\/\/www.europesays.com\/es\/wp-json\/wp\/v2\/tags?post=272510"}],"curies":[{"name":"wp","href":"https:\/\/api.w.org\/{rel}","templated":true}]}}