{"id":272512,"date":"2025-12-05T13:03:16","date_gmt":"2025-12-05T13:03:16","guid":{"rendered":"https:\/\/www.europesays.com\/es\/272512\/"},"modified":"2025-12-05T13:03:16","modified_gmt":"2025-12-05T13:03:16","slug":"la-vacunacion-de-la-gripe-sube-un-12-en-euskadi","status":"publish","type":"post","link":"https:\/\/www.europesays.com\/es\/272512\/","title":{"rendered":"La vacunaci\u00f3n de la gripe sube un 12% en Euskadi"},"content":{"rendered":"<p>        <a href=\"https:\/\/www.europesays.com\/es\/wp-content\/uploads\/2025\/12\/gripearen-txertoa_foto610x342.jpg\" data-caption=\"\"><img loading=\"lazy\" decoding=\"async\" width=\"610\" height=\"342\" class=\"entry-thumb td-modal-image\" src=\"https:\/\/www.europesays.com\/es\/wp-content\/uploads\/2025\/12\/gripearen-txertoa_foto610x342.jpg\"   alt=\"\" title=\"gripearen-txertoa_foto610x342\"\/><\/a><br \/>\n        <a href=\"https:\/\/www.osakidetza.euskadi.eus\/2024ko-txertaketa-kanpaina\/webosk00-oskenf\/eu\/?utm_source=gaur&amp;utm_medium=cf&amp;utm_campaign=vacunacion_2025&amp;utm_content=eusk\" rel=\"nofollow noopener\" target=\"_blank\"><img decoding=\"async\" src=\"https:\/\/www.europesays.com\/es\/wp-content\/uploads\/2025\/12\/OSAKIDETZA-GRIPE-BANNER-1200X200.jpg\"\/><\/a><\/p>\n<p>La campa\u00f1a de vacunaci\u00f3n contra la gripe y la COVID-19 contin\u00faa avanzando con fuerza en Euskadi, seg\u00fan han informado el Departamento de Salud y Osakidetza. Hasta el 1 de diciembre se han administrado 557.546 dosis frente a la gripe, un 12% m\u00e1s que en el mismo periodo del a\u00f1o pasado, y 292.160 vacunaciones contra la COVID-19, consolidando el modelo de inmunizaci\u00f3n conjunta. Las cifras en residencias siguen siendo especialmente altas, con coberturas del 84% para la gripe y del 72% para la COVID-19.<\/p>\n<p>La vacunaci\u00f3n tambi\u00e9n destaca entre mujeres embarazadas, con un 52,3% de cobertura y 3.650 dosis administradas, superando ya los registros de todo 2024. En el caso de la poblaci\u00f3n infantil de entre 6 y 59 meses, se han puesto 25.527 dosis, alcanzando un 38,9% de cobertura, una cifra que iguala ya el total logrado el a\u00f1o pasado.<\/p>\n<p>Mientras tanto, la incidencia de la gripe contin\u00faa al alza. Euskadi registra 357,87 casos por cada 100.000 habitantes, un salto del 50,42% respecto a la semana anterior. Bizkaia encabeza el aumento, con 443,08 casos, seguida de Araba (322,27) y Gipuzkoa (239,05). Con el incremento de contagios y la cercan\u00eda de las reuniones navide\u00f1as, Salud advierte de que la tendencia ascendente podr\u00eda mantenerse en las pr\u00f3ximas semanas. El a\u00f1o pasado, en estas fechas, la incidencia era mucho menor: 127,60 casos por cada 100.000 habitantes.<\/p>\n<p>\u00a0<\/p>\n","protected":false},"excerpt":{"rendered":"La campa\u00f1a de vacunaci\u00f3n contra la gripe y la COVID-19 contin\u00faa avanzando con fuerza en Euskadi, seg\u00fan han&hellip;\n","protected":false},"author":2,"featured_media":272513,"comment_status":"","ping_status":"","sticky":false,"template":"","format":"standard","meta":{"footnotes":""},"categories":[92],"tags":[25,24,165,166,23],"class_list":{"0":"post-272512","1":"post","2":"type-post","3":"status-publish","4":"format-standard","5":"has-post-thumbnail","7":"category-salud","8":"tag-es","9":"tag-espana","10":"tag-health","11":"tag-salud","12":"tag-spain"},"share_on_mastodon":{"url":"https:\/\/pubeurope.com\/@es\/115667101958472322","error":""},"_links":{"self":[{"href":"https:\/\/www.europesays.com\/es\/wp-json\/wp\/v2\/posts\/272512","targetHints":{"allow":["GET"]}}],"collection":[{"href":"https:\/\/www.europesays.com\/es\/wp-json\/wp\/v2\/posts"}],"about":[{"href":"https:\/\/www.europesays.com\/es\/wp-json\/wp\/v2\/types\/post"}],"author":[{"embeddable":true,"href":"https:\/\/www.europesays.com\/es\/wp-json\/wp\/v2\/users\/2"}],"replies":[{"embeddable":true,"href":"https:\/\/www.europesays.com\/es\/wp-json\/wp\/v2\/comments?post=272512"}],"version-history":[{"count":0,"href":"https:\/\/www.europesays.com\/es\/wp-json\/wp\/v2\/posts\/272512\/revisions"}],"wp:featuredmedia":[{"embeddable":true,"href":"https:\/\/www.europesays.com\/es\/wp-json\/wp\/v2\/media\/272513"}],"wp:attachment":[{"href":"https:\/\/www.europesays.com\/es\/wp-json\/wp\/v2\/media?parent=272512"}],"wp:term":[{"taxonomy":"category","embeddable":true,"href":"https:\/\/www.europesays.com\/es\/wp-json\/wp\/v2\/categories?post=272512"},{"taxonomy":"post_tag","embeddable":true,"href":"https:\/\/www.europesays.com\/es\/wp-json\/wp\/v2\/tags?post=272512"}],"curies":[{"name":"wp","href":"https:\/\/api.w.org\/{rel}","templated":true}]}}