{"id":272518,"date":"2025-12-05T13:06:07","date_gmt":"2025-12-05T13:06:07","guid":{"rendered":"https:\/\/www.europesays.com\/es\/272518\/"},"modified":"2025-12-05T13:06:07","modified_gmt":"2025-12-05T13:06:07","slug":"politica-de-competencia-la-ue-ha-validado-agregaciones-empresariales-e-investiga-al-operador-de-una-aplicacion-global-de-mensajes-sobre-la-libertad-de-acceso-en-ella-a-proveedores-de-inteligencia-art","status":"publish","type":"post","link":"https:\/\/www.europesays.com\/es\/272518\/","title":{"rendered":"Pol\u00edtica de competencia: la UE ha validado agregaciones empresariales e investiga al operador de una aplicaci\u00f3n global de mensajes sobre la libertad de acceso en ella a proveedores de inteligencia artificial &#8211; Gobierno Vasco &#8211; Euskadi.eus"},"content":{"rendered":"<ol>\n<li><a href=\"https:\/\/news.google.com\/rss\/articles\/CBMi_gJBVV95cUxPRlpmRVNXdnhwMGhHQjlNWmxWbEt2WUpHYVlxU2ZhU25MWlh0SXF0QXNFNW9JWGRXZ0I4Snp4Sm1DMndsbTRzb2MzU212dUhSaFI2QWVpM0JIYnJZOG1DSXNLaFFBb2ZWaFA1bXdJamgxWUlGWFdwNWs3Y1NsMVRrZFZVNS1kX2tMTkVrR2NxVEN0dXpQYzFqNW1PMW5uMjFXQTRjNnNBZ3VTbld5bU96eXN4Ym03aDJQUWdNX0ZFcnhGdDd1cThvOTFvRzlKbGZtT1VGRTUxdlhaTjlJNFlRaThobG41bVNsUWNyemNZMDd3TnBiQ0FOcjh1a25HNGhpS3lQTGFQb2RMd005TlM2R1g2TU42NmkzRU92aHM1RHdUTXM0REtBX2c5cEJ3YlRSaUM4Q1VtMl8tMXlxbmVmZ21ZTFN5YWUtUnRXRW5yS1phajBqcTVlaTN1VlNSTVlUTEVIUmtyUXRKWEVCZGtPcWlsaVpnX3ZueDcxNFpn?oc=5\" target=\"_blank\" rel=\"nofollow noopener\">Pol\u00edtica de competencia: la UE ha validado agregaciones empresariales e investiga al operador de una aplicaci\u00f3n global de mensajes sobre la libertad de acceso en ella a proveedores de inteligencia artificial &#8211; Gobierno Vasco<\/a>&nbsp;&nbsp;Euskadi.eus<\/li>\n<li><a href=\"https:\/\/news.google.com\/rss\/articles\/CBMiiAFBVV95cUxOUzFRUG1kb3lCdlZoQ0FOb29lSWxwaERJdzQtMHdsMkE5T19LaWpqUVozem1wUGtLOEdQbTFiaUtIdkYzeWJoSWt0WjliUUF4WVM3blQ3bEJCTmd0alA3SjZ0aWVUZE9ucDFjZExNZHg4R1RmODJzVzFTZ0RGLVR1NjY2VUdDWU1j0gGIAUFVX3lxTE1yV2hac0pqMVJ4Zlo4YnA1UFB5NTdBRm9mQnk1YnYwM3NIMzNSMEJXczN4dGs3bjM3VlFBaGR0TFFZeEZMQVBkXzFLYWU3T0ZHMWNnT2FRUW94RkVmeHRLbTlrc2NHMmw0UjQtTFpLZmkwMzZ5MWhfV0VsOWlQeHFMYy1NM1QtRnQ?oc=5\" target=\"_blank\" rel=\"nofollow noopener\">La Comisi\u00f3n Europea abre una investigaci\u00f3n a Meta por el acceso de proveedores de IA a WhatsApp<\/a>&nbsp;&nbsp;El Mundo<\/li>\n<li><a href=\"https:\/\/news.google.com\/rss\/articles\/CBMi2gFBVV95cUxOSUVSbnpLUjlIYk9nZGphcTB3LXBvRGVWMTVMMWxYY2twZVZrR1FvN0J0SVN2ZGotVVgyWjg3TDE5bkxVUXFJdDEwWjZNbTJiV1BQR0x6enA5c1JfQmxwallqU1BRZm9XWno4VnczSGhMY1M2bFJjODdKZDlWOUExT2xiaDJvODNNYjlZdFBfR1lLcGRKbHRVbTZNYVd3aTJnNW9oaGtpM0pCclc5aERMT21WTWJjUUtDRkcyR0VQVndWWWpSZmVteWhzd3pmUGUyZkZFRlUzd2hyQQ?oc=5\" target=\"_blank\" rel=\"nofollow noopener\">Bruselas abre una investigaci\u00f3n antimonopolio sobre Meta por el acceso de proveedores de IA a WhatsApp<\/a>&nbsp;&nbsp;EL PA\u00cdS<\/li>\n<li><a href=\"https:\/\/news.google.com\/rss\/articles\/CBMizAFBVV95cUxQODNKbkV0OVJYTDUwRTJHSEttRGlpdFFlUFdfLVlQVkcxVFp2RWg4M091MjRwOEwtRzFoYzQzUy1sVG5KUk5pdlc0MUp2TFY4MjdvamVFWExuclN4WjFBV25ubWtuM1lIQlI2OWcyUk50alZrVXJoQ0liSm45bFA4YlF0TFREeVVZSnc4dzd4R0FLZHVOYi12SGRiSXBwcHNpVHJNUmlvLV9CbHZGc19GaC13dGplTkpJWDJRaGpETDhRLWFkZVVHbGQ3aWo?oc=5\" target=\"_blank\" rel=\"nofollow noopener\">Cuando Meta nos oblig\u00f3 a usar su chatbot IA en WhatsApp no cont\u00f3 con un detalle: la Comisi\u00f3n Europea<\/a>&nbsp;&nbsp;Xataka<\/li>\n<li><a href=\"https:\/\/news.google.com\/rss\/articles\/CBMi3AFBVV95cUxNZ3FLX1BiTHV0eGF4Y1k2T2NaTnBvTml6Y0FCTTdWR190QVJ6NkRSNFhuUXl3R083Q1ZYRzVVSTVSeGs1azVfZVVZRFc0RzZUQS1OSnhwSTBhTkFlRERpYTJfYm9vc1p1TXRzOC1BUlRjVk5keGxSU3NPZENsVDRnODdxZkJmdlFEMnFjWFlvYjdYX2thTF9JZGF0ZGY2TWxWRXpPeC12SE5MYmp3TUFITFNtUWJoNWRHM3FaTElNa2NOOTdjSDNSYkQtZjAyN0NSb3dRVjBCRm1vNHk20gHiAUFVX3lxTE55NVFzVkszam9LRmNDZEVYeWhHekNXbnRyRk9PcmVTcGcwM0wyRWhVcnlGX2Q5Q0JxZDVnQTRnTDRtWVVoZEVRWlEwWHdDWUN1U2JVamFDWlpDWXRVY0taX3B0ZjFSZl80SE90MXlVLWcxOHpIdzZ6eWdTTXk0d1lwMV9KU203VE5ETkMwdTBBcGZCRjhvMXFjRTFfZTl4Ym9xLXRuSjJjMm5lT3hyNy1wc0lFNkgzMVhaRG9ZYTBLaXpxUktDNXpvUktPNi16WlctVzMweTNXdlY2UGlfWm9QYXc?oc=5\" target=\"_blank\" rel=\"nofollow noopener\">Bruselas investiga a Meta por vetar a ChatGPT y otros &#8216;chatbots&#8217; de WhatsApp<\/a>&nbsp;&nbsp;El Confidencial<\/li>\n<\/ol>\n","protected":false},"excerpt":{"rendered":"Pol\u00edtica de competencia: la UE ha validado agregaciones empresariales e investiga al operador de una aplicaci\u00f3n global de&hellip;\n","protected":false},"author":2,"featured_media":248356,"comment_status":"","ping_status":"","sticky":false,"template":"","format":"standard","meta":{"footnotes":""},"categories":[80],"tags":[82,95,94,25,24,23],"class_list":{"0":"post-272518","1":"post","2":"type-post","3":"status-publish","4":"format-standard","5":"has-post-thumbnail","7":"category-economia","8":"tag-business","9":"tag-economia","10":"tag-economy","11":"tag-es","12":"tag-espana","13":"tag-spain"},"share_on_mastodon":{"url":"https:\/\/pubeurope.com\/@es\/115667113476269919","error":""},"_links":{"self":[{"href":"https:\/\/www.europesays.com\/es\/wp-json\/wp\/v2\/posts\/272518","targetHints":{"allow":["GET"]}}],"collection":[{"href":"https:\/\/www.europesays.com\/es\/wp-json\/wp\/v2\/posts"}],"about":[{"href":"https:\/\/www.europesays.com\/es\/wp-json\/wp\/v2\/types\/post"}],"author":[{"embeddable":true,"href":"https:\/\/www.europesays.com\/es\/wp-json\/wp\/v2\/users\/2"}],"replies":[{"embeddable":true,"href":"https:\/\/www.europesays.com\/es\/wp-json\/wp\/v2\/comments?post=272518"}],"version-history":[{"count":0,"href":"https:\/\/www.europesays.com\/es\/wp-json\/wp\/v2\/posts\/272518\/revisions"}],"wp:featuredmedia":[{"embeddable":true,"href":"https:\/\/www.europesays.com\/es\/wp-json\/wp\/v2\/media\/248356"}],"wp:attachment":[{"href":"https:\/\/www.europesays.com\/es\/wp-json\/wp\/v2\/media?parent=272518"}],"wp:term":[{"taxonomy":"category","embeddable":true,"href":"https:\/\/www.europesays.com\/es\/wp-json\/wp\/v2\/categories?post=272518"},{"taxonomy":"post_tag","embeddable":true,"href":"https:\/\/www.europesays.com\/es\/wp-json\/wp\/v2\/tags?post=272518"}],"curies":[{"name":"wp","href":"https:\/\/api.w.org\/{rel}","templated":true}]}}