{"id":272519,"date":"2025-12-05T13:07:13","date_gmt":"2025-12-05T13:07:13","guid":{"rendered":"https:\/\/www.europesays.com\/es\/272519\/"},"modified":"2025-12-05T13:07:13","modified_gmt":"2025-12-05T13:07:13","slug":"macron-concluye-su-visita-a-china-pidiendo-mas-inversiones-en-francia-y-sin-avances-para-ucrania","status":"publish","type":"post","link":"https:\/\/www.europesays.com\/es\/272519\/","title":{"rendered":"Macron concluye su visita a China pidiendo m\u00e1s inversiones en Francia y sin avances para Ucrania"},"content":{"rendered":"<p style=\"\">Tras el siempre exigente paso por Pek\u00edn, el presidente franc\u00e9s <strong>Emmanuel Macron<\/strong> concluye este viernes su cuarta visita a China en la ciudad de Chengd\u00fa. <\/p>\n<p style=\"\">All\u00ed ha mantenido un segundo encuentro con el l\u00edder chino,<strong\/><a href=\"https:\/\/www.abc.es\/internacional\/puertos-griegos-nuevo-campo-batalla-eeuu-china-20251203044129-nt.html\" target=\"_self\" data-voc-vtm-id=\"in-text-traffic\" title=\"Xi Jinping\" data-mrf-link=\"www.abc.es\" rel=\"nofollow noopener\">Xi Jinping<\/a>, quien le ha recibido con una  &#8230; extraordinaria cortes\u00eda \u2013Xi no acostumbra a acompa\u00f1ar a mandatarios extranjeros fuera de la capital\u2013 que evidencia la relevancia que el gigante asi\u00e1tico concede a Francia en este juego de intereses cruzados y, en ocasiones, enfrentados.<\/p>\n<p class=\"voc-p\" style=\"\">As\u00ed, la jornada ha amanecido sosegada, sin m\u00e1s sobresalto que la aparici\u00f3n de Macron trotando por el parque del lago Jincheng para sorpresa de los vecinos, a quienes ha saludado con gran simpat\u00eda y velocidad moderada.  Las im\u00e1genes del presidente franc\u00e9s, ataviado con pantalones cortos deportivos y rodeado de varios guardaespaldas, han generado expectaci\u00f3n en redes sociales chinas.<\/p>\n<p class=\"voc-p\" style=\"\">Acto seguido, aunque de otra facha, se ha trasladado junto a la primera dama, <strong>Briggitte Macron<\/strong>, a visitar el complejo dedicado al sistema de irrigaci\u00f3n de Dujiangyan, instalado en el siglo II a.C. para gestionar el suministro de agua en la ciudad y reconocido como Patrimonio de la Humanidad. El matrimonio ha paseado en compa\u00f1\u00eda de la pareja anfitriona, Xi y su mujer, <strong>Peng Liyuan<\/strong>.<\/p>\n<p class=\"voc-p\" style=\"\">No acudir\u00e1 el presidente al mayor reclamo de Chengd\u00fa, su reserva de osos pandas. Pero que Macron no vaya al panda no quiere decir que el panda no vaya a Macron. Una de las consecuencias previsibles de su visita podr\u00eda consistir en la donaci\u00f3n de una nueva pareja, despu\u00e9s de que el Beauval ZooParc devolviera la semana pasada a Huan Huan y Yuan Zi, residentes en Francia desde hace trece a\u00f1os, por problemas de salud. No en vano el director del centro, <strong>Rodolphe Delord<\/strong>, forma parte de la nutrida delegaci\u00f3n de personalidades y empresarios.<\/p>\n<p class=\"voc-p\" style=\"\">Sin embargo, todav\u00eda espera el presidente franc\u00e9s llevarse algo m\u00e1s, despu\u00e9s de que su encuentro ayer con la c\u00fapula del r\u00e9gimen no produjera acuerdos comerciales rese\u00f1ables, en particular sobre el pedido de quinientos aviones Airbus pendiente de concretar desde hace tiempo.<\/p>\n<p>\nConflictos reales y simb\u00f3licos\n<\/p>\n<p class=\"voc-p\" style=\"\">\u00abLos desequilibrios que vemos acumularse hoy no son sostenibles, entra\u00f1an el riesgo de desencadenar una crisis financiera y amenazan nuestra capacidad de crecer juntos\u00bb, enfatiz\u00f3 Macron este jueves durante su encuentro con Xi en el Gran Palacio del Pueblo, unas reclamaciones motivadas por el desorbitante d\u00e9ficit comercial, ya familiares en todas las capitales europeas.<\/p>\n<p class=\"voc-p\" style=\"\">En ese sentido, Macron reclam\u00f3 \u00abnormas m\u00e1s justas y m\u00e1s s\u00f3lidas\u00bb y tambi\u00e9n una mayor presencia y transferencia de conocimiento de empresas chinas en Francia, en particular en sectores emergentes como bater\u00edas, paneles solares y veh\u00edculos el\u00e9ctricos.<\/p>\n<p class=\"voc-p\" style=\"\">\u00abQueremos acoger m\u00e1s inversi\u00f3n china mediante proyectos y estrategias de reindustrializaci\u00f3n, y esto es lo que nos permitir\u00e1 romper el ciclo en el que nos encontramos actualmente\u00bb, asegur\u00f3 durante su intervenci\u00f3n ante el Consejo Empresarial Franco-Chino, tambi\u00e9n en compa\u00f1\u00eda del l\u00edder.<\/p>\n<p class=\"voc-p\" style=\"\">La balanza de intercambios entre ambos pa\u00edses ilustra la creciente divergencia entre la pujanza china y el estancamiento europeo: si las principales importaciones francesas procedentes de China son mayoritariamente productos tecnol\u00f3gicos como los mencionados por el presidente \u2013aunque con una importante presencia de productos de consumo de bajo coste, comercializados por las plataformas Shein y Temu\u2013, la primera exportaci\u00f3n francesa a China son productos cosm\u00e9ticos, el 9% de sus remesas al gigante asi\u00e1tico.<\/p>\n<p class=\"voc-p\" style=\"\">Una din\u00e1mica entre la conveniencia y la dependencia, en la que juegan un papel destacado los coches el\u00e9ctricos. Los aranceles impuestos por la Uni\u00f3n Europea, ante los que China castig\u00f3 al porcino espa\u00f1ol y al brandy franc\u00e9s, entre otros, suponen el principal punto de fricci\u00f3n entre ambas partes, aunque las negociaciones para alcanzar un acuerdo en forma de umbrales de precios avanzan favorablemente, seg\u00fan ha sabido ABC por medio de fuentes involucradas en el proceso.<\/p>\n<p class=\"voc-p\" style=\"\">Xi no dej\u00f3 pasar la oportunidad de expresarse al respecto. \u00abLas cadenas industriales y de suministro de los pa\u00edses est\u00e1n profundamente interconectadas. La apertura y la cooperaci\u00f3n traer\u00e1n oportunidades de desarrollo, mientras que la desvinculaci\u00f3n y la ruptura de las cadenas de suministro conducir\u00e1n al aislamiento\u00bb, apunt\u00f3 este jueves el l\u00edder chino. <\/p>\n<p class=\"voc-p\" style=\"\">\u00abEl proteccionismo no puede resolver los problemas derivados de la reestructuraci\u00f3n industrial global; solo empeorar\u00e1 el entorno internacional para el comercio\u00bb, a\u00f1adi\u00f3, palabras que representan un llamado a la rendici\u00f3n de la resistencia europea.<\/p>\n<p class=\"voc-p\" style=\"\">Ahora bien: intercambios aparte, nada evidencia las diferencias reales como la invasi\u00f3n rusa de Ucrania y las intervenciones para facilitar su final. Una cuesti\u00f3n que ambos mandatarios comentaron \u00abextensamente\u00bb, seg\u00fan apunt\u00f3 Macron, quien manifest\u00f3 su deseo de que su contraparte se sumara a los esfuerzos para lograr, \u00abcomo m\u00ednimo\u00bb, un cese de los ataques a infraestructuras cr\u00edticas. <\/p>\n<p class=\"voc-p\" style=\"\">Diplom\u00e1ticos europeos han expresado a este peri\u00f3dico su frustraci\u00f3n ante la falta de implicaci\u00f3n china ante una \u00abcrisis existencial\u00bb para Europa, en particular dadas sus inamovibles exigencias y alta sensibilidad respecto a Taiw\u00e1n.<\/p>\n<p class=\"voc-p\" style=\"\">Xi, en esta l\u00ednea, se ci\u00f1\u00f3 a la l\u00ednea oficial para reiterar su \u00abapoyo a todos los esfuerzos por la paz\u00bb, para lo que China \u00abseguir\u00e1 desempe\u00f1ando un papel constructivo en la soluci\u00f3n pol\u00edtica de la crisis,  oponi\u00e9ndose firmemente a cualquier acci\u00f3n irresponsable que desv\u00ede la culpa o distorsione la situaci\u00f3n\u00bb.<\/p>\n","protected":false},"excerpt":{"rendered":"Tras el siempre exigente paso por Pek\u00edn, el presidente franc\u00e9s Emmanuel Macron concluye este viernes su cuarta visita&hellip;\n","protected":false},"author":2,"featured_media":272520,"comment_status":"","ping_status":"","sticky":false,"template":"","format":"standard","meta":{"footnotes":""},"categories":[42],"tags":[33696,17,18,1615,14734,13,14,317,11,61,62,63,64,4320,19,20,24564,9,10,15,16,57041,12,7081,21,22,938,65,66,67],"class_list":{"0":"post-272519","1":"post","2":"type-post","3":"status-publish","4":"format-standard","5":"has-post-thumbnail","7":"category-internacional","8":"tag-avances","9":"tag-breaking-news","10":"tag-breakingnews","11":"tag-china","12":"tag-concluye","13":"tag-featured-news","14":"tag-featurednews","15":"tag-francia","16":"tag-headlines","17":"tag-internacional","18":"tag-international","19":"tag-international-news","20":"tag-internationalnews","21":"tag-inversiones","22":"tag-latest-news","23":"tag-latestnews","24":"tag-macron","25":"tag-news","26":"tag-noticias","27":"tag-noticias-destacadas","28":"tag-noticiasdestacadas","29":"tag-pidiendo","30":"tag-titulares","31":"tag-ucrania","32":"tag-ultimas-noticias","33":"tag-ultimasnoticias","34":"tag-visita","35":"tag-world","36":"tag-world-news","37":"tag-worldnews"},"share_on_mastodon":{"url":"https:\/\/pubeurope.com\/@es\/115667117377321359","error":""},"_links":{"self":[{"href":"https:\/\/www.europesays.com\/es\/wp-json\/wp\/v2\/posts\/272519","targetHints":{"allow":["GET"]}}],"collection":[{"href":"https:\/\/www.europesays.com\/es\/wp-json\/wp\/v2\/posts"}],"about":[{"href":"https:\/\/www.europesays.com\/es\/wp-json\/wp\/v2\/types\/post"}],"author":[{"embeddable":true,"href":"https:\/\/www.europesays.com\/es\/wp-json\/wp\/v2\/users\/2"}],"replies":[{"embeddable":true,"href":"https:\/\/www.europesays.com\/es\/wp-json\/wp\/v2\/comments?post=272519"}],"version-history":[{"count":0,"href":"https:\/\/www.europesays.com\/es\/wp-json\/wp\/v2\/posts\/272519\/revisions"}],"wp:featuredmedia":[{"embeddable":true,"href":"https:\/\/www.europesays.com\/es\/wp-json\/wp\/v2\/media\/272520"}],"wp:attachment":[{"href":"https:\/\/www.europesays.com\/es\/wp-json\/wp\/v2\/media?parent=272519"}],"wp:term":[{"taxonomy":"category","embeddable":true,"href":"https:\/\/www.europesays.com\/es\/wp-json\/wp\/v2\/categories?post=272519"},{"taxonomy":"post_tag","embeddable":true,"href":"https:\/\/www.europesays.com\/es\/wp-json\/wp\/v2\/tags?post=272519"}],"curies":[{"name":"wp","href":"https:\/\/api.w.org\/{rel}","templated":true}]}}