{"id":272523,"date":"2025-12-05T13:09:10","date_gmt":"2025-12-05T13:09:10","guid":{"rendered":"https:\/\/www.europesays.com\/es\/272523\/"},"modified":"2025-12-05T13:09:10","modified_gmt":"2025-12-05T13:09:10","slug":"el-suelo-sano-nos-da-de-comer-prensa-actualidad-agricultura-pesca-y-alimentacion","status":"publish","type":"post","link":"https:\/\/www.europesays.com\/es\/272523\/","title":{"rendered":"\u00abEl suelo sano nos da de comer\u00bb [Prensa\/Actualidad\/Agricultura, Pesca y Alimentaci\u00f3n]"},"content":{"rendered":"<p class=\"main-image\">&#13; <img decoding=\"async\" alt=\"El ministro en su intervenci\u00f3n\" title=\"El ministro en su intervenci\u00f3n\" src=\"https:\/\/www.europesays.com\/es\/wp-content\/uploads\/2025\/12\/051225-planas-dia-mundial-suelo.jpg\"\/>&#13;El ministro de Agricultura, Pesca y Alimentaci\u00f3n, Luis Planas.&#13;&#13;<\/p>\n<p>Luis Planas ha destacado c\u00f3mo la aplicaci\u00f3n de determinadas pr\u00e1cticas agrarias a favor del clima y el medioambiente hacen que la agricultura y la ganader\u00eda jueguen un papel decisivo para \u00abmejorar la salud del suelo, aumentar su fertilidad y reforzar su capacidad de adaptaci\u00f3n frente a los efectos del cambio clim\u00e1tico\u00bb. En este sentido, ha asegurado que \u00abel suelo sano nos da de comer\u00bb, porque es la base para una alimentaci\u00f3n segura, saludable y nutritiva.<\/p>\n<p>Planas ha inaugurado una jornada de la Red PAC por el D\u00eda Mundial del Suelo en la que se han presentado los primeros resultados de un ambicioso estudio de monitorizaci\u00f3n del carbono org\u00e1nico del suelo (COS) en parcelas en las que se han aplicado pr\u00e1cticas de ecorreg\u00edmenes y agroecolog\u00eda como parte del <a href=\"https:\/\/www.lamoncloa.gob.es\/serviciosdeprensa\/notasprensa\/agricultura\/paginas\/2022\/310822-plan-estrategico-pac-2023-27-aprobacion.aspx\" onclick=\"javascript:GoogleTrackEvent(&#039;True&#039;,&#039;Contenido&#039;,&#039;Click&#039;,&#039;[https:\/\/www.lamoncloa.gob.es\/serviciosdeprensa\/notasprensa\/agricultura\/Paginas\/2025\/051225-planas-dia-mundial-suelo.aspx] Plan Estrat\u00e9gico de la Pol\u00edtica Agraria Com\u00fan (PEPAC). [\/serviciosdeprensa\/notasprensa\/agricultura\/paginas\/2022\/310822-plan-estrategico-pac-2023-27-aprobacion.aspx]&#039;);\" rel=\"nofollow noopener\" target=\"_blank\">Plan Estrat\u00e9gico de la Pol\u00edtica Agraria Com\u00fan (PEPAC)<\/a> 2023-2027.<\/p>\n<p>Este proyecto, impulsado por el Ministerio de Agricultura, Pesca y Alimentaci\u00f3n, analiza 16.000 parcelas distribuidas por todo el pa\u00eds y prev\u00e9 la recogida de 128.000 muestras cada dos a\u00f1os. Se trata del estudio de mayor envergadura realizado hasta la fecha en Espa\u00f1a y pionero en Europa.<\/p>\n<p>El ministro ha explicado que \u00ablos resultados son muy positivos\u00bb y confirman que las pr\u00e1cticas asociadas a los ecorreg\u00edmenes y a la agroecolog\u00eda est\u00e1n aumentando la fijaci\u00f3n de carbono en los suelos agr\u00edcolas, lo que contribuye a la mitigaci\u00f3n del cambio clim\u00e1tico y ofrece datos cient\u00edficos clave para orientar las pol\u00edticas agrarias de los pr\u00f3ximos a\u00f1os\u00bb, seg\u00fan Planas.<\/p>\n<p>Luis Planas ha puesto en valor el proyecto como \u00abun gran ejercicio de coordinaci\u00f3n y sinergia\u00bb entre el equipo de la Encuesta de Superficies y Rendimientos de Cultivos (Esyrce) del ministerio, el Instituto Nacional de Investigaci\u00f3n y Tecnolog\u00eda Agraria y Alimentaria del Consejo Superior de Investigaciones Cient\u00edficas (INIA-CSIC), los m\u00e1s de 300 t\u00e9cnicos de campo y los propios agricultores y ganaderos, a los que ha agradecido especialmente su participaci\u00f3n en el estudio. \u00abSin su colaboraci\u00f3n y compromiso no ser\u00eda posible un trabajo de esta envergadura\u00bb, ha remarcado.<\/p>\n<p>Ha recordado que el ministerio aporta 2,5 millones de euros anuales para obtener datos de campo, elaborar las estad\u00edsticas agrarias y ponerlas a disposici\u00f3n del sector para orientarles en la mejor toma de decisiones.<\/p>\n<p>Planas ha subrayado que el suelo es \u00abun recurso limitado que nos da de comer\u00bb y que m\u00e1s del 95 % de los alimentos dependen directamente de \u00e9l, por lo que proteger su estado es clave para la seguridad alimentaria. En este sentido, ha alertado de que la degradaci\u00f3n afecta ya al 41 % de los suelos en Espa\u00f1a y ha reivindicado la importancia de impulsar pr\u00e1cticas sostenibles para revertir esta tendencia.<\/p>\n<p>Ecorreg\u00edmenes: adopci\u00f3n masiva y agricultura de carbono <\/p>\n<p>El ministro ha destacado que los ecorreg\u00edmenes del Plan Estrat\u00e9gico de la Pol\u00edtica Agraria Com\u00fan (PEPAC) han logrado una implantaci\u00f3n masiva. En 2023 los adoptaron el 75 % de los agricultores, con m\u00e1s de 19 millones de hect\u00e1reas dedicadas a pr\u00e1cticas de agricultura de carbono. En 2024, los datos se han mantenido estables, con un 77 % de solicitantes y 22,2 millones de hect\u00e1reas declaradas.<\/p>\n<p>\u00abLos ecorreg\u00edmenes han sido un \u00e9xito, porque mejoran la salud del suelo y ayudan a mitigar la emergencia clim\u00e1tica\u00bb, ha afirmado el ministro, que ha subrayado especialmente el impacto de pr\u00e1cticas como la agricultura de conservaci\u00f3n, la siembra directa, las cubiertas vegetales y el pastoreo extensivo.<\/p>\n<p>Planas ha se\u00f1alado que los beneficios clim\u00e1ticos derivados del aumento del carbono org\u00e1nico no deben verse contrarrestados por emisiones de \u00f3xidos de nitr\u00f3geno derivadas de pr\u00e1cticas de fertilizaci\u00f3n inadecuadas o en el manejo de maquinaria. Por ello, ha destacado la normativa sobre nutrici\u00f3n sostenible, el impulso al cuaderno digital de explotaci\u00f3n y el avance en fertilizaci\u00f3n org\u00e1nica y biofertilizantes, que permiten gestionar \u00absuelos vivos\u00bb con un enfoque integral basado en ciencia y tecnolog\u00eda.<\/p>\n<p>El ministro ha recordado tambi\u00e9n que el Gobierno trabaja en un Pacto de Estado frente a la emergencia clim\u00e1tica, que \u00abreconoce a agricultores, ganaderos y pescadores como actores clave en la gesti\u00f3n sostenible del territorio\u00bb. Dentro de este marco, ser\u00e1n prioritarias la agricultura de conservaci\u00f3n, los regad\u00edos sostenibles, las t\u00e9cnicas gen\u00f3micas, la ganader\u00eda extensiva y los seguros agrarios.<\/p>\n","protected":false},"excerpt":{"rendered":"&#13; &#13;El ministro de Agricultura, Pesca y Alimentaci\u00f3n, Luis Planas.&#13;&#13; Luis Planas ha destacado c\u00f3mo la aplicaci\u00f3n de&hellip;\n","protected":false},"author":2,"featured_media":272524,"comment_status":"","ping_status":"","sticky":false,"template":"","format":"standard","meta":{"footnotes":""},"categories":[5],"tags":[517,2077,17,18,25,24,13,14,11,19,20,9,10,15,16,59225,2330,23,12,21,22],"class_list":{"0":"post-272523","1":"post","2":"type-post","3":"status-publish","4":"format-standard","5":"has-post-thumbnail","7":"category-titulares","8":"tag-actualidad","9":"tag-agricultura","10":"tag-breaking-news","11":"tag-breakingnews","12":"tag-es","13":"tag-espana","14":"tag-featured-news","15":"tag-featurednews","16":"tag-headlines","17":"tag-latest-news","18":"tag-latestnews","19":"tag-news","20":"tag-noticias","21":"tag-noticias-destacadas","22":"tag-noticiasdestacadas","23":"tag-pesca-y-alimentacion","24":"tag-prensa","25":"tag-spain","26":"tag-titulares","27":"tag-ultimas-noticias","28":"tag-ultimasnoticias"},"share_on_mastodon":{"url":"https:\/\/pubeurope.com\/@es\/115667125435414340","error":""},"_links":{"self":[{"href":"https:\/\/www.europesays.com\/es\/wp-json\/wp\/v2\/posts\/272523","targetHints":{"allow":["GET"]}}],"collection":[{"href":"https:\/\/www.europesays.com\/es\/wp-json\/wp\/v2\/posts"}],"about":[{"href":"https:\/\/www.europesays.com\/es\/wp-json\/wp\/v2\/types\/post"}],"author":[{"embeddable":true,"href":"https:\/\/www.europesays.com\/es\/wp-json\/wp\/v2\/users\/2"}],"replies":[{"embeddable":true,"href":"https:\/\/www.europesays.com\/es\/wp-json\/wp\/v2\/comments?post=272523"}],"version-history":[{"count":0,"href":"https:\/\/www.europesays.com\/es\/wp-json\/wp\/v2\/posts\/272523\/revisions"}],"wp:featuredmedia":[{"embeddable":true,"href":"https:\/\/www.europesays.com\/es\/wp-json\/wp\/v2\/media\/272524"}],"wp:attachment":[{"href":"https:\/\/www.europesays.com\/es\/wp-json\/wp\/v2\/media?parent=272523"}],"wp:term":[{"taxonomy":"category","embeddable":true,"href":"https:\/\/www.europesays.com\/es\/wp-json\/wp\/v2\/categories?post=272523"},{"taxonomy":"post_tag","embeddable":true,"href":"https:\/\/www.europesays.com\/es\/wp-json\/wp\/v2\/tags?post=272523"}],"curies":[{"name":"wp","href":"https:\/\/api.w.org\/{rel}","templated":true}]}}