{"id":272533,"date":"2025-12-05T13:19:15","date_gmt":"2025-12-05T13:19:15","guid":{"rendered":"https:\/\/www.europesays.com\/es\/272533\/"},"modified":"2025-12-05T13:19:15","modified_gmt":"2025-12-05T13:19:15","slug":"en-pleno-centro-de-madrid","status":"publish","type":"post","link":"https:\/\/www.europesays.com\/es\/272533\/","title":{"rendered":"En pleno centro de Madrid"},"content":{"rendered":"<p><strong>Violeta Mangri\u00f1\u00e1n<\/strong> ha vuelto a convertirse en noticia al abordar p\u00fablicamente, una vez m\u00e1s, la cuesti\u00f3n de su posible boda con <strong>Fabio Colloricchio<\/strong>, un asunto que la acompa\u00f1a desde hace a\u00f1os y que ella misma ha alimentado con comentarios cada vez m\u00e1s directos en sus redes sociales.<\/p>\n<p>Aunque en varias ocasiones ha reiterado que casarse no figura entre sus <strong>prioridades<\/strong> inmediatas, la influencer ha encontrado en el humor y en la insinuaci\u00f3n una f\u00f3rmula eficaz para mantener viva la atenci\u00f3n sobre este cap\u00edtulo de su vida sentimental. <strong>Este juego<\/strong> de complicidades, que combina iron\u00eda, espontaneidad y un dominio absoluto del lenguaje digital, se ha transformado en un rasgo caracter\u00edstico de su relaci\u00f3n con el p\u00fablico, que sigue cada gesto con la expectativa de que el anhelado momento acabe por llegar.<\/p>\n<p>En las \u00faltimas semanas, esta din\u00e1mica se ha reforzado gracias a las numerosas pedidas de matrimonio que han ocupado titulares internacionales y que <strong>Mangri\u00f1\u00e1n ha aprovechado para lanzar nuevos mensajes a Fabio<\/strong>. La influencer ha tomado como referencia compromisos tan medi\u00e1ticos como el de Selena G\u00f3mez con Benny Blanco o el de <a href=\"https:\/\/okdiario.com\/look\/actualidad\/taylor-swift-anuncia-boda-travis-kelce-todo-lo-que-sabe-2365294\" rel=\"nofollow noopener\" target=\"_blank\">Taylor Swift con Travis Kelce<\/a>, transform\u00e1ndolos en peque\u00f1as oportunidades para recordar a su pareja que muchos de sus contempor\u00e1neos ya han dado el paso.<\/p>\n<p><img loading=\"lazy\" decoding=\"async\" class=\"size-medium wp-image-15674308\" alt=\"violeta mangri\u00f1\u00e1n, infidelidad violeta mangri\u00f1\u00e1n,\" width=\"620\" height=\"389\"  src=\"https:\/\/www.europesays.com\/es\/wp-content\/uploads\/2025\/10\/violeta-mangrinan-y-fabio-colloricchio-1-620x389.jpg\" \/> Violeta Mangri\u00f1\u00e1n y Fabio Colloricchio. (Foto: Gtres)<\/p>\n<p>Con cada tendencia viral,<a href=\"https:\/\/okdiario.com\/noticias\/violeta-mangrinan\/\" rel=\"nofollow noopener\" target=\"_blank\"> Violeta Mangri\u00f1\u00e1n<\/a> acompa\u00f1a la noticia con una frase breve, ligera y sugerente, que para sus seguidores ya forma parte de un ritual bien establecido. <strong>Su popular \u00abotro que se te adelanta, Fabio\u00bb<\/strong>, lejos de desgastarse, se ha convertido en un lema recurrente que sintetiza toda la historia que se ha ido construyendo alrededor del supuesto futuro enlace.<\/p>\n<p>El mensaje de Violeta Mangri\u00f1\u00e1n<\/p>\n<p>Lejos de generar tensi\u00f3n,<strong> la estrategia de Violeta<\/strong> ha terminado por convertirse en un juego compartido que la pareja maneja con naturalidad, reforzando la imagen de complicidad que siempre han proyectado. Tras m\u00e1s de seis a\u00f1os de relaci\u00f3n y con<a href=\"https:\/\/okdiario.com\/look\/actualidad\/testamento-violeta-mangrinan-sus-hijas-heredan-todo-fabio-queda-fuera-2386334\" rel=\"nofollow noopener\" target=\"_blank\"> dos hijas en com\u00fan, Gala y Gia<\/a>, el p\u00fablico ha ido alimentando sus propias expectativas sobre el momento en que la pareja decidir\u00e1 formalizar su compromiso. Esta sucesi\u00f3n de indirectas, bromas y referencias espont\u00e1neas ha logrado que el tema evolucione de simple curiosidad medi\u00e1tica a<strong> fen\u00f3meno social<\/strong> dentro del universo digital, donde cada gesto se interpreta, se comenta y se viraliza.<\/p>\n<p>La historia se renueva con cada aparici\u00f3n de Violeta, manteniendo la conversaci\u00f3n activa y generando un inter\u00e9s sostenido que forma ya parte de la narrativa p\u00fablica de la pareja. Pero esta semana Mangri\u00f1\u00e1n ha decidido dar un paso m\u00e1s audaz y convertir su broma en un gesto de <strong>mayor impacto<\/strong>, sorprendiendo incluso a quienes ya est\u00e1n habituados a su <strong>creatividad<\/strong>.<\/p>\n<blockquote class=\"instagram-media\" style=\"background: #FFF; border: 0; border-radius: 3px; box-shadow: 0 0 1px 0 rgba(0,0,0,0.5),0 1px 10px 0 rgba(0,0,0,0.15); margin: 1px; max-width: 540px; min-width: 326px; padding: 0; width: calc(100% - 2px);\" data-instgrm-captioned=\"\" data-instgrm-permalink=\"https:\/\/www.instagram.com\/reel\/DRwxRQ4DPg_\/?utm_source=ig_embed&amp;utm_campaign=loading\" data-instgrm-version=\"14\">\n<\/blockquote>\n<p>En una acci\u00f3n que combina marketing, humor y un claro mensaje personal, la influencer ha instalado <strong>una enorme lona publicitaria \u00aben pleno centro de Madrid\u00bb<\/strong>, una ubicaci\u00f3n especialmente transitada que multiplica la visibilidad del mensaje. <strong>El cartel, presentado como un \u00abmensaje importante\u00bb<\/strong>, muestra a Violeta posando muy sonriente y luciendo lo que parece un anillo de compromiso, acompa\u00f1ado de un rotundo <strong>\u00abFabio, p\u00eddeselo ya\u00bb<\/strong> que no deja lugar a interpretaciones. Este gesto amplifica de forma evidente la narrativa que lleva meses construyendo, consolid\u00e1ndola como una de las estrategias m\u00e1s comentadas de su relaci\u00f3n de pareja ante el p\u00fablico.<\/p>\n<p>La boda de Violeta Mangri\u00f1\u00e1n<\/p>\n<p>La acci\u00f3n forma parte de una campa\u00f1a publicitaria en la que se incluye un gui\u00f1o a\u00f1adido: <strong>una marca se har\u00eda cargo de todos los gastos de la luna de miel<\/strong> si finalmente la pareja decide casarse. En un v\u00eddeo difundido en redes sociales, Mangri\u00f1\u00e1n llama por videollamada a Colloricchio, que lleva m\u00e1s de un mes en Argentina, para mostrarle en directo la sorprendente dimensi\u00f3n de la lona.<strong> La reacci\u00f3n del artista combina sorpresa, desconcierto y sentido del humor<\/strong>, reflejando la din\u00e1mica distendida que ambos suelen mostrar en p\u00fablico.<\/p>\n<p>Aunque Fabio se suma a la broma con una <strong>sonrisa<\/strong>, su respuesta no aclara si este nuevo gesto ha conseguido acercarlo a tomar la decisi\u00f3n que su pareja sugiere con tanta insistencia, lo que a\u00f1ade a\u00fan m\u00e1s intriga al relato.<\/p>\n<p>Para cerrar esta maniobra tan comentada, Violeta recurri\u00f3 a sus historias de Instagram, donde explic\u00f3 el esfuerzo y la intenci\u00f3n que hay detr\u00e1s de esta iniciativa, reafirmando que busca motivar a Fabio sin ejercer una presi\u00f3n real sobre \u00e9l. Entre risas, asegur\u00f3 que<strong> \u00abno va a haber una se\u00f1al m\u00e1s grande que esta\u00bb<\/strong>, subrayando lo contundente de la acci\u00f3n sin dejar de lado el tono humor\u00edstico que caracteriza toda esta estrategia. Tambi\u00e9n destac\u00f3 la localizaci\u00f3n del cartel, situado sobre una iglesia y en una zona de alt\u00edsima afluencia, <strong>un detalle<\/strong> que a\u00f1ade una capa m\u00e1s de simbolismo al mensaje que pretende transmitir.<\/p>\n<p>Con su<strong> ya c\u00e9lebre comentario \u00absi con esto no lo pilla, yo ya\u2026\u00bb<\/strong>, la modelo dio a entender que, aunque sigue dispuesta a jugar con la situaci\u00f3n, la historia contin\u00faa abierta y promete nuevos cap\u00edtulos que volver\u00e1n a captar la atenci\u00f3n del p\u00fablico.<\/p>\n<p>\t\t\t\t\t<script async src=\"\/\/www.instagram.com\/embed.js\"><\/script><\/p>\n","protected":false},"excerpt":{"rendered":"Violeta Mangri\u00f1\u00e1n ha vuelto a convertirse en noticia al abordar p\u00fablicamente, una vez m\u00e1s, la cuesti\u00f3n de su&hellip;\n","protected":false},"author":2,"featured_media":272534,"comment_status":"","ping_status":"","sticky":false,"template":"","format":"standard","meta":{"footnotes":""},"categories":[174],"tags":[255,146,147,25,24,256,23],"class_list":{"0":"post-272533","1":"post","2":"type-post","3":"status-publish","4":"format-standard","5":"has-post-thumbnail","7":"category-famosos","8":"tag-celebrities","9":"tag-entertainment","10":"tag-entretenimiento","11":"tag-es","12":"tag-espana","13":"tag-famosos","14":"tag-spain"},"share_on_mastodon":{"url":"https:\/\/pubeurope.com\/@es\/115667164932113372","error":""},"_links":{"self":[{"href":"https:\/\/www.europesays.com\/es\/wp-json\/wp\/v2\/posts\/272533","targetHints":{"allow":["GET"]}}],"collection":[{"href":"https:\/\/www.europesays.com\/es\/wp-json\/wp\/v2\/posts"}],"about":[{"href":"https:\/\/www.europesays.com\/es\/wp-json\/wp\/v2\/types\/post"}],"author":[{"embeddable":true,"href":"https:\/\/www.europesays.com\/es\/wp-json\/wp\/v2\/users\/2"}],"replies":[{"embeddable":true,"href":"https:\/\/www.europesays.com\/es\/wp-json\/wp\/v2\/comments?post=272533"}],"version-history":[{"count":0,"href":"https:\/\/www.europesays.com\/es\/wp-json\/wp\/v2\/posts\/272533\/revisions"}],"wp:featuredmedia":[{"embeddable":true,"href":"https:\/\/www.europesays.com\/es\/wp-json\/wp\/v2\/media\/272534"}],"wp:attachment":[{"href":"https:\/\/www.europesays.com\/es\/wp-json\/wp\/v2\/media?parent=272533"}],"wp:term":[{"taxonomy":"category","embeddable":true,"href":"https:\/\/www.europesays.com\/es\/wp-json\/wp\/v2\/categories?post=272533"},{"taxonomy":"post_tag","embeddable":true,"href":"https:\/\/www.europesays.com\/es\/wp-json\/wp\/v2\/tags?post=272533"}],"curies":[{"name":"wp","href":"https:\/\/api.w.org\/{rel}","templated":true}]}}