{"id":272535,"date":"2025-12-05T13:20:31","date_gmt":"2025-12-05T13:20:31","guid":{"rendered":"https:\/\/www.europesays.com\/es\/272535\/"},"modified":"2025-12-05T13:20:31","modified_gmt":"2025-12-05T13:20:31","slug":"natalia-suarez-fusiona-dibujo-y-pintura-en-la-teatral-la-escena-oscura-ella-despierta","status":"publish","type":"post","link":"https:\/\/www.europesays.com\/es\/272535\/","title":{"rendered":"Natalia Su\u00e1rez fusiona dibujo y pintura en la teatral &#8216;La escena oscura. Ella despierta&#8217;"},"content":{"rendered":"<p>El proyecto &#8216;Arte abian&#8217; llega a su sexta edici\u00f3n con la invitaci\u00f3n a la artista gasteiztarra Natalia Su\u00e1rez Ortiz de Z\u00e1rate de exponer en la  &#8230; sala Laboratorio de San Telmo. Se trata de una iniciativa conjunta entre el museo donostiarra y Kutxa Fundazioa para impulsar el trabajo de artistas de creaci\u00f3n contempor\u00e1nea que no han tenido la ocasi\u00f3n de contar con una muestra individual en una instituci\u00f3n o espacio p\u00fablico en Gipuzkoa. Permanecer\u00e1 abierta al p\u00fablico, con entrada gratuita, desde ma\u00f1ana hasta el 1 de marzo de 2026.<\/p>\n<p class=\"v-p\">&#8216;La escena oscura. Ella despierta&#8217;, t\u00edtulo de la propuesta de Su\u00e1rez, es el resultado del trabajo realizado en el \u00faltimo a\u00f1o. Son 7 pinturas de gran tama\u00f1o y 32 dibujos m\u00e1s peque\u00f1os. La mayor\u00eda de las pinturas grandes mezclan \u00f3leo, spray y acr\u00edlico sobre lienzo, salvo una de ellas que est\u00e1 creada solo con \u00f3leo sobre lienzo. Los dibujos son de tama\u00f1o A4 realizados con bol\u00edgrafo sobre papel.<\/p>\n<p class=\"v-p\">La artista se\u00f1ala que \u00abuna serie de pinturas y dibujos recientes se re\u00fanen bajo un t\u00edtulo que desprende un tono teatral o de guion, como anunciando una acci\u00f3n que est\u00e1 a punto de suceder\u00bb. Se menciona un personaje femenino, y quien quiera podr\u00e1 vincularlo a las figuras que aparecen en los cuadros, o a la propia Su\u00e1rez: \u00abEs una sugerencia de ficci\u00f3n frente a lo concreto, frente a lo que no se ve\u00bb.<\/p>\n<p class=\"v-p\">Aunque habitualmente trabaja m\u00e1s la pintura en esta ocasi\u00f3n el dibujo juega un papel central, -\u00abtienen el mismo nivel\u00bb, explica la artista-, y por eso le ha dedicado un espacio en donde recoge escenas, algunas cotidianas y otras m\u00e1s on\u00edricas, de una mujer. Es de este grupo de im\u00e1genesde donde Natalia Su\u00e1rez parte para desarrollar &#8216;La escena oscura. Ella despierta\u00bb.<\/p>\n<p class=\"v-p\">Junto a la muestra se ha editado un cuidado cat\u00e1logo, con textos de Nadia Barkate, im\u00e1genes de Lander Ibarretxe y dise\u00f1o de Adri\u00e1n Romero. La artista explica que \u00abno se trata de recoger las obras que se exponen en San Telmo, sino otra pieza de la muestra que le da otra capa m\u00e1s para que el espectador pueda reflexionar un poco m\u00e1s profundamente sobre lo que ve en la sala\u00bb.<\/p>\n<p class=\"v-p\">Durante la presentaci\u00f3n de &#8216;La escena oscura. Ella despierta&#8217; la artista ha estado acompa\u00f1ada por Ana L\u00f3pez Loiarte, concejala delegada de Gobernanza abierta y Cuultura; la directora del museo, Susana Soto y Ana Abalde, directora de Arte y Patrimonio de Kutxa Fundazioa. <\/p>\n","protected":false},"excerpt":{"rendered":"El proyecto &#8216;Arte abian&#8217; llega a su sexta edici\u00f3n con la invitaci\u00f3n a la artista gasteiztarra Natalia Su\u00e1rez&hellip;\n","protected":false},"author":2,"featured_media":272536,"comment_status":"","ping_status":"","sticky":false,"template":"","format":"standard","meta":{"footnotes":""},"categories":[173],"tags":[229,233,231,230,232,234,146,147,25,24,241,6927,66786,66784,66785,23],"class_list":{"0":"post-272535","1":"post","2":"type-post","3":"status-publish","4":"format-standard","5":"has-post-thumbnail","7":"category-arte-y-diseno","8":"tag-arte","9":"tag-arte-y-diseno","10":"tag-arts","11":"tag-arts-and-design","12":"tag-design","13":"tag-diseno","14":"tag-entertainment","15":"tag-entretenimiento","16":"tag-es","17":"tag-espana","18":"tag-exposiciones","19":"tag-gipuzkoa","20":"tag-la-escena-oscura-ella-despierta","21":"tag-natalia-suarez","22":"tag-san-telmo","23":"tag-spain"},"share_on_mastodon":{"url":"https:\/\/pubeurope.com\/@es\/115667168320527292","error":""},"_links":{"self":[{"href":"https:\/\/www.europesays.com\/es\/wp-json\/wp\/v2\/posts\/272535","targetHints":{"allow":["GET"]}}],"collection":[{"href":"https:\/\/www.europesays.com\/es\/wp-json\/wp\/v2\/posts"}],"about":[{"href":"https:\/\/www.europesays.com\/es\/wp-json\/wp\/v2\/types\/post"}],"author":[{"embeddable":true,"href":"https:\/\/www.europesays.com\/es\/wp-json\/wp\/v2\/users\/2"}],"replies":[{"embeddable":true,"href":"https:\/\/www.europesays.com\/es\/wp-json\/wp\/v2\/comments?post=272535"}],"version-history":[{"count":0,"href":"https:\/\/www.europesays.com\/es\/wp-json\/wp\/v2\/posts\/272535\/revisions"}],"wp:featuredmedia":[{"embeddable":true,"href":"https:\/\/www.europesays.com\/es\/wp-json\/wp\/v2\/media\/272536"}],"wp:attachment":[{"href":"https:\/\/www.europesays.com\/es\/wp-json\/wp\/v2\/media?parent=272535"}],"wp:term":[{"taxonomy":"category","embeddable":true,"href":"https:\/\/www.europesays.com\/es\/wp-json\/wp\/v2\/categories?post=272535"},{"taxonomy":"post_tag","embeddable":true,"href":"https:\/\/www.europesays.com\/es\/wp-json\/wp\/v2\/tags?post=272535"}],"curies":[{"name":"wp","href":"https:\/\/api.w.org\/{rel}","templated":true}]}}