{"id":272549,"date":"2025-12-05T13:29:07","date_gmt":"2025-12-05T13:29:07","guid":{"rendered":"https:\/\/www.europesays.com\/es\/272549\/"},"modified":"2025-12-05T13:29:07","modified_gmt":"2025-12-05T13:29:07","slug":"es-oficial-los-horarios-de-supermercados-el-puente-de-diciembre-2025-cuando-abren-y-cierran-mercadona-carr-diario-as","status":"publish","type":"post","link":"https:\/\/www.europesays.com\/es\/272549\/","title":{"rendered":"Es oficial, los horarios de supermercados el puente de diciembre 2025: \u00bfCu\u00e1ndo abren y cierran Mercadona, Carr &#8211; Diario AS"},"content":{"rendered":"<ol>\n<li><a href=\"https:\/\/news.google.com\/rss\/articles\/CBMi-gFBVV95cUxQa3lXYzlleXBVaG1TeEtfSFVSQmhwbHI1eFp5UUZvdDJCcjdHVUZWMlZxcnFtV3FtZ0JQQnRMQmUyVV9QS1dNTVp2V3BRUzRnSG1hRUxXdmRxenlFYllPS2Z4YjFFWkt5cFQteW1UWTZsOVlHZDhfdmk0ZTRsZUlDY015X0ItMkJsY0dXNlI5TnQwb0lrVXBWbV9mSTVyLXhfNGRHcjN5d2xwVzJGY05PM2JTazdfeFMzSGlqbU55TzYtSXVHVzZFd2FzUV9QcTRma0F4T0ItdFBBVnA3RG5ZR0pLOF8xSktNWnpGXzNVWmRCdm84UjI4QldR0gGOAkFVX3lxTE81YUZZWFZfMGtYd3lJOVRjQUNCS21OUkN2TFg2NGJJTmNjc1NsWDR5SkdwOFVXb3cxZW5jS1REWVdpdWw3Q3hETEZ4MlItQkdna2RKbHdpWURSVmJkci03UFg0MkNnZUhBMDdwUEdMb1JDRmhIQ2VwNmVBazk0YkMzWHkyY1lIZUJwVDc1YUFVY1AxSkQtc1RvQkxhUFlZZVMyeVhFSzZMYWpnbDZucHlqc1VyZkZtYlE4eEVSY29rV2l0am1IQ3NxNUNKSEM5M0l4eDhRWV80ZFpZbUYzd0tiaTNoR3BCcmRJNUh1NXhCUjBkc1o2V3ZNZVItellxUU83elM5UkFoRVgzQmNEUQ?oc=5\" target=\"_blank\" rel=\"nofollow noopener\">Es oficial, los horarios de supermercados el puente de diciembre 2025: \u00bfCu\u00e1ndo abren y cierran Mercadona, Carr<\/a>&nbsp;&nbsp;Diario AS<\/li>\n<li><a href=\"https:\/\/news.google.com\/rss\/articles\/CBMixwFBVV95cUxONG5venY1OHd4WWxic1Z5eTFJakpFY3UwTUhsN1h4WUs5THNDeFVORUNwM01ueTRUUjFTVmhJTVg3WnBLdzkzYmx4Ymd0MVRVbDIzWGtCdjhxT2MweG9DZWZKSXRYRmVrdWZ4UXZHWm9uQ0tEck82Tzl6VGFxYUk5Vk9zN3hlbzdhcXZ0UlNYZEtPNjNZNjl2cXZhaDE2dHZRTElVMkhZckl5UGd6OHNIeWJhNlNLLVZLbzM0NE1HVUJ5SlhiMWl3?oc=5\" target=\"_blank\" rel=\"nofollow noopener\">Horarios especiales de Mercadona para el festivo del s\u00e1bado 6 de diciembre, D\u00eda de la Constituci\u00f3n<\/a>&nbsp;&nbsp;ABC<\/li>\n<li><a href=\"https:\/\/news.google.com\/rss\/articles\/CBMid0FVX3lxTE5lQW9LLUxJRFlpeWdNa0NicUx5c1VWd29TaEJHSC1sSkYtMzFGU1pMZ1pCWHBfeE5rMkZWRkVvVU02aGpUNTVFWFozLUFFcTdGMFJROG9WYkNNXzVCVUtfaWF6R05SZUdrUFdqWFdYRXR0QjVFZk9N0gF3QVVfeXFMTVo1SldRdjdrc29YQlNBdy14X1B4ZzhqRzNFdENaVUdTVmVpX2ZoX3R3WE5IVExmclY4Z19GM01iLU80RHVaU294UWpZZXd2aEVrNmRFMlA0SVJtamdhdV96UDB3SmF0OTRfeWZ6WV9ZY3VrYmczdlk?oc=5\" target=\"_blank\" rel=\"nofollow noopener\">Mercadona, Lidl, Carrefour&#8230; \u00bfqu\u00e9 supermercados abren el 6 y el 8 de diciembre y en qu\u00e9 horario?<\/a>&nbsp;&nbsp;El Mundo<\/li>\n<li><a href=\"https:\/\/news.google.com\/rss\/articles\/CBMi7wFBVV95cUxPb0tIdUN3VDI2RWZuQUlHV0RDWEhQb20wWUd6OGFBOVBOaklsVDNGc1VtVWhrSWNYSTVSRFFJektfdHhoZlRKaklPRzVQb2o1ejFhMURqUUV3WG5TanpFenNZSV94cmpQeWZIUmNHdF9QVzNCbnJQX19TTklrRWh4LVhVbDVmcE9YcGhIdTBSOFN3Q1p4cUlYYl9ZdkpnTThfNTNlZlNpUjFINGpBZE9jREN5Z0ktbTdGMDdWblVvU0dnVGdmLVJ6X0RKTEdyMEdIWUxQajloOXpIajdDZ3F5cmVtNUU2WTI3T1dCV0tEWQ?oc=5\" target=\"_blank\" rel=\"nofollow noopener\">Supermercados abiertos durante el puente de diciembre: horario de Mercadona, Carrefour, D\u00eda, Supercor y otras tiendas<\/a>&nbsp;&nbsp;Europa Press<\/li>\n<li><a href=\"https:\/\/news.google.com\/rss\/articles\/CBMiwAFBVV95cUxQbEYzZFA2d2xNMjFGS0ZqZjNacXBYS2hKc3hrTTR5dTQ3Mjh2SjJ2SV9PMDlhb1h1NUx4dTQ2RE9CQ29iV1l6WUpHMFZfTEZZSWFDZHU5WmN5WUIxNm9RbXNPNGJ2V1laRW5PRXNFY3Y1dHVIQlJTVkV2aEhseHFEbzAzZFZjak9HdERxX2E3M2Z2S3FHQ3ZNZlNsZXAyUV8tQlpkcElpbng5bHpyVGRwN1Rtc3QzeUhOOHRiM2RtLUU?oc=5\" target=\"_blank\" rel=\"nofollow noopener\">Supermercados abiertos el 6 de diciembre en Canarias: horario de Hiperdino, Mercadona, Spar, Carrefour, Alcampo, Lidl<\/a>&nbsp;&nbsp;Canarias7<\/li>\n<\/ol>\n","protected":false},"excerpt":{"rendered":"Es oficial, los horarios de supermercados el puente de diciembre 2025: \u00bfCu\u00e1ndo abren y cierran Mercadona, Carr&nbsp;&nbsp;Diario AS&hellip;\n","protected":false},"author":2,"featured_media":248356,"comment_status":"","ping_status":"","sticky":false,"template":"","format":"standard","meta":{"footnotes":""},"categories":[80],"tags":[82,95,94,25,24,23],"class_list":{"0":"post-272549","1":"post","2":"type-post","3":"status-publish","4":"format-standard","5":"has-post-thumbnail","7":"category-economia","8":"tag-business","9":"tag-economia","10":"tag-economy","11":"tag-es","12":"tag-espana","13":"tag-spain"},"share_on_mastodon":{"url":"https:\/\/pubeurope.com\/@es\/115667203985339999","error":""},"_links":{"self":[{"href":"https:\/\/www.europesays.com\/es\/wp-json\/wp\/v2\/posts\/272549","targetHints":{"allow":["GET"]}}],"collection":[{"href":"https:\/\/www.europesays.com\/es\/wp-json\/wp\/v2\/posts"}],"about":[{"href":"https:\/\/www.europesays.com\/es\/wp-json\/wp\/v2\/types\/post"}],"author":[{"embeddable":true,"href":"https:\/\/www.europesays.com\/es\/wp-json\/wp\/v2\/users\/2"}],"replies":[{"embeddable":true,"href":"https:\/\/www.europesays.com\/es\/wp-json\/wp\/v2\/comments?post=272549"}],"version-history":[{"count":0,"href":"https:\/\/www.europesays.com\/es\/wp-json\/wp\/v2\/posts\/272549\/revisions"}],"wp:featuredmedia":[{"embeddable":true,"href":"https:\/\/www.europesays.com\/es\/wp-json\/wp\/v2\/media\/248356"}],"wp:attachment":[{"href":"https:\/\/www.europesays.com\/es\/wp-json\/wp\/v2\/media?parent=272549"}],"wp:term":[{"taxonomy":"category","embeddable":true,"href":"https:\/\/www.europesays.com\/es\/wp-json\/wp\/v2\/categories?post=272549"},{"taxonomy":"post_tag","embeddable":true,"href":"https:\/\/www.europesays.com\/es\/wp-json\/wp\/v2\/tags?post=272549"}],"curies":[{"name":"wp","href":"https:\/\/api.w.org\/{rel}","templated":true}]}}