{"id":272550,"date":"2025-12-05T13:30:14","date_gmt":"2025-12-05T13:30:14","guid":{"rendered":"https:\/\/www.europesays.com\/es\/272550\/"},"modified":"2025-12-05T13:30:14","modified_gmt":"2025-12-05T13:30:14","slug":"trump-advierte-de-que-europa-se-enfrenta-a-la-desaparicion-de-su-civilizacion-internacional","status":"publish","type":"post","link":"https:\/\/www.europesays.com\/es\/272550\/","title":{"rendered":"Trump advierte de que Europa se enfrenta a la \u201cdesaparici\u00f3n de su civilizaci\u00f3n\u201d | Internacional"},"content":{"rendered":"<p class=\"\">El rumbo de una Europa en presunto declive, acosada por la inmigraci\u00f3n y al borde de perder su identidad de faro de la cultura occidental, se ha convertido en una de las m\u00e1s persistentes obsesiones del ideario MAGA (Make America Great Again) durante la segunda presidencia de Donald Trump. Esa obsesi\u00f3n cristaliz\u00f3 con la publicaci\u00f3n en la noche de este jueves (hora de Washington) <a href=\"https:\/\/www.whitehouse.gov\/wp-content\/uploads\/2025\/12\/2025-National-Security-Strategy.pdf\" target=\"_self\" rel=\"nofollow noopener\" title=\"https:\/\/www.whitehouse.gov\/wp-content\/uploads\/2025\/12\/2025-National-Security-Strategy.pdf\">de un pol\u00e9mico documento, <\/a>firmado por el propio Trump y titulado Estrategia de seguridad nacional de Estados Unidos de Am\u00e9rica. <\/p>\n<p class=\"\">Tiene 33 p\u00e1ginas en las que repasa los distintos frentes de la pol\u00edtica exterior de Washington para detenerse en Europa, cuyos problemas econ\u00f3micos se\u00f1ala. Pero dice que estos quedan \u201ceclipsados \u200b\u200bpor la perspectiva real y m\u00e1s cruda de la desaparici\u00f3n de la civilizaci\u00f3n\u201d en los pr\u00f3ximos 20 a\u00f1os.<\/p>\n<p class=\"\">El texto enumera varios culpables de esa decadencia: \u201cLa Uni\u00f3n Europea y otros organismos transnacionales que socavan la libertad pol\u00edtica y la soberan\u00eda, <a href=\"https:\/\/elpais.com\/us\/migracion\/2025-11-28\/trump-promete-suspender-permanentemente-la-migracion-de-todos-los-paises-del-tercer-mundo.html\" target=\"_self\" rel=\"nofollow noopener\" title=\"https:\/\/elpais.com\/us\/migracion\/2025-11-28\/trump-promete-suspender-permanentemente-la-migracion-de-todos-los-paises-del-tercer-mundo.html\">las pol\u00edticas migratorias que est\u00e1n transformando el continente<\/a> y creando conflictos, la censura de la libertad de expresi\u00f3n y la supresi\u00f3n de la oposici\u00f3n pol\u00edtica, la ca\u00edda de las tasas de natalidad y la p\u00e9rdida de identidades nacionales y de confianza [de los diferentes pa\u00edses] en s\u00ed mismos\u201d, dice la Administraci\u00f3n Trump en el documento.<\/p>\n<p class=\"\">El texto, que cuenta con escasos precedentes, hace propias las tesis de los partidos pol\u00edticos de la ultraderecha en Europa. <a href=\"https:\/\/elpais.com\/internacional\/2025-11-15\/de-epstein-a-las-acusaciones-de-traicion-al-america-first-el-movimiento-maga-se-rebela-contra-trump.html\" target=\"_self\" rel=\"nofollow noopener\" title=\"https:\/\/elpais.com\/internacional\/2025-11-15\/de-epstein-a-las-acusaciones-de-traicion-al-america-first-el-movimiento-maga-se-rebela-contra-trump.html\">El movimiento MAGA,<\/a> y el propio Trump, han defendido los objetivos de esas formaciones pol\u00edticas en elecciones como las de Alemania o el Reino Unido. Los socios europeos de Washington ya escucharon algunas de estas ideas <a href=\"https:\/\/elpais.com\/internacional\/2025-02-14\/j-d-vance-lanza-un-ataque-ideologico-contra-europa-que-evidencia-el-desgarro-entre-la-ue-y-ee-uu.html\" target=\"_self\" rel=\"nofollow noopener\" title=\"https:\/\/elpais.com\/internacional\/2025-02-14\/j-d-vance-lanza-un-ataque-ideologico-contra-europa-que-evidencia-el-desgarro-entre-la-ue-y-ee-uu.html\">en febrero, durante la Conferencia de Seguridad de M\u00fanich,<\/a> en la que el vicepresidente de Estados Unidos, J. D. Vance, ofreci\u00f3 un incendiario discurso y una apocal\u00edptica visi\u00f3n del Viejo Continente. <\/p>\n<p><img alt=\"J. D. Vance during his speech in Munich, February 14.\" decoding=\"auto\" class=\"_re lazyload a_m-h\" height=\"276\"  width=\"414\"  src=\"https:\/\/www.europesays.com\/es\/wp-content\/uploads\/2025\/12\/AYG335KGNXR7QKSB367UPNKP4U.jpg\" loading=\"lazy\"\/>El vicepresidente, J.D. Vance, durante su discurso en la conferencia de seguridad de M\u00fanich de febrero.RONALD WITTEK (EFE)<\/p>\n<p class=\"\">\u201cEste documento es una hoja de ruta para garantizar que Estados Unidos siga siendo la naci\u00f3n m\u00e1s grande y exitosa de la historia de la humanidad y el hogar de la libertad en la Tierra\u201d, dice el texto firmado por Trump en su exposici\u00f3n de motivos, que es una defensa de las tesis del America First (Estados Unidos primero). \u201cEn los pr\u00f3ximos a\u00f1os, seguiremos desarrollando cada dimensi\u00f3n de nuestra fortaleza nacional y haremos que Estados Unidos sea m\u00e1s seguro, m\u00e1s rico, m\u00e1s libre, m\u00e1s grande y m\u00e1s poderoso que nunca\u201d.<\/p>\n<p class=\"\">El texto fija las prioridades de la Administraci\u00f3n de Trump con Europa, entre las que incluye abrir sus mercados a los bienes y servicios estadounidenses, \u201crestablecer la estabilidad\u201d en clave interna. Tambi\u00e9n en su relaci\u00f3n con Rusia, incentivar que el continente asuma \u201cla responsabilidad principal de su propia defensa\u201d, en lo que cabe interpretar como una referencia a las presiones de Washington para que sus miembros de la OTAN aumenten su aportaci\u00f3n hasta el 5% o acabar con la expectativa de que la Alianza Atl\u00e1ntica est\u00e1 \u201cen constante expansi\u00f3n\u201d. <\/p>\n<p class=\"\">Los partidos ultras cuentan con su propio punto en esa lista, que pide \u201ccultivar la resistencia a la trayectoria actual de Europa\u201d desde dentro.<\/p>\n<p class=\"\">[Noticia de \u00faltima hora. Habr\u00e1 actualizaci\u00f3n en breve]. <\/p>\n","protected":false},"excerpt":{"rendered":"El rumbo de una Europa en presunto declive, acosada por la inmigraci\u00f3n y al borde de perder su&hellip;\n","protected":false},"author":2,"featured_media":272551,"comment_status":"","ping_status":"","sticky":false,"template":"","format":"standard","meta":{"footnotes":""},"categories":[42],"tags":[889,17,18,2317,4329,352,629,13,14,11,61,62,63,64,19,20,9,2556,10,15,16,17918,952,12,21,22,1617,2558,65,66,67],"class_list":{"0":"post-272550","1":"post","2":"type-post","3":"status-publish","4":"format-standard","5":"has-post-thumbnail","7":"category-internacional","8":"tag-america","9":"tag-breaking-news","10":"tag-breakingnews","11":"tag-bruselas","12":"tag-casa-blanca","13":"tag-donald-trump","14":"tag-estados-unidos","15":"tag-featured-news","16":"tag-featurednews","17":"tag-headlines","18":"tag-internacional","19":"tag-international","20":"tag-international-news","21":"tag-internationalnews","22":"tag-latest-news","23":"tag-latestnews","24":"tag-news","25":"tag-norteamerica","26":"tag-noticias","27":"tag-noticias-destacadas","28":"tag-noticiasdestacadas","29":"tag-partido-republicano-ee-uu","30":"tag-politica","31":"tag-titulares","32":"tag-ultimas-noticias","33":"tag-ultimasnoticias","34":"tag-union-europea","35":"tag-washington-d-c","36":"tag-world","37":"tag-world-news","38":"tag-worldnews"},"share_on_mastodon":{"url":"","error":"Validation failed: Text character limit of 500 exceeded"},"_links":{"self":[{"href":"https:\/\/www.europesays.com\/es\/wp-json\/wp\/v2\/posts\/272550","targetHints":{"allow":["GET"]}}],"collection":[{"href":"https:\/\/www.europesays.com\/es\/wp-json\/wp\/v2\/posts"}],"about":[{"href":"https:\/\/www.europesays.com\/es\/wp-json\/wp\/v2\/types\/post"}],"author":[{"embeddable":true,"href":"https:\/\/www.europesays.com\/es\/wp-json\/wp\/v2\/users\/2"}],"replies":[{"embeddable":true,"href":"https:\/\/www.europesays.com\/es\/wp-json\/wp\/v2\/comments?post=272550"}],"version-history":[{"count":0,"href":"https:\/\/www.europesays.com\/es\/wp-json\/wp\/v2\/posts\/272550\/revisions"}],"wp:featuredmedia":[{"embeddable":true,"href":"https:\/\/www.europesays.com\/es\/wp-json\/wp\/v2\/media\/272551"}],"wp:attachment":[{"href":"https:\/\/www.europesays.com\/es\/wp-json\/wp\/v2\/media?parent=272550"}],"wp:term":[{"taxonomy":"category","embeddable":true,"href":"https:\/\/www.europesays.com\/es\/wp-json\/wp\/v2\/categories?post=272550"},{"taxonomy":"post_tag","embeddable":true,"href":"https:\/\/www.europesays.com\/es\/wp-json\/wp\/v2\/tags?post=272550"}],"curies":[{"name":"wp","href":"https:\/\/api.w.org\/{rel}","templated":true}]}}