{"id":272553,"date":"2025-12-05T13:32:10","date_gmt":"2025-12-05T13:32:10","guid":{"rendered":"https:\/\/www.europesays.com\/es\/272553\/"},"modified":"2025-12-05T13:32:10","modified_gmt":"2025-12-05T13:32:10","slug":"los-escolares-de-valdemorillo-elevan-la-celebracion-del-47o-aniversario-de-la-constitucion-dando-voz-a-los-principios-de-libertad-justicia-e-igualdad-de-todos-los-espanoles","status":"publish","type":"post","link":"https:\/\/www.europesays.com\/es\/272553\/","title":{"rendered":"Los escolares de Valdemorillo elevan la celebraci\u00f3n del 47\u00ba Aniversario de la Constituci\u00f3n dando voz a los principios de libertad, justicia e igualdad de todos los espa\u00f1oles"},"content":{"rendered":"<p>Con los m\u00e1s peque\u00f1os como principales protagonistas, haci\u00e9ndoles as\u00ed participes de lo que representa la Carta Magna para todos los espa\u00f1oles, el Ayuntamiento ha centrado en esta ocasi\u00f3n el acto de celebraci\u00f3n del aniversario de la Constituci\u00f3n de 1978 en la lectura de su articulado por parte de escolares del municipio. En concreto, han sido los alumnos de sexto de Primaria de los colegios locales, el CEIP Juan Falc\u00f3 y el Zola Valdemorillo, los que han participado este viernes 5 de diciembre, respondiendo a la propuesta del ejecutivo local a trav\u00e9s de la concejal\u00eda de Atenci\u00f3n al Ciudadano, gestionada por Rosal\u00eda D\u00edez, en colaboraci\u00f3n con el \u00e1rea de Servicios a la Comunidad, con competencias en educaci\u00f3n, de la que es responsable Ana Patricia Gonz\u00e1lez, dando voz a una idea muy bien acogida por los equipos directivos de los dos colegios, como les ha agradecido el primer edil.<\/p>\n<p>Tras expresar su \u201calegr\u00eda y emoci\u00f3n\u201d por compartir este acto con tantos escolares, y agradecer la presencia tambi\u00e9n de las directoras de ambos colegios y profesores, el regidor ha subrayado que \u201cesta Constituci\u00f3n que disfrutamos desde hace tantos a\u00f1os en paz se debe a un gran acuerdo nacional de concordia y a una gran renuncia de todos aquellos que fueron protagonistas del periodo de transici\u00f3n\u201d. Adem\u00e1s de destacar que es \u201cla ley m\u00e1s importante\u201d, el primer edil subray\u00f3 ante los menores que es la base para la \u201cconvivencia democr\u00e1tica de todos los espa\u00f1oles\u201d.<\/p>\n<p>Una vez terminada la intervenci\u00f3n del alcalde, que ley\u00f3 el Art\u00edculo Primero, los menores cogieron el testigo, altern\u00e1ndose as\u00ed ante el micr\u00f3fono, mostr\u00e1ndose ilusionados de ir repasando el contenido del resto del articulado en un encuentro que tambi\u00e9n sum\u00f3 la participaci\u00f3n de los profesores y agentes de la Polic\u00eda Local, voluntarios de Protecci\u00f3n Civil y los propios docentes.<\/p>\n<p>Finalmente, los escolares recibieron un peque\u00f1o obsequio, d\u00e1ndose as\u00ed por clausurado este nuevo y emotivo homenaje de Valdemorillo a la Constituci\u00f3n.<\/p>\n","protected":false},"excerpt":{"rendered":"Con los m\u00e1s peque\u00f1os como principales protagonistas, haci\u00e9ndoles as\u00ed participes de lo que representa la Carta Magna para&hellip;\n","protected":false},"author":2,"featured_media":272554,"comment_status":"","ping_status":"","sticky":false,"template":"","format":"standard","meta":{"footnotes":""},"categories":[5],"tags":[17,18,25,24,13,14,11,19,20,9,10,15,16,23,12,21,22],"class_list":{"0":"post-272553","1":"post","2":"type-post","3":"status-publish","4":"format-standard","5":"has-post-thumbnail","7":"category-titulares","8":"tag-breaking-news","9":"tag-breakingnews","10":"tag-es","11":"tag-espana","12":"tag-featured-news","13":"tag-featurednews","14":"tag-headlines","15":"tag-latest-news","16":"tag-latestnews","17":"tag-news","18":"tag-noticias","19":"tag-noticias-destacadas","20":"tag-noticiasdestacadas","21":"tag-spain","22":"tag-titulares","23":"tag-ultimas-noticias","24":"tag-ultimasnoticias"},"share_on_mastodon":{"url":"https:\/\/pubeurope.com\/@es\/115667215515467370","error":""},"_links":{"self":[{"href":"https:\/\/www.europesays.com\/es\/wp-json\/wp\/v2\/posts\/272553","targetHints":{"allow":["GET"]}}],"collection":[{"href":"https:\/\/www.europesays.com\/es\/wp-json\/wp\/v2\/posts"}],"about":[{"href":"https:\/\/www.europesays.com\/es\/wp-json\/wp\/v2\/types\/post"}],"author":[{"embeddable":true,"href":"https:\/\/www.europesays.com\/es\/wp-json\/wp\/v2\/users\/2"}],"replies":[{"embeddable":true,"href":"https:\/\/www.europesays.com\/es\/wp-json\/wp\/v2\/comments?post=272553"}],"version-history":[{"count":0,"href":"https:\/\/www.europesays.com\/es\/wp-json\/wp\/v2\/posts\/272553\/revisions"}],"wp:featuredmedia":[{"embeddable":true,"href":"https:\/\/www.europesays.com\/es\/wp-json\/wp\/v2\/media\/272554"}],"wp:attachment":[{"href":"https:\/\/www.europesays.com\/es\/wp-json\/wp\/v2\/media?parent=272553"}],"wp:term":[{"taxonomy":"category","embeddable":true,"href":"https:\/\/www.europesays.com\/es\/wp-json\/wp\/v2\/categories?post=272553"},{"taxonomy":"post_tag","embeddable":true,"href":"https:\/\/www.europesays.com\/es\/wp-json\/wp\/v2\/tags?post=272553"}],"curies":[{"name":"wp","href":"https:\/\/api.w.org\/{rel}","templated":true}]}}