{"id":272557,"date":"2025-12-05T13:38:09","date_gmt":"2025-12-05T13:38:09","guid":{"rendered":"https:\/\/www.europesays.com\/es\/272557\/"},"modified":"2025-12-05T13:38:09","modified_gmt":"2025-12-05T13:38:09","slug":"no-hay-secretos-solo-mucha-perseverancia-y-esfuerzo","status":"publish","type":"post","link":"https:\/\/www.europesays.com\/es\/272557\/","title":{"rendered":"\u00abNo hay secretos, solo mucha perseverancia y esfuerzo\u00bb"},"content":{"rendered":"<p>No hay quien la apee de la cima. La ciclista ciutadellenca del equipo Massi, N\u00faria Bosch, finaliza esta temporada 2025 como l\u00edder del ranking nacional de BTT XCO. La menorquina, que tras unos a\u00f1os en Barcelona ha vuelto a establecer su residencia en la Isla,<strong> ha completado una gran campa\u00f1a deportiva\u2013 bajo una enorme regularidad en cada prueba<\/strong>\u2013 dominando el ranking nacional \u00c9lite-sub23 por cuarto a\u00f1o consecutivo<\/p>\n<p>\u00abEnhorabuena, N\u00faria\u00bb, le dedican a Bosch desde la misma Real Federaci\u00f3n Espa\u00f1ola de Ciclismo a la insular, muy satisfecha de repetir un curso m\u00e1s este galard\u00f3n. \u00ab<strong>Muy contenta de volver a liderar el ranking nacional<\/strong>, uno de los objetivos del a\u00f1o que requiere constancia y regularidad en las carreras que planteamos con el calendario\u00bb, dec\u00eda ayer mismo a \u00abEs Diari\u00bb. \u00ab\u00bfSecreto? No hay (risas). Planificar un calendario factible e intentar cumplirlo de la mejor manera posible, con esfuerzo, perseverancia y regularidad\u00bb.<\/p>\n<p>Renueva con el Massi para 2026<\/p>\n<p>Una N\u00faria Bosch que avanza a este diario que este 2026 renueva con el equipo Massi, \u00abcon objetivos similares a este a\u00f1o. Centrarme con el<strong> calendario nacional y complementarlo con algunas pruebas internacionales<\/strong> para intentar poder llegar al Campeonato de Europa y del Mundo\u00bb, expresa la corredora.<\/p>\n","protected":false},"excerpt":{"rendered":"No hay quien la apee de la cima. La ciclista ciutadellenca del equipo Massi, N\u00faria Bosch, finaliza esta&hellip;\n","protected":false},"author":2,"featured_media":272558,"comment_status":"","ping_status":"","sticky":false,"template":"","format":"standard","meta":{"footnotes":""},"categories":[273],"tags":[313,312,168,25,24,8211,23,167],"class_list":{"0":"post-272557","1":"post","2":"type-post","3":"status-publish","4":"format-standard","5":"has-post-thumbnail","7":"category-ciclismo","8":"tag-ciclismo","9":"tag-cycling","10":"tag-deportes","11":"tag-es","12":"tag-espana","13":"tag-nuria-bosch","14":"tag-spain","15":"tag-sports"},"share_on_mastodon":{"url":"https:\/\/pubeurope.com\/@es\/115667239113440575","error":""},"_links":{"self":[{"href":"https:\/\/www.europesays.com\/es\/wp-json\/wp\/v2\/posts\/272557","targetHints":{"allow":["GET"]}}],"collection":[{"href":"https:\/\/www.europesays.com\/es\/wp-json\/wp\/v2\/posts"}],"about":[{"href":"https:\/\/www.europesays.com\/es\/wp-json\/wp\/v2\/types\/post"}],"author":[{"embeddable":true,"href":"https:\/\/www.europesays.com\/es\/wp-json\/wp\/v2\/users\/2"}],"replies":[{"embeddable":true,"href":"https:\/\/www.europesays.com\/es\/wp-json\/wp\/v2\/comments?post=272557"}],"version-history":[{"count":0,"href":"https:\/\/www.europesays.com\/es\/wp-json\/wp\/v2\/posts\/272557\/revisions"}],"wp:featuredmedia":[{"embeddable":true,"href":"https:\/\/www.europesays.com\/es\/wp-json\/wp\/v2\/media\/272558"}],"wp:attachment":[{"href":"https:\/\/www.europesays.com\/es\/wp-json\/wp\/v2\/media?parent=272557"}],"wp:term":[{"taxonomy":"category","embeddable":true,"href":"https:\/\/www.europesays.com\/es\/wp-json\/wp\/v2\/categories?post=272557"},{"taxonomy":"post_tag","embeddable":true,"href":"https:\/\/www.europesays.com\/es\/wp-json\/wp\/v2\/tags?post=272557"}],"curies":[{"name":"wp","href":"https:\/\/api.w.org\/{rel}","templated":true}]}}