{"id":272559,"date":"2025-12-05T13:40:10","date_gmt":"2025-12-05T13:40:10","guid":{"rendered":"https:\/\/www.europesays.com\/es\/272559\/"},"modified":"2025-12-05T13:40:10","modified_gmt":"2025-12-05T13:40:10","slug":"en-wurzburg-pasan-estas-locuras","status":"publish","type":"post","link":"https:\/\/www.europesays.com\/es\/272559\/","title":{"rendered":"\u00abEn W\u00fcrzburg pasan estas locuras\u00bb"},"content":{"rendered":"<p>Iyana Mart\u00edn (Oviedo, 18 de enero de 2006) fue la gran protagonista de la espectacular victoria del Perfumer\u00edas Avenida contra el Valencia BC en la  &#8230; tarde-noche del mi\u00e9rcoles en el pabell\u00f3n W\u00fcrzburg Silvia Dom\u00ednguez. Fue la jugadora m\u00e1s destacada <strong> tambi\u00e9n la que apareci\u00f3 en varios de los momentos clave, como la canasta final para poner el 58-57 definitivo<\/strong>. 24 horas despu\u00e9s, ya en fr\u00edo, analizaba lo sucedido durante esas dos horas, y lo ten\u00eda claro: \u00abFue una de las mejores noches que he vivido de lo que llevo en Salamanca\u00bb.<\/p>\n<p class=\"v-p\">Avenida <strong>es el club en el que quiso jugar desde que era una ni\u00f1a <\/strong>\u2014y eso que no ha cumplido los 20 a\u00f1os\u2014 y a pesar de llevar en \u00e9l poco m\u00e1s de una temporada sabe de sobra cu\u00e1l es su ADN: \u00abLo que nos est\u00e1 caracterizando estos meses, y que es algo que hemos tomado como parte de nuestra personalidad,<strong> es la resiliencia que hemos tenido. Hemos pasado momentos muy complicados.<\/strong> En el partido contra el Valencia Basket nunca dejamos de creer a pesar del resultados. Con la ayuda de la afici\u00f3n estuvimos ah\u00ed y no nos rendimos. En este equipo nunca damos los partidos por perdidos por lo que viene a ser el ADN de Avenida. Nunca vamos a pensar que hemos perdido hasta que suene la bocina, porque estas locuras pueden llegar a pasar\u00bb.<\/p>\n<p class=\"v-p\"><strong>La base asturiana estuvo 27 minutos en la pista,<\/strong> en los que alcanz\u00f3 una valoraci\u00f3n de + 26, gracias a sus 21 puntos (8 de 14 en los tiros de campo), 7 rebotes, 3 asistencias, 2 recuperaciones y 6 faltas recibidas. Esas cifras le sirvieron para ser una de las componentes del quinteto ideal de la novena jornada de la Liga Femenina junto a <strong>Claudia Contell, Ainhoa Gervasini, Axelle Merceron y Lydia Giomi.<\/strong><\/p>\n<p class=\"v-p\">En una entrevista que concedi\u00f3 a LA GACETA hace un par de semanas, Iyana dej\u00f3 una sentencia clarificadora: \u00abMe encantar\u00eda que la gente nos viese entrenar alg\u00fan d\u00eda, porque nos estamos dejando la piel\u00bb. Los resultados no estaban acompa\u00f1ando \u2014aunque ahora llevan seis victorias seguidas, <strong>la mejor racha desde que Anna Monta\u00f1ana es la entrenadora\u2014 y por eso explica qu\u00e9 ha supuesto la victoria contra el Valencia BC y el buen momento que atraviesan<\/strong>: \u00abEs m\u00e1s que nada satisfacci\u00f3n porque hemos recogido lo que llevamos meses sembrando. Es un peque\u00f1o premio a todo el trabajo y el sacrificio que estamos haciendo. Y no s\u00f3lo para nosotras y el staff, sino para la afici\u00f3n, que se merec\u00eda un partido como el de ayer\u00bb. Pero en su papel de veterana a pesar de su juventud, continu\u00f3: \u00abEstamos infinitamente contentas pero sabemos que este viernes llegaremos al entreno y nos tocar\u00e1 volver a ponernos el mono de trabajo para plantarle cara a un Casademont Zaragoza que viene muy fuerte y que est\u00e1 haciendo una temporada casi impecable. Tenemos muchas ganas de seguir demostrando todo lo que estamos haciendo\u00bb.<\/p>\n<p class=\"v-p\">Todo lo vivido el mi\u00e9rcoles, durante el encuentro y tambi\u00e9n en la celebraci\u00f3n, hace que lo tenga claro: \u00abHa sido una de las mejores noches que he vivido en lo que llevo en Salamanca. <strong>Evidentemente por la forma en la que ganamos el partido, pero tambi\u00e9n por c\u00f3mo estuvo la grada: la afici\u00f3n fue incre\u00edble y nuestra sexta jugadora,<\/strong> porque \u00edbamos perdiendo por 10 y apretaban como si fu\u00e9ramos 1 arriba o 1 abajo. Fue muy chulo y se me pon\u00eda la carne de gallina viendo c\u00f3mo casi se cae el pabell\u00f3n. Estoy muy contenta\u00bb.<\/p>\n<p class=\"v-p\">Conoci\u00e9ndola y viendo c\u00f3mo ha progresado el equipo, seguramente que lo que se produjo el mi\u00e9rcoles en el W\u00fcrzburg Silvia Dom\u00ednguez se va a repetir en m\u00e1s ocasiones a lo largo de la temporada. Por ella, desde luego, no va a quedar.<\/p>\n<p>21 puntos, su 2\u00aa m\u00e1xima anotaci\u00f3n<\/p>\n<p class=\"v-p\">Desde que lleg\u00f3 a Avenida, Iyana \u00fanicamente hab\u00eda metido m\u00e1s puntos, 22, la pasada campa\u00f1a frente al Os\u00e9s Construcci\u00f3n. Tambi\u00e9n le hizo 21 al IDK.<\/p>\n","protected":false},"excerpt":{"rendered":"Iyana Mart\u00edn (Oviedo, 18 de enero de 2006) fue la gran protagonista de la espectacular victoria del Perfumer\u00edas&hellip;\n","protected":false},"author":2,"featured_media":272560,"comment_status":"","ping_status":"","sticky":false,"template":"","format":"standard","meta":{"footnotes":""},"categories":[269],"tags":[299,298,168,25,24,66795,14857,23,167,66794],"class_list":{"0":"post-272559","1":"post","2":"type-post","3":"status-publish","4":"format-standard","5":"has-post-thumbnail","7":"category-baloncesto","8":"tag-baloncesto","9":"tag-basketball","10":"tag-deportes","11":"tag-es","12":"tag-espana","13":"tag-locuras","14":"tag-pasan","15":"tag-spain","16":"tag-sports","17":"tag-wurzburg"},"share_on_mastodon":{"url":"https:\/\/pubeurope.com\/@es\/115667247138111914","error":""},"_links":{"self":[{"href":"https:\/\/www.europesays.com\/es\/wp-json\/wp\/v2\/posts\/272559","targetHints":{"allow":["GET"]}}],"collection":[{"href":"https:\/\/www.europesays.com\/es\/wp-json\/wp\/v2\/posts"}],"about":[{"href":"https:\/\/www.europesays.com\/es\/wp-json\/wp\/v2\/types\/post"}],"author":[{"embeddable":true,"href":"https:\/\/www.europesays.com\/es\/wp-json\/wp\/v2\/users\/2"}],"replies":[{"embeddable":true,"href":"https:\/\/www.europesays.com\/es\/wp-json\/wp\/v2\/comments?post=272559"}],"version-history":[{"count":0,"href":"https:\/\/www.europesays.com\/es\/wp-json\/wp\/v2\/posts\/272559\/revisions"}],"wp:featuredmedia":[{"embeddable":true,"href":"https:\/\/www.europesays.com\/es\/wp-json\/wp\/v2\/media\/272560"}],"wp:attachment":[{"href":"https:\/\/www.europesays.com\/es\/wp-json\/wp\/v2\/media?parent=272559"}],"wp:term":[{"taxonomy":"category","embeddable":true,"href":"https:\/\/www.europesays.com\/es\/wp-json\/wp\/v2\/categories?post=272559"},{"taxonomy":"post_tag","embeddable":true,"href":"https:\/\/www.europesays.com\/es\/wp-json\/wp\/v2\/tags?post=272559"}],"curies":[{"name":"wp","href":"https:\/\/api.w.org\/{rel}","templated":true}]}}