{"id":272569,"date":"2025-12-05T13:47:10","date_gmt":"2025-12-05T13:47:10","guid":{"rendered":"https:\/\/www.europesays.com\/es\/272569\/"},"modified":"2025-12-05T13:47:10","modified_gmt":"2025-12-05T13:47:10","slug":"a-mi-lo-que-me-gusta-es-contar-historias","status":"publish","type":"post","link":"https:\/\/www.europesays.com\/es\/272569\/","title":{"rendered":"A m\u00ed lo que me gusta es contar historias"},"content":{"rendered":"<p>\u00abS\u00ed que he dado un giro de<strong> 180 grados<\/strong>. Me he pasado de los cr\u00edmenes a la comedia rom\u00e1ntica\u00bb, reconoce <a target=\"_blank\" href=\"https:\/\/www.diariodepontevedra.es\/articulo\/cultura\/profundo-da-cronica-negra\/202411190907131330009.html\" rel=\"nofollow noopener\"><strong>Alberto Garc\u00eda Fern\u00e1ndez-Arruty<\/strong><\/a> (Pontevedra, 1993). Lo dice porque \u00e9l es uno de los responsables de la docuserie de true crime Una historia de cr\u00edmenes, de <strong>Prime Video<\/strong>. Al mismo tiempo, hoy, estrena en las salas de cine la primera pel\u00edcula en la que ha estado involucrado, Me has robado el coraz\u00f3n. Suya es la <strong>idea original<\/strong>.\u00a0<\/p>\n<p>\u00abLa verdad es que ha sucedido todo por casualidad y porque a m\u00ed, en definitiva, lo que me gusta es contar historias\u00bb, explica. \u00abUna historia de cr\u00edmenes\u00a0es un proyecto m\u00e1s complejo y <strong>period\u00edstico<\/strong>, que busca generar reflexi\u00f3n en un pa\u00eds democr\u00e1tico, mientras que esta pel\u00edcula lo que busca es pasarlo bien, que la gente disfrute y la termine con una <strong>sonrisa<\/strong>\u00ab.<\/p>\n<p><strong>Chus Guti\u00e9rrez<\/strong> fue la encargada de adaptar la idea de Arruty al guion y posteriormente de dirigir el film. \u00abAunque todo es ficci\u00f3n, los que contamos parte de la realidad\u00bb. Seg\u00fan cuenta, la idea para esta historia se le ocurri\u00f3 a partir de una story\u00a0en la red social Instagram que comparti\u00f3 un amigo. \u00abEra la noticia de un chico que hab\u00eda robado un banco durante su primera cita con su pareja de <strong>Tinder<\/strong>. Me hizo gracia y me qued\u00e9 con la idea en la cabeza de que podr\u00eda ser una buena premisa para una pel\u00edcula. Se me qued\u00f3 ah\u00ed, en la parte de atr\u00e1s del cerebro, funcionando\u00bb. M\u00e1s tarde, como reportero de la<strong> Televisi\u00f3n de Galicia<\/strong>, visit\u00f3 el carnaval de <strong>Ver\u00edn<\/strong> y de<strong> Laza<\/strong>. \u00abPens\u00e9 que si juntaba esas dos cosas pod\u00eda salir algo chulo. Y as\u00ed empez\u00f3 esta historia de un ladr\u00f3n que se escapa y para esconderse huye hacia <strong>Galicia<\/strong> como parte de su plan\u00bb.<\/p>\n<p>Los protagonitas de su historia son <strong>Eric <\/strong>y <strong>Vera<\/strong>. \u00abEric es un chaval cualquiera de 20 y pico a\u00f1os, que hace lo que se supone que tiene que hacer en la vida. Es un chico espabilado y las cosas le van medianamente bien, hasta que se enfrenta a la realidad laboral y se da cuenta de que, en definitiva, va a ser un pringado toda la vida\u00bb, explica. \u00abEntonces llega a un episodio vital en el que se plantea si va a vivir su propia vida o la que los dem\u00e1s quieren que viva\u00bb.\u00a0<\/p>\n<p><strong>\u00d3scar Casas <\/strong>y<strong> Ana Jara<\/strong> dan vida a los dos protagonistas principales de la historia. \u00abCuando nos lleg\u00f3 la prueba de casting, vimos claramente que eran ellos\u00bb. Les acompa\u00f1an Antonio Pagudo, Xurxo Carre\u00f1o, Luc\u00eda Veiga y <strong>Francis Lorenzo<\/strong>.\u00a0<\/p>\n<p><img decoding=\"async\" width=\"1280\" height=\"720\" alt=\"\u00d3scar Casas y Ana Jara en un momento de la pel\u00edcula.\" src=\"https:\/\/www.europesays.com\/es\/wp-content\/uploads\/2025\/12\/2025120419551361459.jpg\" loading=\"lazy\"  \/><br \/>\n\u00d3scar Casas y Ana Jara en un momento de la pel\u00edcula.<\/p>\n<p>\u00abLe tengo que dar las gracias a los productores, a <strong>Mamen Quintas<\/strong> y <strong>Julio Casal<\/strong>, de <strong>Ficci\u00f3n Producciones<\/strong>, y a todo su equipo, porque yo soy novel en este mundo de la ficci\u00f3n, no tengo experiencia, y a\u00fan as\u00ed me involucraron mucho en el proceso\u00bb.<\/p>\n<p>Arruty cuenta que le gustar\u00eda compatibilizar, a partir de ahora, su trabajo como periodista con el de creador de<strong> ficci\u00f3n<\/strong>. \u00abMe gustar\u00eda seguir en la ficci\u00f3n, s\u00ed. Me lo he pasado muy bien. La<strong> investigaci\u00f3n<\/strong> suele ser lenta y te permite masticar los contenidos bien. Pero la ficci\u00f3n te permite explorar otras cosas\u00bb.<\/p>\n<p>Quiz\u00e1s incluso haga m\u00e1s comedia rom\u00e1ntica. \u00c9l se confiesa eso mismo, un <strong>rom\u00e1ntico<\/strong>. \u00abPues mira, esta es mi primera pel\u00edcula y, cuando me confirmaron que sal\u00eda adelante, le ped\u00ed matrimonio a la que era mi novia y ahora es mi mujer. As\u00ed que podemos decir que la historia de amor termina con <strong>boda<\/strong> y todo\u00bb.<\/p>\n<p>Proyecci\u00f3n especial en el Museo de Pontevedra<\/p>\n<p>Ficci\u00f3n Producciones repetir\u00e1 con la pel\u00edcula Me has robado el coraz\u00f3n\u00a0un pase especial en el <strong>Museo de Pontevedra<\/strong>, tal y como hizo en el mes de marzo con otro de sus proyectos, la serie <a href=\"https:\/\/www.diariodepontevedra.es\/articulo\/cultura\/alfombra-roja-punto-nemo-pontevedra\/202503282151431383660.html\" rel=\"nofollow noopener\" target=\"_blank\">Punto Nemo<\/a>.<\/p>\n<p>En este caso, los responsables del film, adem\u00e1s del elenco principal, incluidos \u00d3scar Casas y Ana Jara, <strong>estar\u00e1n en la ciudad<\/strong> el martes 9 de diciembre (19.00 horas).<\/p>\n<p>La <strong>Deputaci\u00f3n Provincial<\/strong> sortea a trav\u00e9s de la red social <strong><a target=\"_blank\" rel=\"nofollow noopener\" href=\"https:\/\/www.instagram.com\/deputacionpontevedra\/\">Instagram<\/a> diez invitaciones dobles <\/strong>para asistir al evento y\u00a0<strong>Diario de Pontevedra <\/strong>sortea otras<strong> cinco dobles<\/strong> en su perfil de <strong>Facebook<\/strong>.<\/p>\n<p>                        <script async src=\"\/\/www.instagram.com\/embed.js\"><\/script><\/p>\n","protected":false},"excerpt":{"rendered":"\u00abS\u00ed que he dado un giro de 180 grados. Me he pasado de los cr\u00edmenes a la comedia&hellip;\n","protected":false},"author":2,"featured_media":272570,"comment_status":"","ping_status":"","sticky":false,"template":"","format":"standard","meta":{"footnotes":""},"categories":[169],"tags":[66797,177,146,147,25,24,176,175,51650,22248,1146,23],"class_list":{"0":"post-272569","1":"post","2":"type-post","3":"status-publish","4":"format-standard","5":"has-post-thumbnail","7":"category-cine","8":"tag-arruty","9":"tag-cine","10":"tag-entertainment","11":"tag-entretenimiento","12":"tag-es","13":"tag-espana","14":"tag-film","15":"tag-movies","16":"tag-museo-de-pontevedra","17":"tag-oscar-casas","18":"tag-pontevedra","19":"tag-spain"},"share_on_mastodon":{"url":"https:\/\/pubeurope.com\/@es\/115667275048982278","error":""},"_links":{"self":[{"href":"https:\/\/www.europesays.com\/es\/wp-json\/wp\/v2\/posts\/272569","targetHints":{"allow":["GET"]}}],"collection":[{"href":"https:\/\/www.europesays.com\/es\/wp-json\/wp\/v2\/posts"}],"about":[{"href":"https:\/\/www.europesays.com\/es\/wp-json\/wp\/v2\/types\/post"}],"author":[{"embeddable":true,"href":"https:\/\/www.europesays.com\/es\/wp-json\/wp\/v2\/users\/2"}],"replies":[{"embeddable":true,"href":"https:\/\/www.europesays.com\/es\/wp-json\/wp\/v2\/comments?post=272569"}],"version-history":[{"count":0,"href":"https:\/\/www.europesays.com\/es\/wp-json\/wp\/v2\/posts\/272569\/revisions"}],"wp:featuredmedia":[{"embeddable":true,"href":"https:\/\/www.europesays.com\/es\/wp-json\/wp\/v2\/media\/272570"}],"wp:attachment":[{"href":"https:\/\/www.europesays.com\/es\/wp-json\/wp\/v2\/media?parent=272569"}],"wp:term":[{"taxonomy":"category","embeddable":true,"href":"https:\/\/www.europesays.com\/es\/wp-json\/wp\/v2\/categories?post=272569"},{"taxonomy":"post_tag","embeddable":true,"href":"https:\/\/www.europesays.com\/es\/wp-json\/wp\/v2\/tags?post=272569"}],"curies":[{"name":"wp","href":"https:\/\/api.w.org\/{rel}","templated":true}]}}