{"id":272577,"date":"2025-12-05T13:52:12","date_gmt":"2025-12-05T13:52:12","guid":{"rendered":"https:\/\/www.europesays.com\/es\/272577\/"},"modified":"2025-12-05T13:52:12","modified_gmt":"2025-12-05T13:52:12","slug":"la-fundacion-canaria-ud-las-palmas-realiza-nuevas-entregas-de-material-deportivo-disafio-ud-las-palmas","status":"publish","type":"post","link":"https:\/\/www.europesays.com\/es\/272577\/","title":{"rendered":"La Fundaci\u00f3n Canaria UD Las Palmas realiza nuevas entregas de material deportivo DiSAF\u00cdO | UD Las Palmas"},"content":{"rendered":"<p data-start=\"675\" data-end=\"976\">Durante esta semana, la Fundaci\u00f3n ha realizado la entrega de material deportivo a varios clubes convenidos, con el prop\u00f3sito de seguir dotando de recursos a las entidades que colaboran activamente en el desarrollo del proyecto y en la integraci\u00f3n social y deportiva de personas con discapacidad. En este caso hablamos del C.D. Zoco Negro-Arinaga, el C.D. Casablanca y la U.D. Artenara\u00a0<\/p>\n<p data-start=\"978\" data-end=\"1282\">Desde la Fundaci\u00f3n agradecemos la presencia y colaboraci\u00f3n de los representantes de los clubes que se acercaron para recoger el material, demostrando una vez m\u00e1s su compromiso con los valores del deporte inclusivo y su implicaci\u00f3n en las acciones conjuntas que promueve la entidad amarilla.<\/p>\n<p data-start=\"1284\" data-end=\"1505\">Esta acci\u00f3n se enmarca dentro del plan de apoyo que la Fundaci\u00f3n mantiene con los clubes convenidos, reforzando su papel como aliados esenciales en la construcci\u00f3n de un deporte m\u00e1s accesible, participativo y solidario.<\/p>\n<p data-start=\"1507\" data-end=\"1735\">El proyecto DiSAF\u00cdO sigue consolid\u00e1ndose como un referente en Canarias en materia de inclusi\u00f3n deportiva, gracias al impulso del Gobierno de Canarias, sin el cual no ser\u00eda posible.\u00a0<\/p>\n","protected":false},"excerpt":{"rendered":"Durante esta semana, la Fundaci\u00f3n ha realizado la entrega de material deportivo a varios clubes convenidos, con el&hellip;\n","protected":false},"author":2,"featured_media":272578,"comment_status":"","ping_status":"","sticky":false,"template":"","format":"standard","meta":{"footnotes":""},"categories":[80],"tags":[82,95,94,25,24,23],"class_list":{"0":"post-272577","1":"post","2":"type-post","3":"status-publish","4":"format-standard","5":"has-post-thumbnail","7":"category-economia","8":"tag-business","9":"tag-economia","10":"tag-economy","11":"tag-es","12":"tag-espana","13":"tag-spain"},"share_on_mastodon":{"url":"https:\/\/pubeurope.com\/@es\/115667294403576620","error":""},"_links":{"self":[{"href":"https:\/\/www.europesays.com\/es\/wp-json\/wp\/v2\/posts\/272577","targetHints":{"allow":["GET"]}}],"collection":[{"href":"https:\/\/www.europesays.com\/es\/wp-json\/wp\/v2\/posts"}],"about":[{"href":"https:\/\/www.europesays.com\/es\/wp-json\/wp\/v2\/types\/post"}],"author":[{"embeddable":true,"href":"https:\/\/www.europesays.com\/es\/wp-json\/wp\/v2\/users\/2"}],"replies":[{"embeddable":true,"href":"https:\/\/www.europesays.com\/es\/wp-json\/wp\/v2\/comments?post=272577"}],"version-history":[{"count":0,"href":"https:\/\/www.europesays.com\/es\/wp-json\/wp\/v2\/posts\/272577\/revisions"}],"wp:featuredmedia":[{"embeddable":true,"href":"https:\/\/www.europesays.com\/es\/wp-json\/wp\/v2\/media\/272578"}],"wp:attachment":[{"href":"https:\/\/www.europesays.com\/es\/wp-json\/wp\/v2\/media?parent=272577"}],"wp:term":[{"taxonomy":"category","embeddable":true,"href":"https:\/\/www.europesays.com\/es\/wp-json\/wp\/v2\/categories?post=272577"},{"taxonomy":"post_tag","embeddable":true,"href":"https:\/\/www.europesays.com\/es\/wp-json\/wp\/v2\/tags?post=272577"}],"curies":[{"name":"wp","href":"https:\/\/api.w.org\/{rel}","templated":true}]}}