{"id":272581,"date":"2025-12-05T13:54:11","date_gmt":"2025-12-05T13:54:11","guid":{"rendered":"https:\/\/www.europesays.com\/es\/272581\/"},"modified":"2025-12-05T13:54:11","modified_gmt":"2025-12-05T13:54:11","slug":"los-mensajes-en-la-manana-de-la-dana-entre-pradas-y-mazon-estoy-en-comunicacion-con-bernabe-lo-que-mas-preocupa-es-barranco-del-poyo-y-rio-magro-cojonudo-contes","status":"publish","type":"post","link":"https:\/\/www.europesays.com\/es\/272581\/","title":{"rendered":"Los mensajes en la ma\u00f1ana de la dana entre Pradas y Maz\u00f3n: \u201cEstoy en comunicaci\u00f3n con Bernab\u00e9. Lo que m\u00e1s preocupa es barranco del Poyo y r\u00edo Magro\u201d. \u201cCojonudo\u201d, contest\u00f3 el \u2018expresident\u2019 | Noticias de la Comunidad Valenciana"},"content":{"rendered":"<p class=\"\">El 29 de octubre de 2024, cuando la dana dej\u00f3 un reguero de 230 muertos en la provincia de Valencia, la entonces consejera de Justicia e Interior de la Generalitat, Salom\u00e9 Pradas, comunic\u00f3 varias veces por WhatsApp desde las 11.32 horas con Carlos Maz\u00f3n. Le report\u00f3 la magnitud de la riada y del riesgo en la infraestructura que desat\u00f3 la cat\u00e1strofe, el barranco del Poyo. El entonces president contest\u00f3 con un \u201ccojonudo\u201d a esta informaci\u00f3n. As\u00ed lo revela el acta notarial presentada por la exdirigente, que es la principal investigada en la causa, en el juzgado de Catarroja (Valencia) que investiga la desgracia y a la que ha tenido acceso EL PA\u00cdS. <\/p>\n<p class=\"\">El cruce de wasaps confirma que Maz\u00f3n conoci\u00f3 a las 13.03 el peligro en el barranco del Poyo, la rambla que desat\u00f3 el caos al desbordarse cuatro horas despu\u00e9s a la altura de municipios como Chiva y Cheste. Y que el entonces president respondi\u00f3 con un \u201ccojonudo\u201d a un texto en la que Pradas le advert\u00eda de la gravedad en esta y otras infraestructuras cr\u00edticas. \u201cEstoy en comunicaci\u00f3n con Pilar Bernab\u00e9 [delegada del Gobierno en Valencia]. Lo que m\u00e1s preocupa ahora es la zona de Ribera Alta, barranco del Poyo y r\u00edo Magro. Acabamos de decretar la alerta hidrol\u00f3gica en municipios de esa zona. Hemos reforzado el 112 [centralita telef\u00f3nica de la Generalitat], tenemos desplazados bomberos forestales, el consorcio [provincial de bomberos] tambi\u00e9n a tope. Tambi\u00e9n vamos a pedir precauci\u00f3n por temporal mar\u00edtimo\u201d, se\u00f1al\u00f3 Pradas a su jefe, que en ese momento manten\u00eda intacta su agenda institucional. <\/p>\n<p class=\"\">Un minuto despu\u00e9s, a las 13.04, Pradas advierte a Maz\u00f3n de otra derivada de la cat\u00e1strofe. \u201cHa habido varios rescates con helic\u00f3ptero y van a reforzar ahora con Consorcio Castell\u00f3n [sic.]\u201d, avisa la exdirigente. Acto seguido, la entonces consejera da a su superior \u201cla buena noticia del d\u00eda\u201d. \u201cTodo parece indicar que ma\u00f1ana firmamos preacuerdo con bomberos forestales\u201d. Maz\u00f3n le responde 29 minutos despu\u00e9s: \u201cBieeeeeennnnnnnn\u201d, dice.<\/p>\n<p class=\"\">Tras abandonar a mediod\u00eda el Centro de Coordinaci\u00f3n de Emergencias de L\u2019Eliana (Valencia), donde acudi\u00f3 con el que entonces era su n\u00famero dos, el exdirector general de Emergencias Emilio Arg\u00fceso, que tambi\u00e9n est\u00e1 investigado en la causa, Pradas informa a Maz\u00f3n de que se desplaza a Carlet, donde la situaci\u00f3n era muy grave. Son las 14.43. \u201cMe voy a Carlet para que se los vea [sic.] con bomberos forestales\u201d, apunta la exmandataria (destituida por el president cuatro semanas despu\u00e9s de las inundaciones). <\/p>\n<p class=\"\">A las 14.11, cuando Maz\u00f3n apuraba su \u00faltimo acto de la ma\u00f1ana \u2014una reuni\u00f3n con l\u00edderes sindicales y empresariales en el Palau de la Generalitat en Valencia\u2014 antes de ir al restaurante El Ventorro, donde almorz\u00f3 durante casi cuatro horas con la periodista Maribel Vilaplana, Pradas reporta a su jefe otro escenario de riesgo. \u201cLa cosa se complica en Utiel\u201d, avisa la exdirigente en referencia a la crecida del r\u00edo Magro. <\/p>\n<p class=\"\">El acta notarial a la que ha tenido acceso EL PA\u00cdS tambi\u00e9n recoge una llamada perdida a trav\u00e9s de la popular aplicaci\u00f3n de mensajer\u00eda entre ambos a las 20.19 y una segunda a esa misma hora de 37 segundos. En ese momento, <a href=\"https:\/\/elpais.com\/espana\/comunidad-valenciana\/2025-12-02\/un-responsable-de-emergencias-dice-a-la-dana-que-guardo-las-imagenes-de-mazon-llegando-al-cecopi-por-precaucion.html\" target=\"_blank\" rel=\"noreferrer nofollow noopener\" title=\"https:\/\/elpais.com\/espana\/comunidad-valenciana\/2025-12-02\/un-responsable-de-emergencias-dice-a-la-dana-que-guardo-las-imagenes-de-mazon-llegando-al-cecopi-por-precaucion.html\">Maz\u00f3n estaba llegando con una comitiva de asesores y escoltas al centro en L\u2019Eliana <\/a>(Valencia) donde se celebr\u00f3 el Cecopi, el \u00f3rgano que coordin\u00f3 la crisis. El president desembarc\u00f3 en este complejo a las 20.28, 17 minutos despu\u00e9s del env\u00edo de la alerta masiva a m\u00f3viles. Una notificaci\u00f3n que se col\u00f3 en los tel\u00e9fonos a las 20.11, cuando, al menos, 156 personas ya hab\u00edan fallecido. Y que, seg\u00fan la magistrada de Catarroja, si se hubiera enviado antes, se habr\u00edan salvado vidas. <\/p>\n<p class=\"\">El acta notarial presentada por Pradas en el juzgado recoge que la primera comunicaci\u00f3n entre ambos es a las 11.32. La exconsejera env\u00eda entonces a Maz\u00f3n un texto con apuntes sobre c\u00f3mo actuar ante la cat\u00e1strofe. La notificaci\u00f3n se titula \u201cDana CV\u201d, pide trasladar un mensaje de tranquilidad, informa de la emergencia en la comarca de La Ribera Alta y de la alerta roja por lluvias en el litoral norte de la provincia de Valencia. <\/p>\n<p class=\"\">La exconsejera reporta al que fuera jefe del Consell un rescate en una residencia de ancianos de Carlet, donde se han inundado dos pabellones. \u201cLa situaci\u00f3n est\u00e1 controlada\u201d, recoge el texto de Pradas, que desvel\u00f3 en el programa de La Sexta Salvados la existencia de estas comunicaciones por WhatsApps con Maz\u00f3n.<\/p>\n<p class=\"\">El acta notarial se suma al documento aportado a la causa en abril por el abogado de Pradas, el exmagistrado de la Audiencia Provincial de Madrid Eduardo de Urbano. La relaci\u00f3n de llamadas confirmaba que la exconsejera trat\u00f3 de localizar en lo peor de la crisis en dos ocasiones a Maz\u00f3n, a las 19.10 y a las 19.36. Y que el entonces president estuvo 37 minutos ilocalizable tras salir de El Ventorro y mientras paseaba por el centro de Valencia con Vilaplana.<\/p>\n<p class=\"\">El presidente de la Generalitat, Juanfran P\u00e9rez Llorca, preguntado por los mensajes de Pradas, ha precisado este viernes que no los hab\u00eda podido ver y as\u00ed es dif\u00edcil valorarlos, pero \u201csiempre he sentido mucho respeto por la investigaci\u00f3n judicial. Hay que dejar trabajar y luego sacar las conclusiones cuando la jueza acabe. Yo fui a declarar al juzgado como testigo y entregu\u00e9 de forma voluntaria los mensajes porque creo que lo importante es que los hechos se esclarezcan\u201d, informa Cristina V\u00e1zquez. <\/p>\n","protected":false},"excerpt":{"rendered":"El 29 de octubre de 2024, cuando la dana dej\u00f3 un reguero de 230 muertos en la provincia&hellip;\n","protected":false},"author":2,"featured_media":272582,"comment_status":"","ping_status":"","sticky":false,"template":"","format":"standard","meta":{"footnotes":""},"categories":[8],"tags":[17,18,2007,242,1681,25,24,13,14,11,4274,19,20,9,10,15,16,55278,23,12,21,22,235],"class_list":{"0":"post-272581","1":"post","2":"type-post","3":"status-publish","4":"format-standard","5":"has-post-thumbnail","7":"category-espana","8":"tag-breaking-news","9":"tag-breakingnews","10":"tag-carlos-mazon","11":"tag-comunidad-valenciana","12":"tag-dana","13":"tag-es","14":"tag-espana","15":"tag-featured-news","16":"tag-featurednews","17":"tag-headlines","18":"tag-inundaciones-dana-octubre-2024","19":"tag-latest-news","20":"tag-latestnews","21":"tag-news","22":"tag-noticias","23":"tag-noticias-destacadas","24":"tag-noticiasdestacadas","25":"tag-salome-pradas","26":"tag-spain","27":"tag-titulares","28":"tag-ultimas-noticias","29":"tag-ultimasnoticias","30":"tag-valencia"},"share_on_mastodon":{"url":"","error":"Validation failed: Text character limit of 500 exceeded"},"_links":{"self":[{"href":"https:\/\/www.europesays.com\/es\/wp-json\/wp\/v2\/posts\/272581","targetHints":{"allow":["GET"]}}],"collection":[{"href":"https:\/\/www.europesays.com\/es\/wp-json\/wp\/v2\/posts"}],"about":[{"href":"https:\/\/www.europesays.com\/es\/wp-json\/wp\/v2\/types\/post"}],"author":[{"embeddable":true,"href":"https:\/\/www.europesays.com\/es\/wp-json\/wp\/v2\/users\/2"}],"replies":[{"embeddable":true,"href":"https:\/\/www.europesays.com\/es\/wp-json\/wp\/v2\/comments?post=272581"}],"version-history":[{"count":0,"href":"https:\/\/www.europesays.com\/es\/wp-json\/wp\/v2\/posts\/272581\/revisions"}],"wp:featuredmedia":[{"embeddable":true,"href":"https:\/\/www.europesays.com\/es\/wp-json\/wp\/v2\/media\/272582"}],"wp:attachment":[{"href":"https:\/\/www.europesays.com\/es\/wp-json\/wp\/v2\/media?parent=272581"}],"wp:term":[{"taxonomy":"category","embeddable":true,"href":"https:\/\/www.europesays.com\/es\/wp-json\/wp\/v2\/categories?post=272581"},{"taxonomy":"post_tag","embeddable":true,"href":"https:\/\/www.europesays.com\/es\/wp-json\/wp\/v2\/tags?post=272581"}],"curies":[{"name":"wp","href":"https:\/\/api.w.org\/{rel}","templated":true}]}}