{"id":272584,"date":"2025-12-05T14:00:29","date_gmt":"2025-12-05T14:00:29","guid":{"rendered":"https:\/\/www.europesays.com\/es\/272584\/"},"modified":"2025-12-05T14:00:29","modified_gmt":"2025-12-05T14:00:29","slug":"carlos-alcaraz-y-sinner-presentan-su-primer-duelo-de-2026","status":"publish","type":"post","link":"https:\/\/www.europesays.com\/es\/272584\/","title":{"rendered":"Carlos Alcaraz y Sinner presentan su primer duelo de 2026"},"content":{"rendered":"<p>El espa\u00f1ol y el italiano han comparecido juntos con motivo de la exhibici\u00f3n que disputar\u00e1n en tierras asi\u00e1ticas para inaugurar el nuevo a\u00f1o. Han vuelto a lanzarse elogios y prometen m\u00e1s espect\u00e1culo<\/p>\n<p class=\"parrafo\">Han cerrado 2025 con una rivalidad m\u00e1xima y<strong> piensan abrir 2026 de la misma manera. <\/strong>Y para ir calentando motores de cara al primer Grand Slam de la temporada han decidido participar en una exhibici\u00f3n en Corea del Sur que tendr\u00e1 lugar el pr\u00f3ximo 10 de enero.<\/p>\n<p class=\"parrafo\">Esta cita servir\u00e1 como <strong>examen final de la pretemporada antes de un Open de Australia <\/strong>que llegar\u00e1 ocho d\u00edas despu\u00e9s. Y para ir generando expectaci\u00f3n en tierras asi\u00e1ticas, el tenista espa\u00f1ol y el italiano han comparecido juntos en una entrevista para Tennis Korea.<\/p>\n<p class=\"parrafo\"><strong>\u00abEste partido es una gran oportunidad no solo para m\u00ed, sino tambi\u00e9n para Carlos. <\/strong>El simple hecho de poder jugar frente a la afici\u00f3n coreana al tenis es incre\u00edblemente especial. Otra gran raz\u00f3n es que puedo recuperar mi ritmo al menos una vez antes del Abierto de Australia. Recuperar el ritmo y la sensaci\u00f3n del juego en la cancha me ayuda much\u00edsimo en mi preparaci\u00f3n para la temporada. Teniendo en cuenta todos estos factores, acept\u00e9 con gusto esta invitaci\u00f3n\u00bb, ha subrayado el transalpino.<\/p>\n<p><a class=\"elementos-rel-t2\" href=\"https:\/\/www.estadiodeportivo.com\/tenis\/gran-diferencia-entre-carlos-alcaraz-sinner-desde-punto-vista-mas-tecnico-20251128-521900.html\" title=\"La gran diferencia entre Carlos Alcaraz y Sinner, desde el punto de vista m\u00e1s t\u00e9cnico\" rel=\"nofollow noopener\" target=\"_blank\"><\/p>\n<p class=\"titular titulo-4\">La gran diferencia entre Carlos Alcaraz y Sinner, desde el punto de vista m\u00e1s t\u00e9cnico<\/p>\n<p><img decoding=\"async\" src=\"https:\/\/www.europesays.com\/es\/wp-content\/uploads\/2025\/12\/ed335694-f294-41ed-978c-2300fad7a6e2_320x180.jpeg\" alt=\"La gran diferencia entre Carlos Alcaraz y Sinner, desde el punto de vista m\u00e1s t\u00e9cnico\"\/><\/a><a class=\"elementos-rel-t2\" href=\"https:\/\/www.estadiodeportivo.com\/tenis\/carlos-alcaraz-tiene-claro-todo-por-australia-20251202-522399.html\" title=\"Carlos Alcaraz lo tiene claro: todo por Australia\" rel=\"nofollow noopener\" target=\"_blank\"><\/p>\n<p class=\"titular titulo-4\">Carlos Alcaraz lo tiene claro: todo por Australia<\/p>\n<p><img decoding=\"async\" src=\"https:\/\/www.europesays.com\/es\/wp-content\/uploads\/2025\/12\/8c5d16e0-9a58-4347-bbee-b265a379819c_320x180.jpeg\" alt=\"Carlos Alcaraz lo tiene claro: todo por Australia\"\/><\/a><\/p>\n<p class=\"parrafo\">Sobre el nivel con el que llegan ambos, muy cercas en el r\u00e1nking, ha hablado el espa\u00f1ol y se muestra feliz de que exista dicha rivalidad entre ellos: \u00abEsta comparaci\u00f3n es un verdadero honor para m\u00ed como jugador. Creo que significa mucho que los aficionados al tenis sientan lo mismo al ver nuestros partidos. Las rivalidades en el deporte son un elemento poderoso que alimenta el inter\u00e9s de los aficionados, y yo tambi\u00e9n <strong>me sent\u00ed muy inspirado por la rivalidad entre Rafa Nadal y Roger Federer <\/strong>durante mi infancia. Jannik yo ya nos hemos enfrentado en muchos grandes escenarios y hemos disputado partidos intensos. Nos hemos enfrentado en varias finales de Grand Slam, y creo que nos fortalecemos mutuamente. Con una larga carrera por delante, espero que podamos continuar con esta rivalidad positiva que nos ayudar\u00e1 a crecer juntos\u00bb.<\/p>\n<p class=\"parrafo\">Mientras tanto, Sinner tambi\u00e9n acepta con agrado esta competencia tan fuerte: <strong>\u00abLas rivalidades son una parte fundamental de nuestro deporte. <\/strong>En su \u00e9poca, exist\u00edan grandes rivalidades entre Roger Federer, Rafa Nadal, Novak Djokovic y Andy Murray, y esa tendencia se ha mantenido durante generaciones. Las rivalidades siempre han existido a lo largo de la historia del tenis, y creo que nosotros jugamos un papel fundamental en el atractivo de nuestro deporte. Por eso, me alegra saber que estoy desarrollando ese tipo de relaci\u00f3n con Carlos. Las rivalidades tienen un significado especial tanto para los aficionados como para los jugadores. Estos elementos hacen que el tenis sea m\u00e1s emocionante, y me alegra formar parte de ello\u00bb.<\/p>\n<p><img decoding=\"async\" src=\"https:\/\/www.europesays.com\/es\/wp-content\/uploads\/2025\/12\/b58d230d-6d2e-4415-8e63-10c336a19479_800x533.jpeg\" loading=\"lazy\"\/><\/p>\n<p class=\"parrafo\">A d\u00eda de hoy, ninguno puede decir que le tiene tomada la medida al otro. Y las victorias en 2025 han ido dependiendo de la superficie y del estado f\u00edsico en el que han llegado ambos protagonistas: <strong>\u00abJannik y yo hemos estado en el circuito desde j\u00f3venes y conocemos el juego del otro a la perfecci\u00f3n<\/strong>. No hay casi nada que ocultar en la cancha. Jannik es un jugador pr\u00e1cticamente sin debilidades. Es potente en ataque y su defensa es incre\u00edblemente r\u00e1pida y estable. Domin\u00f3 por completo la temporada 2025, ganando dos Grand Slams, las ATP Finals y manteni\u00e9ndose en la contienda por el n\u00famero 1 del mundo hasta el final. Jugar bien contra \u00e9l no es suficiente. Hay que mantener la concentraci\u00f3n durante todo el partido y no hay lugar para la complacencia. Es un jugador al que hay que dar el 100% desde el primer punto hasta el \u00faltimo para tener opciones de ganar\u00bb.<\/p>\n<p class=\"parrafo\">Por \u00faltimo, el de San C\u00e1ndido ha dejado claro que jugar contra Alcaraz siempre conlleva una motivaci\u00f3n especial: \u00abEs uno de los mejores jugadores del circuito actual, quiz\u00e1s incluso el mejor. Jugar contra \u00e9l siempre es un reto, pero tambi\u00e9n es muy divertido. <strong>Cada partido tiene una historia y un ritmo completamente diferentes<\/strong>, lo que lo hace a\u00fan m\u00e1s emocionante. Es incre\u00edblemente r\u00e1pido, por lo que es dif\u00edcil superarlo en cualquier punto de la cancha\u00bb.<\/p>\n<p>Las vacaciones de Sinner ya se han terminado<\/p>\n<p class=\"parrafo\">El italiano Jannik Sinner ya ha dado por concluidas sus vacaciones de invierno. El tenista transalpino ha disfrutado de dos semanas de descanso tras conquistar las ATP Finals por segunda vez y se encuentra raqueta en mano con la mirada puesta en el Open de Australia. Por el momento, se encuentra en Dubai, donde se le ha visto entrenando con el posible nuevo modelo de su raqueta Head.<\/p>\n","protected":false},"excerpt":{"rendered":"El espa\u00f1ol y el italiano han comparecido juntos con motivo de la exhibici\u00f3n que disputar\u00e1n en tierras asi\u00e1ticas&hellip;\n","protected":false},"author":2,"featured_media":272585,"comment_status":"","ping_status":"","sticky":false,"template":"","format":"standard","meta":{"footnotes":""},"categories":[274],"tags":[545,168,25,24,284,4466,23,167,327,326],"class_list":{"0":"post-272584","1":"post","2":"type-post","3":"status-publish","4":"format-standard","5":"has-post-thumbnail","7":"category-tenis","8":"tag-carlos-alcaraz","9":"tag-deportes","10":"tag-es","11":"tag-espana","12":"tag-estadio-deportivo","13":"tag-sinner","14":"tag-spain","15":"tag-sports","16":"tag-tenis","17":"tag-tennis"},"share_on_mastodon":{"url":"https:\/\/pubeurope.com\/@es\/115667326749034202","error":""},"_links":{"self":[{"href":"https:\/\/www.europesays.com\/es\/wp-json\/wp\/v2\/posts\/272584","targetHints":{"allow":["GET"]}}],"collection":[{"href":"https:\/\/www.europesays.com\/es\/wp-json\/wp\/v2\/posts"}],"about":[{"href":"https:\/\/www.europesays.com\/es\/wp-json\/wp\/v2\/types\/post"}],"author":[{"embeddable":true,"href":"https:\/\/www.europesays.com\/es\/wp-json\/wp\/v2\/users\/2"}],"replies":[{"embeddable":true,"href":"https:\/\/www.europesays.com\/es\/wp-json\/wp\/v2\/comments?post=272584"}],"version-history":[{"count":0,"href":"https:\/\/www.europesays.com\/es\/wp-json\/wp\/v2\/posts\/272584\/revisions"}],"wp:featuredmedia":[{"embeddable":true,"href":"https:\/\/www.europesays.com\/es\/wp-json\/wp\/v2\/media\/272585"}],"wp:attachment":[{"href":"https:\/\/www.europesays.com\/es\/wp-json\/wp\/v2\/media?parent=272584"}],"wp:term":[{"taxonomy":"category","embeddable":true,"href":"https:\/\/www.europesays.com\/es\/wp-json\/wp\/v2\/categories?post=272584"},{"taxonomy":"post_tag","embeddable":true,"href":"https:\/\/www.europesays.com\/es\/wp-json\/wp\/v2\/tags?post=272584"}],"curies":[{"name":"wp","href":"https:\/\/api.w.org\/{rel}","templated":true}]}}