{"id":272588,"date":"2025-12-05T14:03:24","date_gmt":"2025-12-05T14:03:24","guid":{"rendered":"https:\/\/www.europesays.com\/es\/272588\/"},"modified":"2025-12-05T14:03:24","modified_gmt":"2025-12-05T14:03:24","slug":"mads-sturup-pivot-del-inveready-gipuzkoa-basket-larsen-es-como-un-mini-jokic-muy-completo-y-dominante-en-la-liga","status":"publish","type":"post","link":"https:\/\/www.europesays.com\/es\/272588\/","title":{"rendered":"Mads St\u00fcrup, P\u00edvot del Inveready Gipuzkoa Basket: \u00abLarsen es como un mini Jokic, muy completo y dominante en la liga\u00bb"},"content":{"rendered":"<p>Mads St\u00fcrup atiende desde Dinamarca la llamada de este peri\u00f3dico donde se est\u00e1 recuperando de la lesi\u00f3n de ligamento cruzado en la rodilla derecha que  &#8230; se produjo con su selecci\u00f3n antes de comenzar la pretemporada. A pesar caer lesionado, GBC opt\u00f3 por ofrecerle la renovaci\u00f3n algo que \u00abagradece inmensamente\u00bb y le da fuerza \u00abpara trabajar y volver cuanto antes\u00bb. St\u00fcrup radiograf\u00eda a su compa\u00f1ero en la selecci\u00f3n Kevin Larsen, que hoy visita el Amenabar Arena con el Alicante. <\/p>\n<p class=\"v-p\"><strong>\u2013 \u00bfEn qu\u00e9 punto se encuentra de su recuperaci\u00f3n?<\/strong><\/p>\n<p class=\"v-p\">\u2013 Cumplo tres meses desde la operaci\u00f3n y ya hago una vida m\u00e1s normal pese a que todav\u00eda camino con muletas. Estoy bien. <\/p>\n<p class=\"v-p\"><strong>\u2013 \u00bfHab\u00eda tenido alguna lesi\u00f3n de este tipo?<\/strong><\/p>\n<p class=\"v-p\">\u2013 Nunca. El a\u00f1o pasado se me sali\u00f3 el hombro en un partido en Sevilla y fue la primera vez en mi carrera que me perd\u00ed un partido por lesi\u00f3n. Ahora lo llevo bien. Tengo mi rutina con el f\u00edsio de la selecci\u00f3n y estoy hablando siempre con el club que tambi\u00e9n sigue mi recuperaci\u00f3n de cerca. Adem\u00e1s estoy en Dinamarca con mi familia a los que no suele ver en estos meses.<\/p>\n<p class=\"v-p\"><strong>\u2013 Se suele decir que en estos casos no hay que correr, no hay que poner una fecha de regreso, primas las sensaciones.<\/strong><\/p>\n<p class=\"v-p\">\u2013 S\u00ed, s\u00ed, cien por cien. Voy viendo los pasos peque\u00f1os todo el rato: a ver si puedo subir escaleras, a ver si puedo hacer este ejercicio que la semana pasada no pod\u00eda hacer&#8230; No miro a largo plazo. Estoy contento por las cosas que puedo hacer. Un golpe as\u00ed no lo he tenido nunca y pasan muchas cosas por la cabeza. Solo puedo estar agradecido por la gente que me ha apoyado, los que estaban ah\u00ed dispuestos para ayudarme desde el primer d\u00eda, y tambi\u00e9n por el club por c\u00f3mo se han aportado conmigo. Hablamos m\u00e1s o menos una vez a la semana y luego hablo con los compa\u00f1eros de c\u00f3mo va el equipo y voy viendo los partidos.<\/p>\n<p>\nVisi\u00f3n del equipo\n<\/p>\n<p>\u00abHace tres semanas estuve en San Sebasti\u00e1n y vi al equipo entrenarse muy bien. Conf\u00edo en ellos\u00bb<\/p>\n<p class=\"v-p\"><strong>\u2013 \u00bfY c\u00f3mo lo est\u00e1 viendo?<\/strong><\/p>\n<p class=\"v-p\">\u2013 El calendario ha sido muy duro. Estuve una semana en San Sebasti\u00e1n hace ahora tres semanas y vi al equipo entrenar muy bien. Me gusta c\u00f3mo entrenan, me gusta que siguen peleando y conf\u00edo en que puede acabar muy bien el a\u00f1o.<\/p>\n<p class=\"v-p\"><strong>\u2013 Hable de Kevin Larsen, visitante hoy con el Alicante y compa\u00f1ero de selecci\u00f3n.<\/strong><\/p>\n<p class=\"v-p\">\u2013 He estado con \u00e9l esta semana y le he dicho que no se presente al partido (r\u00ede). Viene de hacer m\u00e1s de 40 de valoraci\u00f3n contra Cantabria. Este a\u00f1o ha dado un paso adelante. Es espectacular<\/p>\n<p class=\"v-p\"><strong>\u2013 Da la impresi\u00f3n de ser muy completo porque castiga tanto por dentro como por fuera.<\/strong><\/p>\n<p class=\"v-p\">\u2013 Es muy completo, muy dominante. El equipo crece con \u00e9l. Salvando las distancias es un &#8216;mini Jokic&#8217; de la Liga. Hace muchas cosas bien en el campo.<\/p>\n<p class=\"v-p\"><strong>\u2013 \u00bfYa le ha dicho a los p\u00edvots c\u00f3mo defenderle?<\/strong><\/p>\n<p class=\"v-p\">\u2013 No hace falta. Los tres interiores (Ngom, Nicolau y Korsantia) pueden defenderle bien. Eso s\u00ed, con un jugador tan dominante no se puede reducir todo a un solo defensor, es m\u00e1s trabajo de todo el equipo. Larsen dificulta la recepci\u00f3n del bal\u00f3n y es dif\u00edcil atacarle, pero estoy seguro de que los nuestros est\u00e1n trazando un plan para defenderle bien. Tenemos buenos pivots.<\/p>\n","protected":false},"excerpt":{"rendered":"Mads St\u00fcrup atiende desde Dinamarca la llamada de este peri\u00f3dico donde se est\u00e1 recuperando de la lesi\u00f3n de&hellip;\n","protected":false},"author":2,"featured_media":272589,"comment_status":"","ping_status":"","sticky":false,"template":"","format":"standard","meta":{"footnotes":""},"categories":[269],"tags":[299,298,4399,168,49579,25,24,7901,11905,1044,66800,23,167],"class_list":{"0":"post-272588","1":"post","2":"type-post","3":"status-publish","4":"format-standard","5":"has-post-thumbnail","7":"category-baloncesto","8":"tag-baloncesto","9":"tag-basketball","10":"tag-completo","11":"tag-deportes","12":"tag-dominante","13":"tag-es","14":"tag-espana","15":"tag-jokic","16":"tag-larsen","17":"tag-liga","18":"tag-mini","19":"tag-spain","20":"tag-sports"},"share_on_mastodon":{"url":"https:\/\/pubeurope.com\/@es\/115667337601336943","error":""},"_links":{"self":[{"href":"https:\/\/www.europesays.com\/es\/wp-json\/wp\/v2\/posts\/272588","targetHints":{"allow":["GET"]}}],"collection":[{"href":"https:\/\/www.europesays.com\/es\/wp-json\/wp\/v2\/posts"}],"about":[{"href":"https:\/\/www.europesays.com\/es\/wp-json\/wp\/v2\/types\/post"}],"author":[{"embeddable":true,"href":"https:\/\/www.europesays.com\/es\/wp-json\/wp\/v2\/users\/2"}],"replies":[{"embeddable":true,"href":"https:\/\/www.europesays.com\/es\/wp-json\/wp\/v2\/comments?post=272588"}],"version-history":[{"count":0,"href":"https:\/\/www.europesays.com\/es\/wp-json\/wp\/v2\/posts\/272588\/revisions"}],"wp:featuredmedia":[{"embeddable":true,"href":"https:\/\/www.europesays.com\/es\/wp-json\/wp\/v2\/media\/272589"}],"wp:attachment":[{"href":"https:\/\/www.europesays.com\/es\/wp-json\/wp\/v2\/media?parent=272588"}],"wp:term":[{"taxonomy":"category","embeddable":true,"href":"https:\/\/www.europesays.com\/es\/wp-json\/wp\/v2\/categories?post=272588"},{"taxonomy":"post_tag","embeddable":true,"href":"https:\/\/www.europesays.com\/es\/wp-json\/wp\/v2\/tags?post=272588"}],"curies":[{"name":"wp","href":"https:\/\/api.w.org\/{rel}","templated":true}]}}