{"id":272592,"date":"2025-12-05T14:05:12","date_gmt":"2025-12-05T14:05:12","guid":{"rendered":"https:\/\/www.europesays.com\/es\/272592\/"},"modified":"2025-12-05T14:05:12","modified_gmt":"2025-12-05T14:05:12","slug":"el-inesperado-y-tenso-encuentro-entre-marta-riesco-y-rocio-flores-en-una-fiesta-navidena","status":"publish","type":"post","link":"https:\/\/www.europesays.com\/es\/272592\/","title":{"rendered":"El inesperado y tenso encuentro entre Marta Riesco y Roc\u00edo Flores en una fiesta navide\u00f1a"},"content":{"rendered":"<p>Que la relaci\u00f3n de <a href=\"https:\/\/okdiario.com\/look\/actualidad\/marta-riesco-gana-juicio-productora-ahora-paga-sueldo-2304508\" rel=\"nofollow noopener\" target=\"_blank\"><strong>Marta Riesco<\/strong> <\/a>y <a href=\"https:\/\/okdiario.com\/look\/actualidad\/rocio-flores-gana-batalla-oscar-cornejo-adrian-madrid-multa-carcel-2437149\" rel=\"nofollow noopener\" target=\"_blank\"><strong>Roc\u00edo Flores<\/strong> <\/a>lleva a\u00f1os marcada por la <strong>tensi\u00f3n<\/strong> y el distanciamiento no es ning\u00fan secreto. Su guerra medi\u00e1tica ha sido una de las m\u00e1s comentadas de los \u00faltimos tiempos y su conflicto parec\u00eda imposible de cerrar. Sin embargo, dejando sorprendidos a propios y extra\u00f1os, el pasado jueves, <strong>4 de diciembre<\/strong>, ambas han coincidido en un mismo evento: en la <strong>fiesta de Navidad<\/strong> de uno de los peri\u00f3dicos m\u00e1s conocidos de nuestro pa\u00eds.<\/p>\n<p>La cita acogi\u00f3 a m\u00e1s de<strong> 500 invitados<\/strong>, entre los que se encontraba una larga lista de rostros conocidos de nuestro pa\u00eds de diferentes \u00e1mbitos: desde pol\u00edticos hasta empresarios, modelos y televisivos. De este \u00faltimo gremio, Roc\u00edo Flores y Gloria Camila fueron de las primeras en llegar, aunque ninguna se imaginaba que minutos m\u00e1s tarde har\u00eda su aparici\u00f3n Marta Riesco. Esta \u00faltima<strong> no dud\u00f3 en atender a los medios de comunicaci\u00f3n<\/strong>, los cuales, como no pod\u00eda ser de otra manera, le preguntaron sobre este inesperado encuentro con la hija del que un d\u00eda lleg\u00f3 a ser el hombre de su vida (Antonio David Flores).<\/p>\n<blockquote class=\"instagram-media\" style=\"background: #FFF; border: 0; border-radius: 3px; box-shadow: 0 0 1px 0 rgba(0,0,0,0.5),0 1px 10px 0 rgba(0,0,0,0.15); margin: 1px; max-width: 540px; min-width: 326px; padding: 0; width: calc(100% - 2px);\" data-instgrm-captioned=\"\" data-instgrm-permalink=\"https:\/\/www.instagram.com\/reel\/DR2lN_ajIOO\/?utm_source=ig_embed&amp;utm_campaign=loading\" data-instgrm-version=\"14\">\n<\/blockquote>\n<p>Marta Riesco habl\u00f3 sin tapujos sobre Roc\u00edo Flores<\/p>\n<p><strong>\u00abEsto ten\u00eda que pasar.<\/strong> Se ha venido a vivir a Madrid, as\u00ed que genial. [\u2026] Me he dado cuenta de que estaba aqu\u00ed cuando he llegado, pero me importa 0, claro\u00bb, comenzaba a decir. A\u00f1ad\u00eda que a d\u00eda de hoy, \u00abella estaba en otra vida y en otro rollo\u00bb y que Roc\u00edo le era completamente indiferente. <strong>\u00abLlevaba sin verla a\u00f1os.<\/strong> Pero cuando la he visto he pensado; qu\u00e9 bien estoy, qu\u00e9 feliz estoy y qu\u00e9 bien que la vida cambie. Y ya est\u00e1\u00bb, sentenciaba.<\/p>\n<p>\n<img decoding=\"async\" loading=\"lazy\" class=\"size-medium wp-image-2442866\" alt=\"Roc\u00edo Flores, Marta Riesco\" width=\"620\" height=\"349\"  src=\"https:\/\/www.europesays.com\/es\/wp-content\/uploads\/2025\/10\/placeholder.jpg\"  bad-src=\"https:\/\/www.europesays.com\/es\/wp-content\/uploads\/2025\/10\/placeholder.jpg\"\/><\/p>\n<p><img decoding=\"async\" loading=\"lazy\" class=\"size-medium wp-image-2442866\" src=\"https:\/\/www.europesays.com\/es\/wp-content\/uploads\/2025\/12\/riesco-2-620x349.jpg\" alt=\"Roc\u00edo Flores, Marta Riesco\" width=\"620\" height=\"349\"  \/><\/p>\n<p> Marta Riesco en la fiesta de Navidad de La Raz\u00f3n. (Foto: Gtres)\n<\/p>\n<p>Sobre c\u00f3mo iban a actuar dentro de la fiesta, Marta comentaba que no se iba a tomar una copa con ella como podr\u00eda hacerlo con Gloria Camila (con la que mantiene una buena relaci\u00f3n), pero aun as\u00ed, destacaba que no ten\u00eda ning\u00fan problema en saludarla. \u00abLa suerte de despu\u00e9s de la terapia y despu\u00e9s de tantas cosas es que <strong>me da exactamente igual todo lo que pase con respecto a ella<\/strong> [\u2026] Yo tengo todo olvidado, no tengo problemas. Reconciliaci\u00f3n tampoco, sabes. No hay nada tampoco que reconciliar, pero yo estoy con un chico estupendo, tengo un trabajo ideal, y no es compatible ya la reconciliaci\u00f3n. Pero, \u00bfqu\u00e9 si he olvidado? He olvidado seguro [\u2026]<strong> Lo que ocurri\u00f3 ocurre en muchos sitios y en muchas familias<\/strong>, y el rencor que ten\u00eda pues se me ha ido por suerte. Despu\u00e9s de a\u00f1os de terapia\u00bb, conclu\u00eda.<\/p>\n<p>La reacci\u00f3n de Roc\u00edo Flores<\/p>\n<p>Por su parte, Roc\u00edo Flores no mencion\u00f3 en ning\u00fan momento a Marta Riesco en sus declaraciones a la prensa, limit\u00e1ndose a decir que la Navidad era una de sus \u00e9pocas favoritas del a\u00f1o y que las pasar\u00e1 en familia.\u00a0 Adem\u00e1s, destacaba que hac\u00eda un balance muy positivo del 2025 y que estaba contenta porque<strong> \u00abcierra el a\u00f1o muy bien\u00bb.<\/strong><\/p>\n<p>\n<img decoding=\"async\" loading=\"lazy\" class=\"size-medium wp-image-2442870\" alt=\"Roc\u00edo Flores, Marta Riesco\" width=\"620\" height=\"413\"  src=\"https:\/\/www.europesays.com\/es\/wp-content\/uploads\/2025\/10\/placeholder.jpg\"  bad-src=\"https:\/\/www.europesays.com\/es\/wp-content\/uploads\/2025\/10\/placeholder.jpg\"\/><\/p>\n<p><img decoding=\"async\" loading=\"lazy\" class=\"size-medium wp-image-2442870\" src=\"https:\/\/www.europesays.com\/es\/wp-content\/uploads\/2025\/12\/flores-620x413.jpg\" alt=\"Roc\u00edo Flores, Marta Riesco\" width=\"620\" height=\"413\"  \/><\/p>\n<p> Roc\u00edo Flores en la fiesta de Navidad de La Raz\u00f3n. (Foto: Gtres)\n<\/p>\n<p>No obstante, a pesar de que prefiri\u00f3 no hacer referencia a la ex pareja de su padre, lo cierto es que varios medios aseguran que cuando vio llegar a Marta, Roc\u00edo se mostr\u00f3 <strong>visiblemente inc\u00f3moda<\/strong> y <strong>decidi\u00f3 esquivarla<\/strong> caminando en sentido contrario al lugar en el que la periodista posaba con su mejor sonrisa junto a su novio, Alejandro Caraza.<\/p>\n<p>\t\t\t\t\t\t\t<script async src=\"\/\/www.instagram.com\/embed.js\"><\/script><\/p>\n","protected":false},"excerpt":{"rendered":"Que la relaci\u00f3n de Marta Riesco y Roc\u00edo Flores lleva a\u00f1os marcada por la tensi\u00f3n y el distanciamiento&hellip;\n","protected":false},"author":2,"featured_media":272593,"comment_status":"","ping_status":"","sticky":false,"template":"","format":"standard","meta":{"footnotes":""},"categories":[174],"tags":[255,146,147,25,24,256,27816,23],"class_list":{"0":"post-272592","1":"post","2":"type-post","3":"status-publish","4":"format-standard","5":"has-post-thumbnail","7":"category-famosos","8":"tag-celebrities","9":"tag-entertainment","10":"tag-entretenimiento","11":"tag-es","12":"tag-espana","13":"tag-famosos","14":"tag-rocio-flores","15":"tag-spain"},"share_on_mastodon":{"url":"https:\/\/pubeurope.com\/@es\/115667345759317424","error":""},"_links":{"self":[{"href":"https:\/\/www.europesays.com\/es\/wp-json\/wp\/v2\/posts\/272592","targetHints":{"allow":["GET"]}}],"collection":[{"href":"https:\/\/www.europesays.com\/es\/wp-json\/wp\/v2\/posts"}],"about":[{"href":"https:\/\/www.europesays.com\/es\/wp-json\/wp\/v2\/types\/post"}],"author":[{"embeddable":true,"href":"https:\/\/www.europesays.com\/es\/wp-json\/wp\/v2\/users\/2"}],"replies":[{"embeddable":true,"href":"https:\/\/www.europesays.com\/es\/wp-json\/wp\/v2\/comments?post=272592"}],"version-history":[{"count":0,"href":"https:\/\/www.europesays.com\/es\/wp-json\/wp\/v2\/posts\/272592\/revisions"}],"wp:featuredmedia":[{"embeddable":true,"href":"https:\/\/www.europesays.com\/es\/wp-json\/wp\/v2\/media\/272593"}],"wp:attachment":[{"href":"https:\/\/www.europesays.com\/es\/wp-json\/wp\/v2\/media?parent=272592"}],"wp:term":[{"taxonomy":"category","embeddable":true,"href":"https:\/\/www.europesays.com\/es\/wp-json\/wp\/v2\/categories?post=272592"},{"taxonomy":"post_tag","embeddable":true,"href":"https:\/\/www.europesays.com\/es\/wp-json\/wp\/v2\/tags?post=272592"}],"curies":[{"name":"wp","href":"https:\/\/api.w.org\/{rel}","templated":true}]}}