{"id":272594,"date":"2025-12-05T14:08:08","date_gmt":"2025-12-05T14:08:08","guid":{"rendered":"https:\/\/www.europesays.com\/es\/272594\/"},"modified":"2025-12-05T14:08:08","modified_gmt":"2025-12-05T14:08:08","slug":"la-miniserie-top-1-de-netflix-confirma-su-tercera-temporada-ya-tiene-fecha-de-estreno-y-es-perfecta-para-ver-en-una-tarde-mundo-deportivo","status":"publish","type":"post","link":"https:\/\/www.europesays.com\/es\/272594\/","title":{"rendered":"La miniserie Top 1 de Netflix confirma su tercera temporada: ya tiene fecha de estreno y es perfecta para ver en una tarde &#8211; Mundo Deportivo"},"content":{"rendered":"<ol>\n<li><a href=\"https:\/\/news.google.com\/rss\/articles\/CBMi_wFBVV95cUxPRG82WU9JY25GQ1dFSDdvNUhXUTFkbFJHRnVGRnBCTEROX0M1b3ZmUG9VOS0yZzNVNmZQZHQ3cmhxSmpwRVcyRjZYbm05X251VHpoRG0yX1JqMzFoS3M1d3FlSVNsb2dHS084V2pteTZCYnY3U3V2Z1FhRjVhdkt5cUhCTlBqLUdCNE14VGlNeGNGYTd4b0RLcDZ4aFcyRVgyYnVsdm5oYm5GWEhnZVJHNkk5bHhDZWpfSWdZeWdFanJ2bENrd0V0UTlndU9FblVnRTFkZEc3OVpDZDFVal95eTI0VUpJc2hBbDl5OHdtNFFOV24yOGQyVzRnZTg4VU3SAYwCQVVfeXFMTWtHcWZqdmtsUEZLMEZWTjRXb2x6cHA5TDVVYzFDTklyZ2hfY29uUXlnZmNFYWxKNTlMWTFzdUg5SWNTVXhTZUxiYlgtYXdrNkdPWDFaZnY4MVM1dXRXSmVDZ1lhdlgtVXRFd2hYekF1T3NVM3lERlBYemRreEtsc2NoZkhpcHVLNDVGZnViQ2JGaXFNaEV6a0czd3VWUDJ4NkM4WjBGSDk1OVUyemt6VkNZMmhGeEMycWRPVXlfN3NLU1E0OHg2NTMwRVBkTEJScnl0WFFyQnBXNHg4R2o2OTAtdlMycGo4TWo1NkZkT1BoVDNYdUZtZ2tyMC1lOVlHd1VVeFNnNy1MOUdaSg?oc=5\" target=\"_blank\" rel=\"nofollow noopener\">La miniserie Top 1 de Netflix confirma su tercera temporada: ya tiene fecha de estreno y es perfecta para ver en una tarde<\/a>&nbsp;&nbsp;Mundo Deportivo<\/li>\n<li><a href=\"https:\/\/news.google.com\/rss\/articles\/CBMi5gFBVV95cUxPd2hFWGtpbUhLN1JQbjVmazNHbWkzYi1UdXp2XzN5LVZaZHNwWi15TUs2SFlvUUNrQmp5ekU3MzRxemJjci1ESmM4ZGw5YVQzekEtV1c4dWRnUlk4LW5teVQweC1Eb1BrVDdYeXd3MEIteEtEalZnNGFoeXlyQlRjTC1kVWpVcHpjcW8zOVpjOU02MDRsQ05lb1VXbVI3LUJEeHloM2ZBaERWcV9meXFseGY3N0g4WWVIMWxqcXRiTmdWeDFMRkJjb3Z5S2pNVW14NVZVaUlQeGRKNjRVQ0tNb0wzYlA0d9IB6wFBVV95cUxOcW00d3Q3TnNMM3Y0MWU2Z2p1UDdJUF91N09CdnhlMmpTYXBTZmRZSXZMSkl4ekJacDZYMng4RURJMEVKTTZXalJObHp6M2k1cFFpX25aUThucElTZm5kbWxpRGkybFpKSzlYY3Z1RHRHS20tbWZIM0VoMkxub3FYVVJEWjBmZjdWWlJXRTgzVDJZVGZSenlUV195MDc5elVNUl96M2tZN2hBbkdEeGdqMURySGRyalliRHBPTDB6WEhkTGkwdVpBS21kWEM2UzR2bGtJSFN3ZzFicmdmV3pTVEExa2lOd2lrMno4?oc=5\" target=\"_blank\" rel=\"nofollow noopener\">El mayor thriller de acci\u00f3n de Netflix tiene fecha de estreno para su regreso. Aqu\u00ed est\u00e1 el primer&#8230;<\/a>&nbsp;&nbsp;Espinof<\/li>\n<li><a href=\"https:\/\/news.google.com\/rss\/articles\/CBMiuAFBVV95cUxOMVNtMWR3a3RCT2diSDIwZHhyRE5KTFNoOWtPT28tNEFxZWRObkdTcFRHdUYycXdSNkRPZ2tfdWl1dDhGdHplOWlVWXM3dTlnRGtYQWI3MWVyVHJ3enlTUEhraXpuTGk0ZG9wUHhmaGhXZTJLUWxrZ3BfNUhmcnNFQlRyT2F2dUxFTlRYNjB2MXlLYnBSVWJrVDJNMG14R1FnYy1LckxrckN2M1ZmcFVaaGVCdGpQSXBy?oc=5\" target=\"_blank\" rel=\"nofollow noopener\">La temporada 3 de \u201cThe Night Agent\u201d tiene fecha de estreno inminente en Netflix<\/a>&nbsp;&nbsp;aeroagora.com.br<\/li>\n<li><a href=\"https:\/\/news.google.com\/rss\/articles\/CBMi1gFBVV95cUxQQ2RYQXZMa2N0YXNKQUNBeWwtNGhGSzViUWJiNzVZbGxqbENOYnhuRnpDYU5zNW5uQ1dEa1M4YkFkR1ZvQnI1cGdMRXppS25hbXlpV2czbkY5M3JkdmVhU2Rjcko2NUNTc3RNeU9zWHhGdXNtUlVnZFdndG5OdndDaWR1bTNjbWxPWnFzeGdjVThZRWxpZjlIN2NHMDBnU3ZXS1RWOGRkc2RrOGw2bUhFaDlqUzgyVC1EWXF4cTQ2dHlzQVREX1JDQnVQRk83VHk0N19QSG1B0gHbAUFVX3lxTE43OXhPd0ZlckYtQ2hhRWFReTJWVkdUS3NQZzRtZFpISW0xX3dTajdmVF9BcDRhdFJzWFFISk9NVE9RcmRFVlVfNUNyQnhKdUoxYW56VHhPTGQzbHZHbzRZRkFUREtIclExZjRFOGk5QmF4bFpFQ2VaLThIWkFsYTM1bEs5ZWtMVThLMm94MnpvZ2JHY01ZWWlaM2JvSC1fOGZqaW1XVnhhYzZ5Si1WUmNYWi1IZE9acWxUR0dHeUp5QUphSUkyTWg4Um5EVUtoRU92UkU2Q0NuRlhEbw?oc=5\" target=\"_blank\" rel=\"nofollow noopener\">El agente nocturno fija fecha de estreno y a su protagonista para su temporada 3<\/a>&nbsp;&nbsp;mundiario.com<\/li>\n<li><a href=\"https:\/\/news.google.com\/rss\/articles\/CBMiygFBVV95cUxOb3dzWUlJZWpHb0hKSUFXUzhKUmVXLUlYdU96ZGFPYk9ZdVZlR01tTzF2RE85aWhhM3NzWDNWdTVpQnE2X3ozVE1yb0xxYXlOWnVBVzh5Rkx5S2JwMDljcS1Fem15M2sxNlpoRjNvUWhxVlgwTTk0dmpDSXp4ZkVYM2l0TlJacndBSUl5UVdGM0RVRmZleUNvVkYzb2F1QjR3LVl1ZTltWnRuQ0MtRHRVdWxzOXBwZG9sSU0yQ0VKX3RHZmFIcFQwbVZR0gHPAUFVX3lxTE1WeF9RM1BhdHA3MnFRcjIwOGxLbnJzdW5EaEhCRFY3YUNnSV9jdlhuTGtVT1JZU2c1VnZNdW5BY1VJVi1Ud1B4cmpZQkdTZ2U0NDB3a1NHb016SV9WVi01Z0JuZWtNOHljYU5IbWwwSUJlME41RENKdGR6TUhFYjAxdTFFWDlwM05fN1BySW5rWkhGNjV1MlV1WGV3UnJYNlJSNGhEQjFfd1ZmcXdORi1oUU1TRkJEOVgwOEZySXZsY1NFLS12aGtuNkxFRVBzNA?oc=5\" target=\"_blank\" rel=\"nofollow noopener\">El Agente Nocturno regresar\u00e1 a Netflix con su tercera temporada el 19 de febrero de 2026<\/a>&nbsp;&nbsp;Diario Mendoza<\/li>\n<\/ol>\n","protected":false},"excerpt":{"rendered":"La miniserie Top 1 de Netflix confirma su tercera temporada: ya tiene fecha de estreno y es perfecta&hellip;\n","protected":false},"author":2,"featured_media":248356,"comment_status":"","ping_status":"","sticky":false,"template":"","format":"standard","meta":{"footnotes":""},"categories":[171],"tags":[146,147,25,24,23,214],"class_list":{"0":"post-272594","1":"post","2":"type-post","3":"status-publish","4":"format-standard","5":"has-post-thumbnail","7":"category-tv","8":"tag-entertainment","9":"tag-entretenimiento","10":"tag-es","11":"tag-espana","12":"tag-spain","13":"tag-tv"},"share_on_mastodon":{"url":"https:\/\/pubeurope.com\/@es\/115667357262479031","error":""},"_links":{"self":[{"href":"https:\/\/www.europesays.com\/es\/wp-json\/wp\/v2\/posts\/272594","targetHints":{"allow":["GET"]}}],"collection":[{"href":"https:\/\/www.europesays.com\/es\/wp-json\/wp\/v2\/posts"}],"about":[{"href":"https:\/\/www.europesays.com\/es\/wp-json\/wp\/v2\/types\/post"}],"author":[{"embeddable":true,"href":"https:\/\/www.europesays.com\/es\/wp-json\/wp\/v2\/users\/2"}],"replies":[{"embeddable":true,"href":"https:\/\/www.europesays.com\/es\/wp-json\/wp\/v2\/comments?post=272594"}],"version-history":[{"count":0,"href":"https:\/\/www.europesays.com\/es\/wp-json\/wp\/v2\/posts\/272594\/revisions"}],"wp:featuredmedia":[{"embeddable":true,"href":"https:\/\/www.europesays.com\/es\/wp-json\/wp\/v2\/media\/248356"}],"wp:attachment":[{"href":"https:\/\/www.europesays.com\/es\/wp-json\/wp\/v2\/media?parent=272594"}],"wp:term":[{"taxonomy":"category","embeddable":true,"href":"https:\/\/www.europesays.com\/es\/wp-json\/wp\/v2\/categories?post=272594"},{"taxonomy":"post_tag","embeddable":true,"href":"https:\/\/www.europesays.com\/es\/wp-json\/wp\/v2\/tags?post=272594"}],"curies":[{"name":"wp","href":"https:\/\/api.w.org\/{rel}","templated":true}]}}