{"id":272608,"date":"2025-12-05T14:17:16","date_gmt":"2025-12-05T14:17:16","guid":{"rendered":"https:\/\/www.europesays.com\/es\/272608\/"},"modified":"2025-12-05T14:17:16","modified_gmt":"2025-12-05T14:17:16","slug":"ultima-hora-de-la-actualidad-politica-en-directo-feijoo-llama-cacique-a-abascal-y-arremete-contra-el-en-la-campana-electoral-extremena-nuestros-candidatos-no-son-marione","status":"publish","type":"post","link":"https:\/\/www.europesays.com\/es\/272608\/","title":{"rendered":"\u00daltima hora de la actualidad pol\u00edtica, en directo | Feij\u00f3o llama \u201ccacique\u201d a Abascal y arremete contra \u00e9l en la campa\u00f1a electoral extreme\u00f1a: \u201cNuestros candidatos no son marionetas\u201d | Espa\u00f1a"},"content":{"rendered":"<p class=\"ev-title\">Feij\u00f3o llama \u201ccacique\u201d a Abascal y arremete contra \u00e9l en la campa\u00f1a electoral extreme\u00f1a: \u00abNuestros candidatos no son marionetas\u00bb<\/p>\n<p>El l\u00edder del Partido Popular, Alberto N\u00fa\u00f1ez Feij\u00f3o, ha arremetido contra el presidente de Vox, Santiago Abascal, al que acusa de \u00abcaciquear\u00bb con los candidatos electorales durante la campa\u00f1a en Extremadura: \u201cNuestros candidatos no son marionetas que las movemos con hilos, y los decidimos en Madrid\u201d, ha dicho el l\u00edder del PP durante una visita a una queser\u00eda de Casar de C\u00e1ceres, donde ha acudido esta ma\u00f1ana para apoyar la candidatura de Mar\u00eda Guardiola.<\/p>\n<p>Sus declaraciones llegan despu\u00e9s de que Abascal advirtiera en una entrevista en el peri\u00f3dico extreme\u00f1o Hoy, con relaci\u00f3n a la posici\u00f3n de los conservadores de no pactar con Vox, que \u201csi Guardiola se empecina, quiz\u00e1 el PP tenga que cambiar de candidatos\u00bb. \u201cEse tipo de conversaci\u00f3n en Vox es posible, en mi partido es imposible. En mi partido no es posible caciquear a estas alturas con candidatos prefabricados decididos por una \u00fanica persona\u201d, ha apuntado Feij\u00f3o.\u00a0<\/p>\n<p>\u201cLo que se decide el pr\u00f3ximo 21 de este mes va a marcar los pr\u00f3ximos a\u00f1os en Extremadura, por supuesto, pero me atrevo a decir que va a marcar los pr\u00f3ximos a\u00f1os de Espa\u00f1a\u201d, ha indicado del jefe de los populares, que ha a\u00f1adido que estamos en un pa\u00eds \u201cque vive en una decadencia pol\u00edtica y en un desgobierno continuado\u201d. A su parecer, tras las elecciones del 21 de diciembre, \u201cExtremadura puede convertirse en el referente de sensatez, en el referente de la pol\u00edtica \u00fatil, en el referente de pol\u00edticos honestos y en el referente de una tierra libre\u201d.<\/p>\n","protected":false},"excerpt":{"rendered":"Feij\u00f3o llama \u201ccacique\u201d a Abascal y arremete contra \u00e9l en la campa\u00f1a electoral extreme\u00f1a: \u00abNuestros candidatos no son&hellip;\n","protected":false},"author":2,"featured_media":272609,"comment_status":"","ping_status":"","sticky":false,"template":"","format":"standard","meta":{"footnotes":""},"categories":[8],"tags":[6069,17,18,25,24,13,14,11,3837,19,20,9,10,15,16,2959,952,956,1699,23,4453,12,21,22,4454],"class_list":{"0":"post-272608","1":"post","2":"type-post","3":"status-publish","4":"format-standard","5":"has-post-thumbnail","7":"category-espana","8":"tag-alberto-nunez-feijoo","9":"tag-breaking-news","10":"tag-breakingnews","11":"tag-es","12":"tag-espana","13":"tag-featured-news","14":"tag-featurednews","15":"tag-headlines","16":"tag-juntsxcat","17":"tag-latest-news","18":"tag-latestnews","19":"tag-news","20":"tag-noticias","21":"tag-noticias-destacadas","22":"tag-noticiasdestacadas","23":"tag-pedro-sanchez","24":"tag-politica","25":"tag-pp","26":"tag-psoe","27":"tag-spain","28":"tag-sumar","29":"tag-titulares","30":"tag-ultimas-noticias","31":"tag-ultimasnoticias","32":"tag-yolanda-diaz"},"share_on_mastodon":{"url":"","error":"Validation failed: Text character limit of 500 exceeded"},"_links":{"self":[{"href":"https:\/\/www.europesays.com\/es\/wp-json\/wp\/v2\/posts\/272608","targetHints":{"allow":["GET"]}}],"collection":[{"href":"https:\/\/www.europesays.com\/es\/wp-json\/wp\/v2\/posts"}],"about":[{"href":"https:\/\/www.europesays.com\/es\/wp-json\/wp\/v2\/types\/post"}],"author":[{"embeddable":true,"href":"https:\/\/www.europesays.com\/es\/wp-json\/wp\/v2\/users\/2"}],"replies":[{"embeddable":true,"href":"https:\/\/www.europesays.com\/es\/wp-json\/wp\/v2\/comments?post=272608"}],"version-history":[{"count":0,"href":"https:\/\/www.europesays.com\/es\/wp-json\/wp\/v2\/posts\/272608\/revisions"}],"wp:featuredmedia":[{"embeddable":true,"href":"https:\/\/www.europesays.com\/es\/wp-json\/wp\/v2\/media\/272609"}],"wp:attachment":[{"href":"https:\/\/www.europesays.com\/es\/wp-json\/wp\/v2\/media?parent=272608"}],"wp:term":[{"taxonomy":"category","embeddable":true,"href":"https:\/\/www.europesays.com\/es\/wp-json\/wp\/v2\/categories?post=272608"},{"taxonomy":"post_tag","embeddable":true,"href":"https:\/\/www.europesays.com\/es\/wp-json\/wp\/v2\/tags?post=272608"}],"curies":[{"name":"wp","href":"https:\/\/api.w.org\/{rel}","templated":true}]}}