{"id":272612,"date":"2025-12-05T14:23:14","date_gmt":"2025-12-05T14:23:14","guid":{"rendered":"https:\/\/www.europesays.com\/es\/272612\/"},"modified":"2025-12-05T14:23:14","modified_gmt":"2025-12-05T14:23:14","slug":"se-preparara-con-el-tenista-que-elimino-a-espana-de-la-copa-davis","status":"publish","type":"post","link":"https:\/\/www.europesays.com\/es\/272612\/","title":{"rendered":"se preparar\u00e1 con el tenista que elimin\u00f3 a Espa\u00f1a de la Copa Davis"},"content":{"rendered":"<p class=\"c-paragraph\">El murciano <a href=\"https:\/\/www.20minutos.es\/tags\/deportes\/carlos-alcaraz.html\" title=\"Carlos Alcaraz\" rel=\"nofollow noopener\" target=\"_blank\">Carlos Alcaraz<\/a> quiere <b>conseguir en 2026 el \u00fanico Grand Slam que le falta, el <a href=\"https:\/\/www.20minutos.es\/tags\/deportes\/open-de-australia.html\" title=\"Open de Australia\" rel=\"nofollow noopener\" target=\"_blank\">Open de Australia<\/a><\/b>. El n\u00famero uno del mundo se encuentra de vacaciones en Miami para resetear de la temporada que acaba de terminar y ponerse a punto para arrancar una nueva campa\u00f1a el pr\u00f3ximo 18 de enero.<\/p>\n<p class=\"c-paragraph\">El tenista de 22 a\u00f1os tiene configurada ya una pretemporada en la que no incluir\u00e1 otros torneos, pero s\u00ed una exhibici\u00f3n con Jannik Sinner el 10 de enero en Se\u00fal y <b>una preparaci\u00f3n en la Ferrero Tennis Academy junto a Flavio Cobolli<\/b>, el verdugo de Espa\u00f1a en la pasada Copa Davis, seg\u00fan ha informado <a href=\"https:\/\/www.marca.com\/tenis\/2025\/12\/03\/alcaraz-realizara-pretemporada-cobolli-heroe-italia-copa-davis.html\" rel=\"nofollow noreferrer noopener\" target=\"_blank\">Marca<\/a>.<\/p>\n<p class=\"c-paragraph\">Alcaraz volver\u00e1 al trabajo<b> el pr\u00f3ximo 13 de diciembre tras sus merecidas vacaciones<\/b> despu\u00e9s de ganar ocho t\u00edtulos este 2025. Lo har\u00e1 con sesiones f\u00edsicas hasta que el d\u00eda 17 tome contacto con las pistas.<\/p>\n<p class=\"c-paragraph\">Estar\u00e1 acompa\u00f1ado por Flavio Cobolli, el tenista italiano de 23 a\u00f1os y n\u00famero 22 del ranking ATP que conquist\u00f3 la Copa Davis hace unas semanas<b> al ganar a Jaume Munar <\/b>en el partido de la final ante Espa\u00f1a.<\/p>\n<p class=\"c-paragraph\">Carlos Alcaraz y \u00e9l solo se han enfrentado una vez en el circuito.<b> Fue en Roland Garros en 2023<\/b> y el n\u00famero uno del mundo se llev\u00f3 la victoria por 6-0, 6-2 y 7-5.<\/p>\n","protected":false},"excerpt":{"rendered":"El murciano Carlos Alcaraz quiere conseguir en 2026 el \u00fanico Grand Slam que le falta, el Open de&hellip;\n","protected":false},"author":2,"featured_media":272613,"comment_status":"","ping_status":"","sticky":false,"template":"","format":"standard","meta":{"footnotes":""},"categories":[274],"tags":[4736,415,168,25,24,11182,2078,2236,23,167,327,326],"class_list":{"0":"post-272612","1":"post","2":"type-post","3":"status-publish","4":"format-standard","5":"has-post-thumbnail","7":"category-tenis","8":"tag-alcaraz","9":"tag-carlos","10":"tag-deportes","11":"tag-es","12":"tag-espana","13":"tag-hoja","14":"tag-para","15":"tag-ruta","16":"tag-spain","17":"tag-sports","18":"tag-tenis","19":"tag-tennis"},"share_on_mastodon":{"url":"https:\/\/pubeurope.com\/@es\/115667416238000154","error":""},"_links":{"self":[{"href":"https:\/\/www.europesays.com\/es\/wp-json\/wp\/v2\/posts\/272612","targetHints":{"allow":["GET"]}}],"collection":[{"href":"https:\/\/www.europesays.com\/es\/wp-json\/wp\/v2\/posts"}],"about":[{"href":"https:\/\/www.europesays.com\/es\/wp-json\/wp\/v2\/types\/post"}],"author":[{"embeddable":true,"href":"https:\/\/www.europesays.com\/es\/wp-json\/wp\/v2\/users\/2"}],"replies":[{"embeddable":true,"href":"https:\/\/www.europesays.com\/es\/wp-json\/wp\/v2\/comments?post=272612"}],"version-history":[{"count":0,"href":"https:\/\/www.europesays.com\/es\/wp-json\/wp\/v2\/posts\/272612\/revisions"}],"wp:featuredmedia":[{"embeddable":true,"href":"https:\/\/www.europesays.com\/es\/wp-json\/wp\/v2\/media\/272613"}],"wp:attachment":[{"href":"https:\/\/www.europesays.com\/es\/wp-json\/wp\/v2\/media?parent=272612"}],"wp:term":[{"taxonomy":"category","embeddable":true,"href":"https:\/\/www.europesays.com\/es\/wp-json\/wp\/v2\/categories?post=272612"},{"taxonomy":"post_tag","embeddable":true,"href":"https:\/\/www.europesays.com\/es\/wp-json\/wp\/v2\/tags?post=272612"}],"curies":[{"name":"wp","href":"https:\/\/api.w.org\/{rel}","templated":true}]}}