{"id":272623,"date":"2025-12-05T14:32:13","date_gmt":"2025-12-05T14:32:13","guid":{"rendered":"https:\/\/www.europesays.com\/es\/272623\/"},"modified":"2025-12-05T14:32:13","modified_gmt":"2025-12-05T14:32:13","slug":"dos-radioaficionados-logran-captar-la-senal-de-radio-valladolid-desde-una-isla-finlandesa-sociedad","status":"publish","type":"post","link":"https:\/\/www.europesays.com\/es\/272623\/","title":{"rendered":"Dos radioaficionados logran captar la se\u00f1al de Radio Valladolid desde una isla finlandesa | Sociedad"},"content":{"rendered":"<p class=\"loc\">Valladolid<\/p>\n<p>Esta es una historia del amor a la radio. Sus protagonistas son Jari y Timo. Tienen poco m\u00e1s de sesenta a\u00f1os. Desde hace m\u00e1s de cuatro d\u00e9cadas comparte una afici\u00f3n. Son algo as\u00ed como una especie de cazadores. No utilizan armas y sus presas no se pueden colgar de ninguna pared. Se mueven en un h\u00e1bitat que, en Espa\u00f1a, est\u00e1 en proceso de desaparici\u00f3n. Es la AM, la Onda Media radiof\u00f3nica.<\/p>\n<p>Peque\u00f1o inciso t\u00e9cnico (nuestros lectores boomers pueden hacer sonar en su cabeza la sinton\u00eda de la serie MacGyver, los que est\u00e9n por debajo de esa barrera generacional pueden buscarla en Youtube): la se\u00f1al de radio de Frecuencia Modulada, con mayor calidad, necesita de antenas situadas a mayor altura par emitir. Por eso, cuando circulamos en coche por una zona monta\u00f1osa o de orograf\u00eda compleja, la se\u00f1al pierde nitidez. La veterana Onda Media, vuela m\u00e1s lejos, pero lo hace con menor prestancia, por as\u00ed decirlo. Con menor altura de antena. Todo tiene ventajas e inconvenientes. En el caso que nos ocupa nos quedamos con las primeras.<\/p>\n<p>Jari y Timo han enviado un mensaje a la cuenta de Facebook de Radio Valladolid. Facebook es un poco la Onda Media de las redes sociales, por cierto. En ese mensaje se definen como \u00abdos entusiastas oyentes\u00bb. Ocurre que esa escucha la hacen a 4.000 kil\u00f3metros del lugar desde el que se emite nuestra programaci\u00f3n. <\/p>\n<p><img decoding=\"async\" src=\"https:\/\/www.europesays.com\/es\/wp-content\/uploads\/2025\/12\/ISVR6KKKJFHKJFZN2MNDHSYPYI.png\" alt=\"Jari y Timo, los dos radioaficionados finlandeses que han captado la se\u00f1al de Radio Valladolid\" width=\"4\" height=\"3\"  loading=\"lazy\"\/><\/p>\n<p>Jari y Timo, los dos radioaficionados finlandeses que han captado la se\u00f1al de Radio Valladolid \/ Cadena SER<\/p>\n<p>Ampliar<img decoding=\"async\" src=\"https:\/\/www.europesays.com\/es\/wp-content\/uploads\/2025\/12\/1764945132_530_ISVR6KKKJFHKJFZN2MNDHSYPYI.png\" alt=\"Jari y Timo, los dos radioaficionados finlandeses que han captado la se\u00f1al de Radio Valladolid\" width=\"4\" height=\"3\" loading=\"lazy\"\/><\/p>\n<p>Jari y Timo, los dos radioaficionados finlandeses que han captado la se\u00f1al de Radio Valladolid \/ Cadena SER<\/p>\n<p>Cerrar<\/p>\n<p>En concreto, en la isla Palossari, que \u00aben invierno est\u00e1 completamente deshabitada y, por lo tanto, excepcionalmente libre de interferencias\u00bb. Vaya, como en muchos pueblos de Castilla y Le\u00f3n. All\u00ed en su \u00abnuevo puesto de escucha\u00bb en Vuohij\u00e4rvi, \u00aba unos 50 km al norte de Kouvola\u00bb han sido capaces de &#8216;cazar&#8217; nuestra programaci\u00f3n. En concreto, un informativo matinal local. \u00bfQuieren saber c\u00f3mo sonamos en ese p\u00e1ramo finland\u00e9s? S\u00f3lo tienen quedarle al play:<\/p>\n<p>El c\u00f3digo iframe se ha copiado en el portapapeles<\/p>\n<p class=\"tit\">As\u00ed suena la se\u00f1al de Radio Valladolid captada en Finlandia por Onda Media<\/p>\n<p>00:00:0000:21<\/p>\n<p>FacebookTwitterLinkedinWhatsAppCerrar<\/p>\n<p>\u00abCon gran placer queremos informarles que hemos recibido su emisora\u00bb, dicen Jari y Timo. Aseguran que la \u00abalegr\u00eda de captar se\u00f1ales lejanas de Europa y del resto del mundo nos sigue inspirando cada d\u00eda\u00bb. Lo hacen con la ayuda de a antena de hilo de 500 metros \u00abcuidadosamente orientada hacia Europa Occidental para optimizar tambi\u00e9n la recepci\u00f3n de emisoras de baja potencia\u00bb. <\/p>\n<p>A estas alturas, los del &#8216;mimimi&#8217; estar\u00e1n pensando en voz muy alta: \u00ab\u00bfY por qu\u00e9 estos dos no escuchan la radio a trav\u00e9s de una aplicaci\u00f3n en el m\u00f3vil?\u00bb. Por suerte, en el planeta quedan personas capaces de no hacer todo apretando la pantalla del tel\u00e9fono. A trav\u00e9s de m\u00e9todos m\u00e1s anal\u00f3gicos, menos dependientes de que, vaya usted a saber, un apag\u00f3n nos ponga a todos a rebuscar esa radio a pilas que, seguro, ha vuelto a coger polvo en un caj\u00f3n. <\/p>\n<p>Y siguen explicando que \u00abgracias al entorno silencioso y a la longitud de la antena\u00bb, son capaces de captar se\u00f1ales que, a menudo, se pierden en \u00e1reas urbanas. Para la recepci\u00f3n utilizan un receptor Perseus SDR, que les permite grabar y analizar las se\u00f1ales \u00abcon precisi\u00f3n\u00bb. Ojo, porque la afici\u00f3n no es precisamente barata. Ese receptor cuesta algo m\u00e1s de 800 euros.<\/p>\n<p><img decoding=\"async\" src=\"https:\/\/www.europesays.com\/es\/wp-content\/uploads\/2025\/12\/S2DVO3XRS5GXXEIRR4WCGSBISI.webp\" alt=\"Receptor utilizado para captar la se\u00f1al\" width=\"1\" height=\"1\"  loading=\"lazy\"\/><\/p>\n<p>Receptor utilizado para captar la se\u00f1al \/ Cadena SER<\/p>\n<p>Ampliar<img decoding=\"async\" src=\"https:\/\/www.europesays.com\/es\/wp-content\/uploads\/2025\/12\/1764945133_368_S2DVO3XRS5GXXEIRR4WCGSBISI.webp\" alt=\"Receptor utilizado para captar la se\u00f1al\" width=\"1\" height=\"1\" loading=\"lazy\"\/><\/p>\n<p>Receptor utilizado para captar la se\u00f1al \/ Cadena SER<\/p>\n<p>Cerrar<\/p>\n<p>El fragmento capturado es del 28 de noviembre de 2025 a las 06:20 (horario de Greenwich) en el 1044, por donde todav\u00eda llega la se\u00f1al la SER a muchos pueblos de la provincia donde la recepci\u00f3n por FM presenta algunas dificultades. <\/p>\n<p>Nuestros nuevos oyentes -ya veremos si los podemos incluir en el EGM- dedican un \u00faltimo p\u00e1rrafo al que, la verdad, no le podemos quitar ni poner una coma. \u00abValoramos enormemente la dedicaci\u00f3n de emisoras locales como la suya, que llevan voces y cultura locales a las ondas. El hecho de que su se\u00f1al llegue hasta nuestra remota isla en Finlandia es un maravilloso testimonio de la magia de la radio, y estamos agradecidos de haberlo experimentado. Les deseamos a ustedes y a todo su equipo mucho \u00e9xito, se\u00f1ales fuertes y muchos oyentes fieles\u00bb. S\u00ed a todo, como cuando Windows nos pide instalar una actualizaci\u00f3n. <\/p>\n<p>Con \u00abcordiales saludos\u00bb -una f\u00f3rmula radiof\u00f3nica a m\u00e1s no poder- desde Finlandia, se despiden Jari y Timo. Gracias a las dos. Y a todos los que, a mucho de menos de 4.000 kil\u00f3metros nos escuchan cada d\u00eda. <\/p>\n","protected":false},"excerpt":{"rendered":"Valladolid Esta es una historia del amor a la radio. Sus protagonistas son Jari y Timo. Tienen poco&hellip;\n","protected":false},"author":2,"featured_media":272624,"comment_status":"","ping_status":"","sticky":false,"template":"","format":"standard","meta":{"footnotes":""},"categories":[170],"tags":[146,147,25,24,184,185,23],"class_list":{"0":"post-272623","1":"post","2":"type-post","3":"status-publish","4":"format-standard","5":"has-post-thumbnail","7":"category-musica","8":"tag-entertainment","9":"tag-entretenimiento","10":"tag-es","11":"tag-espana","12":"tag-music","13":"tag-musica","14":"tag-spain"},"share_on_mastodon":{"url":"https:\/\/pubeurope.com\/@es\/115667452199354410","error":""},"_links":{"self":[{"href":"https:\/\/www.europesays.com\/es\/wp-json\/wp\/v2\/posts\/272623","targetHints":{"allow":["GET"]}}],"collection":[{"href":"https:\/\/www.europesays.com\/es\/wp-json\/wp\/v2\/posts"}],"about":[{"href":"https:\/\/www.europesays.com\/es\/wp-json\/wp\/v2\/types\/post"}],"author":[{"embeddable":true,"href":"https:\/\/www.europesays.com\/es\/wp-json\/wp\/v2\/users\/2"}],"replies":[{"embeddable":true,"href":"https:\/\/www.europesays.com\/es\/wp-json\/wp\/v2\/comments?post=272623"}],"version-history":[{"count":0,"href":"https:\/\/www.europesays.com\/es\/wp-json\/wp\/v2\/posts\/272623\/revisions"}],"wp:featuredmedia":[{"embeddable":true,"href":"https:\/\/www.europesays.com\/es\/wp-json\/wp\/v2\/media\/272624"}],"wp:attachment":[{"href":"https:\/\/www.europesays.com\/es\/wp-json\/wp\/v2\/media?parent=272623"}],"wp:term":[{"taxonomy":"category","embeddable":true,"href":"https:\/\/www.europesays.com\/es\/wp-json\/wp\/v2\/categories?post=272623"},{"taxonomy":"post_tag","embeddable":true,"href":"https:\/\/www.europesays.com\/es\/wp-json\/wp\/v2\/tags?post=272623"}],"curies":[{"name":"wp","href":"https:\/\/api.w.org\/{rel}","templated":true}]}}